{"id":2048,"date":"2012-11-09T15:42:14","date_gmt":"2012-11-09T18:42:14","guid":{"rendered":"http:\/\/www.curva1.com.ar\/?p=2048"},"modified":"2012-11-09T15:45:22","modified_gmt":"2012-11-09T18:45:22","slug":"doble-actividad-para-curva-1-durante-todo-el-fin-de-semana","status":"publish","type":"post","link":"https:\/\/curva1.com.ar\/?p=2048","title":{"rendered":"Doble actividad para Curva 1 durante todo el fin de semana"},"content":{"rendered":"<p><img loading=\"lazy\" decoding=\"async\" class=\"aligncenter  wp-image-2049\" title=\"cafafdts\" src=\"http:\/\/www.curva1.com.ar\/wp-content\/uploads\/2012\/11\/cafafdts.jpg\" alt=\"\" width=\"500\" height=\"314\" srcset=\"https:\/\/curva1.com.ar\/wp-content\/uploads\/2012\/11\/cafafdts.jpg 604w, https:\/\/curva1.com.ar\/wp-content\/uploads\/2012\/11\/cafafdts-300x188.jpg 300w\" sizes=\"auto, (max-width: 500px) 100vw, 500px\" \/><\/p>\n<p>DOBLE ACTIVIDAD en tendr\u00e1 Curva 1 este fin de semana, donde se desplegar\u00e1 para el lunes brindarle una amplia informaci\u00f3n motor.<\/p>\n<p><strong>Jos\u00e9 Bravo<\/strong> estar\u00e1 viajando hasta la ciudad de <strong>Baradero<\/strong>, en Buenos Aires, para cubrir el <strong>Gran Premio Ramiro Tot<\/strong>, carrera homenaje al piloto de karting de 11 a\u00f1os que falleci\u00f3 el a\u00f1o pasado en un tr\u00e1gico accidente.<\/p>\n<p>Esta competencia ha generado notable repercusi\u00f3n en el mundo del automovilismo mayor de argentina, donde equipos importantes como el JP Racing, Werner Competici\u00f3n, PSG16, C\u00e1ceres Competici\u00f3n y Schick Racing dar\u00e1n premios para los pilotos.<\/p>\n<blockquote><p><strong>Seguinos en\u00a0<a href=\"http:\/\/www.curva1kart.com.ar\/\" rel=\"nofollow nofollow\" target=\"_blank\">www.curva1kart.com.ar<\/a><\/strong><\/p><\/blockquote>\n<p><strong>Ariel Dupaus<\/strong> estar\u00e1 viajando hasta <strong>San Juan<\/strong>, para realizar la cobertura de la 9\u00ba fecha del <strong>Zonal Cuyano de Automovilismo<\/strong> y 2\u00ba cap\u00edtulo de los play off.<\/p>\n<p>Esta carrera ser\u00e1 importante para las aspiraciones de los mejores 8 de cada categor\u00eda que buscan consagrarse en el premio coronaci\u00f3n.<\/p>\n<blockquote><p><strong>Seguinos en\u00a0<a href=\"http:\/\/www.curva1.com.ar\/\" rel=\"nofollow nofollow\" target=\"_blank\">www.curva1.com.ar<\/a><\/strong><\/p><\/blockquote>\n","protected":false},"excerpt":{"rendered":"<p>DOBLE ACTIVIDAD en tendr\u00e1 Curva 1 este fin de semana, donde se desplegar\u00e1 para el<\/p>\n","protected":false},"author":1,"featured_media":2049,"comment_status":"open","ping_status":"closed","sticky":false,"template":"","format":"standard","meta":{"footnotes":""},"categories":[1],"tags":[],"class_list":["post-2048","post","type-post","status-publish","format-standard","has-post-thumbnail","hentry","category-zonal-cuyano"],"featured_image_urls":{"full":["https:\/\/curva1.com.ar\/wp-content\/uploads\/2012\/11\/cafafdts.jpg",604,380,false],"thumbnail":["https:\/\/curva1.com.ar\/wp-content\/uploads\/2012\/11\/cafafdts-150x150.jpg",150,150,true],"medium":["https:\/\/curva1.com.ar\/wp-content\/uploads\/2012\/11\/cafafdts-300x188.jpg",300,188,true],"medium_large":["https:\/\/curva1.com.ar\/wp-content\/uploads\/2012\/11\/cafafdts.jpg",604,380,false],"large":["https:\/\/curva1.com.ar\/wp-content\/uploads\/2012\/11\/cafafdts.jpg",604,380,false],"1536x1536":["https:\/\/curva1.com.ar\/wp-content\/uploads\/2012\/11\/cafafdts.jpg",604,380,false],"2048x2048":["https:\/\/curva1.com.ar\/wp-content\/uploads\/2012\/11\/cafafdts.jpg",604,380,false],"chromenews-featured":["https:\/\/curva1.com.ar\/wp-content\/uploads\/2012\/11\/cafafdts.jpg",604,380,false],"chromenews-large":["https:\/\/curva1.com.ar\/wp-content\/uploads\/2012\/11\/cafafdts.jpg",604,380,false],"chromenews-medium":["https:\/\/curva1.com.ar\/wp-content\/uploads\/2012\/11\/cafafdts.jpg",590,371,false]},"author_info":{"display_name":"Jos\u00e9 Bravo","author_link":"https:\/\/curva1.com.ar\/?author=1"},"category_info":"<a href=\"https:\/\/curva1.com.ar\/?cat=1\" rel=\"category\">Zonal Cuyano<\/a>","tag_info":"Zonal Cuyano","comment_count":"0","_links":{"self":[{"href":"https:\/\/curva1.com.ar\/index.php?rest_route=\/wp\/v2\/posts\/2048","targetHints":{"allow":["GET"]}}],"collection":[{"href":"https:\/\/curva1.com.ar\/index.php?rest_route=\/wp\/v2\/posts"}],"about":[{"href":"https:\/\/curva1.com.ar\/index.php?rest_route=\/wp\/v2\/types\/post"}],"author":[{"embeddable":true,"href":"https:\/\/curva1.com.ar\/index.php?rest_route=\/wp\/v2\/users\/1"}],"replies":[{"embeddable":true,"href":"https:\/\/curva1.com.ar\/index.php?rest_route=%2Fwp%2Fv2%2Fcomments&post=2048"}],"version-history":[{"count":5,"href":"https:\/\/curva1.com.ar\/index.php?rest_route=\/wp\/v2\/posts\/2048\/revisions"}],"predecessor-version":[{"id":2054,"href":"https:\/\/curva1.com.ar\/index.php?rest_route=\/wp\/v2\/posts\/2048\/revisions\/2054"}],"wp:featuredmedia":[{"embeddable":true,"href":"https:\/\/curva1.com.ar\/index.php?rest_route=\/wp\/v2\/media\/2049"}],"wp:attachment":[{"href":"https:\/\/curva1.com.ar\/index.php?rest_route=%2Fwp%2Fv2%2Fmedia&parent=2048"}],"wp:term":[{"taxonomy":"category","embeddable":true,"href":"https:\/\/curva1.com.ar\/index.php?rest_route=%2Fwp%2Fv2%2Fcategories&post=2048"},{"taxonomy":"post_tag","embeddable":true,"href":"https:\/\/curva1.com.ar\/index.php?rest_route=%2Fwp%2Fv2%2Ftags&post=2048"}],"curies":[{"name":"wp","href":"https:\/\/api.w.org\/{rel}","templated":true}]}}