{"id":20505,"date":"2016-11-07T16:26:06","date_gmt":"2016-11-07T19:26:06","guid":{"rendered":"http:\/\/www.curva1.com.ar\/?p=20505"},"modified":"2016-11-07T16:26:06","modified_gmt":"2016-11-07T19:26:06","slug":"como-seran-la-pruebas-para-autos-y-karting-en-san-martin","status":"publish","type":"post","link":"https:\/\/curva1.com.ar\/?p=20505","title":{"rendered":"C\u00f3mo ser\u00e1n la pruebas para autos y karting en San Mart\u00edn?"},"content":{"rendered":"<p><img loading=\"lazy\" decoding=\"async\" class=\"aligncenter size-full wp-image-20506\" src=\"http:\/\/www.curva1.com.ar\/wp-content\/uploads\/2016\/11\/sfdaf.jpg\" alt=\"sfdaf\" width=\"700\" height=\"352\" srcset=\"https:\/\/curva1.com.ar\/wp-content\/uploads\/2016\/11\/sfdaf.jpg 700w, https:\/\/curva1.com.ar\/wp-content\/uploads\/2016\/11\/sfdaf-600x302.jpg 600w\" sizes=\"auto, (max-width: 700px) 100vw, 700px\" \/><\/p>\n<p>Asociaci\u00f3n Volantes del Este (AVE) informa\u00a0el r\u00e9gimen de pruebas \u00a0para los pr\u00f3ximos d\u00edas, esperando los premios coronaci\u00f3n del Zonal Cuyano de Automovilismo y Campeonato Mendocino de Karting.<\/p>\n<p>El Aut\u00f3dromo Ciudad de San Mart\u00edn &#8220;no estar\u00e1 disponible&#8221; para pruebas el s\u00e1bado 12 de noviembre, debido a la realizaci\u00f3n del Track Day Argentino.<\/p>\n<p><strong>ZONAL CUYANO<\/strong><\/p>\n<p>Esperando la S\u00faper Definici\u00f3n en la carrera de\u00a019 y 20 de noviembre en San Mart\u00edn, AVE a dispuesto que habr\u00e1 pruebas &#8220;exclusivas&#8221; para autos los d\u00edas\u00a0viernes 11 y domingo 13 de noviembre, de 14 a 19 horas.<\/p>\n<p><strong>KARTING<\/strong><\/p>\n<p>El campeonato finaliza el domingo 27 de noviembre en el Kart\u00f3dromo de San Mart\u00edn y para ello se podr\u00e1 girar el s\u00e1bado 26, como es habitual.<\/p>\n<p>El 19 y 20 no se podr\u00e1 probar, debido a la carrera del Zonal Cuyano. Por tanto, si se lo podr\u00e1 hacer el viernes 11 y domingo 13 de noviembre\u00a0&#8220;\u00fanicamente&#8221; de 9\u00a0a 14 horas, estando tambi\u00e9n disponible el circuito el resto de los d\u00edas en cualquier horario.<\/p>\n<p>&nbsp;<\/p>\n","protected":false},"excerpt":{"rendered":"<p>Asociaci\u00f3n Volantes del Este (AVE) informa\u00a0el r\u00e9gimen de pruebas \u00a0para los pr\u00f3ximos d\u00edas, esperando los<\/p>\n","protected":false},"author":1,"featured_media":20506,"comment_status":"closed","ping_status":"closed","sticky":false,"template":"","format":"standard","meta":{"footnotes":""},"categories":[4,1],"tags":[],"class_list":["post-20505","post","type-post","status-publish","format-standard","has-post-thumbnail","hentry","category-karting","category-zonal-cuyano"],"featured_image_urls":{"full":["https:\/\/curva1.com.ar\/wp-content\/uploads\/2016\/11\/sfdaf.jpg",700,352,false],"thumbnail":["https:\/\/curva1.com.ar\/wp-content\/uploads\/2016\/11\/sfdaf-300x169.jpg",300,169,true],"medium":["https:\/\/curva1.com.ar\/wp-content\/uploads\/2016\/11\/sfdaf-600x302.jpg",600,302,true],"medium_large":["https:\/\/curva1.com.ar\/wp-content\/uploads\/2016\/11\/sfdaf.jpg",640,322,false],"large":["https:\/\/curva1.com.ar\/wp-content\/uploads\/2016\/11\/sfdaf.jpg",640,322,false],"1536x1536":["https:\/\/curva1.com.ar\/wp-content\/uploads\/2016\/11\/sfdaf.jpg",700,352,false],"2048x2048":["https:\/\/curva1.com.ar\/wp-content\/uploads\/2016\/11\/sfdaf.jpg",700,352,false],"chromenews-featured":["https:\/\/curva1.com.ar\/wp-content\/uploads\/2016\/11\/sfdaf.jpg",700,352,false],"chromenews-large":["https:\/\/curva1.com.ar\/wp-content\/uploads\/2016\/11\/sfdaf.jpg",700,352,false],"chromenews-medium":["https:\/\/curva1.com.ar\/wp-content\/uploads\/2016\/11\/sfdaf.jpg",590,297,false]},"author_info":{"display_name":"Jos\u00e9 Bravo","author_link":"https:\/\/curva1.com.ar\/?author=1"},"category_info":"<a href=\"https:\/\/curva1.com.ar\/?cat=4\" rel=\"category\">Karting Asfalto<\/a> <a href=\"https:\/\/curva1.com.ar\/?cat=1\" rel=\"category\">Zonal Cuyano<\/a>","tag_info":"Zonal Cuyano","comment_count":"0","_links":{"self":[{"href":"https:\/\/curva1.com.ar\/index.php?rest_route=\/wp\/v2\/posts\/20505","targetHints":{"allow":["GET"]}}],"collection":[{"href":"https:\/\/curva1.com.ar\/index.php?rest_route=\/wp\/v2\/posts"}],"about":[{"href":"https:\/\/curva1.com.ar\/index.php?rest_route=\/wp\/v2\/types\/post"}],"author":[{"embeddable":true,"href":"https:\/\/curva1.com.ar\/index.php?rest_route=\/wp\/v2\/users\/1"}],"replies":[{"embeddable":true,"href":"https:\/\/curva1.com.ar\/index.php?rest_route=%2Fwp%2Fv2%2Fcomments&post=20505"}],"version-history":[{"count":1,"href":"https:\/\/curva1.com.ar\/index.php?rest_route=\/wp\/v2\/posts\/20505\/revisions"}],"predecessor-version":[{"id":20507,"href":"https:\/\/curva1.com.ar\/index.php?rest_route=\/wp\/v2\/posts\/20505\/revisions\/20507"}],"wp:featuredmedia":[{"embeddable":true,"href":"https:\/\/curva1.com.ar\/index.php?rest_route=\/wp\/v2\/media\/20506"}],"wp:attachment":[{"href":"https:\/\/curva1.com.ar\/index.php?rest_route=%2Fwp%2Fv2%2Fmedia&parent=20505"}],"wp:term":[{"taxonomy":"category","embeddable":true,"href":"https:\/\/curva1.com.ar\/index.php?rest_route=%2Fwp%2Fv2%2Fcategories&post=20505"},{"taxonomy":"post_tag","embeddable":true,"href":"https:\/\/curva1.com.ar\/index.php?rest_route=%2Fwp%2Fv2%2Ftags&post=20505"}],"curies":[{"name":"wp","href":"https:\/\/api.w.org\/{rel}","templated":true}]}}