{"id":20562,"date":"2016-11-30T14:12:45","date_gmt":"2016-11-30T17:12:45","guid":{"rendered":"http:\/\/www.curva1.com.ar\/?p=20562"},"modified":"2016-11-30T14:12:45","modified_gmt":"2016-11-30T17:12:45","slug":"berni-llaver-espera-y-analiza-equipos-para-el-super-tc2000","status":"publish","type":"post","link":"https:\/\/curva1.com.ar\/?p=20562","title":{"rendered":"Berni Llaver espera y analiza equipos para el S\u00faper TC2000"},"content":{"rendered":"<p><img loading=\"lazy\" decoding=\"async\" class=\"aligncenter size-full wp-image-20563\" src=\"http:\/\/www.curva1.com.ar\/wp-content\/uploads\/2016\/11\/image583cf93961a353.39446464.jpg\" alt=\"image583cf93961a353-39446464\" width=\"1196\" height=\"894\" srcset=\"https:\/\/curva1.com.ar\/wp-content\/uploads\/2016\/11\/image583cf93961a353.39446464.jpg 1196w, https:\/\/curva1.com.ar\/wp-content\/uploads\/2016\/11\/image583cf93961a353.39446464-451x337.jpg 451w, https:\/\/curva1.com.ar\/wp-content\/uploads\/2016\/11\/image583cf93961a353.39446464-768x574.jpg 768w, https:\/\/curva1.com.ar\/wp-content\/uploads\/2016\/11\/image583cf93961a353.39446464-1024x765.jpg 1024w\" sizes=\"auto, (max-width: 1196px) 100vw, 1196px\" \/><\/p>\n<p>El sanmartiniano corri\u00f3 por \u00faltima vez con el PSG16 Team y Chevrolet analiza su llegada. Otra opci\u00f3n: seguir con Fiat.<\/p>\n<p style=\"padding-left: 30px;\"><em>Diego Rafael Esp\u00f3sito &#8211; desposito@losandes.com.ar<\/em><\/p>\n<p>Ese buzo antiflama que sud\u00f3 durante trece fines de semana y se empap\u00f3 de champ\u00e1n en Ober\u00e1, Toay, Alta Gracia y General Roca ya est\u00e1 en el caj\u00f3n de sus recuerdos. Bernardo Llaver se despidi\u00f3 del PSG16 Team siendo el mejor de una escuadra que no continuar\u00e1 defendiendo los colores de Fiat en 2017 ya que surgi\u00f3 la interesante propuesta de Citro\u00ebn.<\/p>\n<p>Durante la \u00faltima presentaci\u00f3n del sanmartiniano con el L\u00ednea en el Oscar Cabal\u00e9n se supo de la posibilidad de llegar al Pro Racing para subir a uno de los cinco Chevrolet Cruze.<\/p>\n<p>Habl\u00f3 antes, durante y despu\u00e9s del cierre de temporada en C\u00f3rdoba pero por el momento tiene incertidumbre porque los equipos se van armando y todav\u00eda no conoce su futuro dentro de la categor\u00eda, m\u00e1s all\u00e1 de erigirse como el tercer piloto m\u00e1s ganador de 2016 (con dos \u00e9xitos) por detr\u00e1s del monarca Agust\u00edn Canapino (cuatro victorias) y el subcampe\u00f3n Mat\u00edas Rossi (tres).<\/p>\n<p>\u201cChevrolet y el equipo tienen inter\u00e9s en que sea parte del plantel de pilotos, pero hay que esperar la determinaci\u00f3n que toma el patrocinador m\u00e1s importante\u201d, coment\u00f3 Llaver.<\/p>\n<p>Franco Vivian, actualmente fuera de actividad, volver\u00eda a la estructura y los rumores dicen que Norberto Fontana no seguir\u00eda con el mo\u00f1o dorado, por lo que Berni ingresar\u00eda en lugar del piloto arrecife\u00f1o.<\/p>\n<p>Entonces, el plantel estar\u00eda compuesto por Canapino, Llaver como contratado, Vivian, Facundo Conta y Manuel Mallo ya que Mat\u00edas Mu\u00f1oz Marchesi emigr\u00f3 al Peugeot Team.<\/p>\n<p>\u201cHabr\u00e1 que esperar, no queda otra; seguiremos en tratativas. Lo ideal ser\u00eda resolver la situaci\u00f3n cuanto antes\u201d, dijo.<\/p>\n<p><strong>\u00bfUna dupla bien cuyana?<\/strong><\/p>\n<p>En Villa Mercedes tiene una puerta abierta. All\u00ed est\u00e1 la sede del M&amp;M Group de Carlos Merlo, quien se quedar\u00e1 con dos L\u00ednea. Uno de ellos puede ser para Llaver en caso de no prosperar lo de Chevrolet. \u201cNo s\u00e9 qu\u00e9 har\u00e1 Fiat pero los autos se atender\u00e1n en San Luis y es una buena opci\u00f3n porque conozco a Merlo y al auto\u201d, dijo.<\/p>\n<p><strong>As\u00ed se arma el resto<\/strong><\/p>\n<p>En Renault Sport no hay chances: ante la salida de Christian Ledesma figuran Luis Jos\u00e9 Di Palma y Ricardo Risatti como candidatos para acompa\u00f1ar a Leonel Pern\u00eda, Emiliano Spataro, Facundo Ardusso e Ignacio Juli\u00e1n que siguen firmes.<\/p>\n<p>El PSG16 Team, que desde 2017 se denominar\u00e1 FDC, alistar\u00e1 tres C4 Lounge para Jos\u00e9 Manuel Urcera, Mart\u00edn Moggia y Esteban Guerrieri que se fue de Toyota. En su lugar estar\u00e1 Gabriel Ponce de Le\u00f3n para acompa\u00f1ar a Rossi, Rafael Morgenstern y Mat\u00edas Milla.<br \/>\nJunto a Mariano Werner y Mu\u00f1oz Marchesi estar\u00e1n Fabi\u00e1n Yannantuoni y Facundo Chapur en Peugeot. Dami\u00e1n Fineschi se qued\u00f3 sin butaca.<\/p>\n<p>Llegar\u00e1 otro equipo de la mano de V\u00edctor Rosso. A ra\u00edz de los proyectos que quedaron truncos (su idea era usar los Fiat L\u00ednea o recibir el apoyo de Volkswagen para alistar sendos Vento), decidi\u00f3 poner en pista dos Ford Focus que manejar\u00e1n su hijo Juan \u00c1ngel y Luciano Farroni para 2017.<\/p>\n<p>Escuder\u00eda Fe tiene inc\u00f3gnita en relaci\u00f3n al modelo de auto que utilizar\u00e1. Lucas Colombo Russell y Lucas Benamo siguen y una butaca quedar\u00e1 vacante por la baja de Farroni.<\/p>\n","protected":false},"excerpt":{"rendered":"<p>El sanmartiniano corri\u00f3 por \u00faltima vez con el PSG16 Team y Chevrolet analiza su llegada.<\/p>\n","protected":false},"author":1,"featured_media":20563,"comment_status":"closed","ping_status":"closed","sticky":false,"template":"","format":"standard","meta":{"footnotes":""},"categories":[6],"tags":[],"class_list":["post-20562","post","type-post","status-publish","format-standard","has-post-thumbnail","hentry","category-nacionales"],"featured_image_urls":{"full":["https:\/\/curva1.com.ar\/wp-content\/uploads\/2016\/11\/image583cf93961a353.39446464.jpg",1196,894,false],"thumbnail":["https:\/\/curva1.com.ar\/wp-content\/uploads\/2016\/11\/image583cf93961a353.39446464-300x169.jpg",300,169,true],"medium":["https:\/\/curva1.com.ar\/wp-content\/uploads\/2016\/11\/image583cf93961a353.39446464-451x337.jpg",451,337,true],"medium_large":["https:\/\/curva1.com.ar\/wp-content\/uploads\/2016\/11\/image583cf93961a353.39446464-768x574.jpg",640,478,true],"large":["https:\/\/curva1.com.ar\/wp-content\/uploads\/2016\/11\/image583cf93961a353.39446464-1024x765.jpg",640,478,true],"1536x1536":["https:\/\/curva1.com.ar\/wp-content\/uploads\/2016\/11\/image583cf93961a353.39446464.jpg",1196,894,false],"2048x2048":["https:\/\/curva1.com.ar\/wp-content\/uploads\/2016\/11\/image583cf93961a353.39446464.jpg",1196,894,false],"chromenews-featured":["https:\/\/curva1.com.ar\/wp-content\/uploads\/2016\/11\/image583cf93961a353.39446464.jpg",1024,765,false],"chromenews-large":["https:\/\/curva1.com.ar\/wp-content\/uploads\/2016\/11\/image583cf93961a353.39446464.jpg",769,575,false],"chromenews-medium":["https:\/\/curva1.com.ar\/wp-content\/uploads\/2016\/11\/image583cf93961a353.39446464.jpg",549,410,false]},"author_info":{"display_name":"Jos\u00e9 Bravo","author_link":"https:\/\/curva1.com.ar\/?author=1"},"category_info":"<a href=\"https:\/\/curva1.com.ar\/?cat=6\" rel=\"category\">Nacionales<\/a>","tag_info":"Nacionales","comment_count":"0","yoast_head":"<!-- This site is optimized with the Yoast SEO Premium plugin v14.7 - https:\/\/yoast.com\/wordpress\/plugins\/seo\/ -->\n<title>Berni Llaver espera y analiza equipos para el S\u00faper TC2000 - Curva 1<\/title>\n<meta name=\"robots\" content=\"index, follow\" \/>\n<meta name=\"googlebot\" content=\"index, follow, max-snippet:-1, max-image-preview:large, max-video-preview:-1\" \/>\n<meta name=\"bingbot\" content=\"index, follow, max-snippet:-1, max-image-preview:large, max-video-preview:-1\" \/>\n<link rel=\"canonical\" href=\"https:\/\/curva1.com.ar\/?p=20562\" \/>\n<meta property=\"og:locale\" content=\"en_US\" \/>\n<meta property=\"og:type\" content=\"article\" \/>\n<meta property=\"og:title\" content=\"Berni Llaver espera y analiza equipos para el S\u00faper TC2000 - Curva 1\" \/>\n<meta property=\"og:description\" content=\"El sanmartiniano corri\u00f3 por \u00faltima vez con el PSG16 Team y Chevrolet analiza su llegada.\" \/>\n<meta property=\"og:url\" content=\"https:\/\/curva1.com.ar\/?p=20562\" \/>\n<meta property=\"og:site_name\" content=\"Curva 1\" \/>\n<meta property=\"article:publisher\" content=\"https:\/\/www.facebook.com\/revistacurva1\/\" \/>\n<meta property=\"article:published_time\" content=\"2016-11-30T17:12:45+00:00\" \/>\n<meta property=\"og:image\" content=\"https:\/\/curva1.com.ar\/wp-content\/uploads\/2016\/11\/image583cf93961a353.39446464.jpg\" \/>\n\t<meta property=\"og:image:width\" content=\"1196\" \/>\n\t<meta property=\"og:image:height\" content=\"894\" \/>\n<meta property=\"fb:app_id\" content=\"1593067817533208\" \/>\n<meta name=\"twitter:card\" content=\"summary_large_image\" \/>\n<meta name=\"twitter:creator\" content=\"@curva1mendoza\" \/>\n<meta name=\"twitter:site\" content=\"@curva1mendoza\" \/>\n<script type=\"application\/ld+json\" class=\"yoast-schema-graph\">{\"@context\":\"https:\/\/schema.org\",\"@graph\":[{\"@type\":\"WebSite\",\"@id\":\"https:\/\/curva1.com.ar\/#website\",\"url\":\"https:\/\/curva1.com.ar\/\",\"name\":\"Curva 1\",\"description\":\"Automovilismo de Mendoza\",\"potentialAction\":[{\"@type\":\"SearchAction\",\"target\":\"https:\/\/curva1.com.ar\/?s={search_term_string}\",\"query-input\":\"required name=search_term_string\"}],\"inLanguage\":\"en-US\"},{\"@type\":\"ImageObject\",\"@id\":\"https:\/\/curva1.com.ar\/?p=20562#primaryimage\",\"inLanguage\":\"en-US\",\"url\":\"https:\/\/curva1.com.ar\/wp-content\/uploads\/2016\/11\/image583cf93961a353.39446464.jpg\",\"width\":1196,\"height\":894},{\"@type\":\"WebPage\",\"@id\":\"https:\/\/curva1.com.ar\/?p=20562#webpage\",\"url\":\"https:\/\/curva1.com.ar\/?p=20562\",\"name\":\"Berni Llaver espera y analiza equipos para el S\\u00faper TC2000 - Curva 1\",\"isPartOf\":{\"@id\":\"https:\/\/curva1.com.ar\/#website\"},\"primaryImageOfPage\":{\"@id\":\"https:\/\/curva1.com.ar\/?p=20562#primaryimage\"},\"datePublished\":\"2016-11-30T17:12:45+00:00\",\"dateModified\":\"2016-11-30T17:12:45+00:00\",\"author\":{\"@id\":\"https:\/\/curva1.com.ar\/#\/schema\/person\/f5fd12984d70df7314fbd9ab42f31033\"},\"inLanguage\":\"en-US\",\"potentialAction\":[{\"@type\":\"ReadAction\",\"target\":[\"https:\/\/curva1.com.ar\/?p=20562\"]}]},{\"@type\":[\"Person\"],\"@id\":\"https:\/\/curva1.com.ar\/#\/schema\/person\/f5fd12984d70df7314fbd9ab42f31033\",\"name\":\"Jos\\u00e9 Bravo\",\"image\":{\"@type\":\"ImageObject\",\"@id\":\"https:\/\/curva1.com.ar\/#personlogo\",\"inLanguage\":\"en-US\",\"url\":\"https:\/\/secure.gravatar.com\/avatar\/3ae0b1fdc6ddeb723a6e6c23609ed39de1d40a94b8112fd2c0c2032e2dabf28b?s=96&d=identicon&r=g\",\"caption\":\"Jos\\u00e9 Bravo\"}}]}<\/script>\n<!-- \/ Yoast SEO Premium plugin. -->","_links":{"self":[{"href":"https:\/\/curva1.com.ar\/index.php?rest_route=\/wp\/v2\/posts\/20562","targetHints":{"allow":["GET"]}}],"collection":[{"href":"https:\/\/curva1.com.ar\/index.php?rest_route=\/wp\/v2\/posts"}],"about":[{"href":"https:\/\/curva1.com.ar\/index.php?rest_route=\/wp\/v2\/types\/post"}],"author":[{"embeddable":true,"href":"https:\/\/curva1.com.ar\/index.php?rest_route=\/wp\/v2\/users\/1"}],"replies":[{"embeddable":true,"href":"https:\/\/curva1.com.ar\/index.php?rest_route=%2Fwp%2Fv2%2Fcomments&post=20562"}],"version-history":[{"count":1,"href":"https:\/\/curva1.com.ar\/index.php?rest_route=\/wp\/v2\/posts\/20562\/revisions"}],"predecessor-version":[{"id":20564,"href":"https:\/\/curva1.com.ar\/index.php?rest_route=\/wp\/v2\/posts\/20562\/revisions\/20564"}],"wp:featuredmedia":[{"embeddable":true,"href":"https:\/\/curva1.com.ar\/index.php?rest_route=\/wp\/v2\/media\/20563"}],"wp:attachment":[{"href":"https:\/\/curva1.com.ar\/index.php?rest_route=%2Fwp%2Fv2%2Fmedia&parent=20562"}],"wp:term":[{"taxonomy":"category","embeddable":true,"href":"https:\/\/curva1.com.ar\/index.php?rest_route=%2Fwp%2Fv2%2Fcategories&post=20562"},{"taxonomy":"post_tag","embeddable":true,"href":"https:\/\/curva1.com.ar\/index.php?rest_route=%2Fwp%2Fv2%2Ftags&post=20562"}],"curies":[{"name":"wp","href":"https:\/\/api.w.org\/{rel}","templated":true}]}}