{"id":20580,"date":"2016-12-05T22:07:48","date_gmt":"2016-12-06T01:07:48","guid":{"rendered":"http:\/\/www.curva1.com.ar\/?p=20580"},"modified":"2016-12-05T22:07:48","modified_gmt":"2016-12-06T01:07:48","slug":"doble-podio-de-caceres-en-el-premio-coronacion-del-tc2000","status":"publish","type":"post","link":"https:\/\/curva1.com.ar\/?p=20580","title":{"rendered":"Doble podio de C\u00e1ceres en el premio coronaci\u00f3n del TC2000"},"content":{"rendered":"<p><img loading=\"lazy\" decoding=\"async\" class=\"aligncenter size-full wp-image-20581\" src=\"http:\/\/www.curva1.com.ar\/wp-content\/uploads\/2016\/12\/hc_4511281.jpg\" alt=\"hc_4511281\" width=\"700\" height=\"465\" srcset=\"https:\/\/curva1.com.ar\/wp-content\/uploads\/2016\/12\/hc_4511281.jpg 700w, https:\/\/curva1.com.ar\/wp-content\/uploads\/2016\/12\/hc_4511281-507x337.jpg 507w\" sizes=\"auto, (max-width: 700px) 100vw, 700px\" \/><\/p>\n<p>Emmanuel C\u00e1ceres (Chevrolet Cruze-Pro Racing) finaliz\u00f3 segundo en el Gran Premio Coronaci\u00f3n del TC2000, disputado en el aut\u00f3dromo Ciudad de Paran\u00e1, provincia de Entre R\u00edos. De esta manera, el mendocino se despidi\u00f3 del \u201c1\u201d de manera espectacular, con dos podios en la \u00faltima cita del calendario.<\/p>\n<p>Con un sol radiante, la actividad del joven TC2000 comenz\u00f3 minutos antes de las 09:00hs con la prueba de Tanques Llenos. En esta tanda, C\u00e1ceres cronometr\u00f3 1m31s870\/1000 y gir\u00f3 3 vueltas al trazado entrerriano. El mendocino finaliz\u00f3 s\u00e9ptimo, a 0,884\/1000 de Diego Azar, el m\u00e1s veloz.<\/p>\n<p>Con un clima agobiante, la \u00faltima final del a\u00f1o se puso en marcha a las 12:22hs y Emmanuel C\u00e1ceres parti\u00f3 desde la quinta ubicaci\u00f3n, compartiendo fila con Mariano Pernia. Manuel Luque-Tomas Cingoali y Santiago Mallo-Marcelo Ciarrocchi largaron desde las primeras dos hileras.<\/p>\n<p>Al igual que en la carrera de ayer, C\u00e1ceres utiliz\u00f3 la largada para dar el golpe y avanzar varias ubicaciones. En los primeros instantes del Gran Premio Coronaci\u00f3n, el mendocino escal\u00f3 hasta la segunda ubicaci\u00f3n y empez\u00f3 a perseguir a Manuel Luque, el l\u00edder del pelot\u00f3n.<\/p>\n<p>Cumplidas las primeras vueltas, el santafesino comenz\u00f3 a escaparse en la vanguardia y el joven de San Mart\u00edn exprimi\u00f3 el potencial de su Chevolet Cruze, pero de a poco comenz\u00f3 a darse cuenta que era muy dif\u00edcil acercarse al puntero.<\/p>\n<p>Promediando la carrera, cuando la diferencia entre Luque y C\u00e1ceres era de casi seis segundos, ingres\u00f3 el Auto de Seguridad por el despiste de Sebasti\u00e1n Pereyra y esto le dio una chance al \u201cPiloto del Pueblo\u201d. Unos giros despu\u00e9s, se relanz\u00f3 la velocidad y el piloto del Pro Racing intent\u00f3 atacar al del \u201cAmbrogio Racing\u201d, pero no consigui\u00f3 cumplir con ese objetivo.<\/p>\n<p>A poco del final, el AS se volvi\u00f3 hacer presente en pista para remover el Ford Focus de Santiago Mallo, pero esta neutralizaci\u00f3n tampoco fue positiva para C\u00e1ceres, ya que no tuvo opci\u00f3n de presionar a Luque.<\/p>\n<p>Las vueltas se fueron consumiendo y el mendocino finaliz\u00f3 como escolta en la \u00faltima fecha del campeonato argentino de TC2000, el mismo que lo vio coronarse en la temporada anterior.<\/p>\n<p>En conferencia de prensa, \u201cPeluche\u201d coment\u00f3: \u201cPegamos un salto de calidad, mejoramos mucho de ayer a hoy. Terminar el a\u00f1o con un podio me pone muy contento. Creo que este es el camino para la temporada que viene\u201d.\u201d<\/p>\n<p>Emmanuel C\u00e1ceres cerr\u00f3 una temporada muy positiva y entreg\u00f3 el \u201c1\u201d en sus laterales de la mejor manera, siendo protagonista hasta la \u00faltima cita del calendario. El mendocino gan\u00f3 3 carreras en la temporada 2016 (Concordia, San Jorge y Buenos Aires), obtuvo una \u201cPole\u201d en el m\u00edtico G\u00e1lvez, consigui\u00f3 3 records de vuelta (Mendoza, Concordia y Concepci\u00f3n del Uruguay) y se mantuvo con chances de ser bicampe\u00f3n hasta la pen\u00faltima fecha.<\/p>\n<p>Balance m\u00e1s que positivo para el \u201cPiloto del Pueblo\u201d, que demostr\u00f3 a lo largo de todo el a\u00f1o su potencial profesional arriba de un auto de competici\u00f3n y una proyecci\u00f3n deportiva que a\u00fan no tiene techo.<\/p>\n<p><img loading=\"lazy\" decoding=\"async\" class=\"aligncenter size-full wp-image-20582\" src=\"http:\/\/www.curva1.com.ar\/wp-content\/uploads\/2016\/12\/hc_450782.jpg\" alt=\"hc_450782\" width=\"700\" height=\"394\" srcset=\"https:\/\/curva1.com.ar\/wp-content\/uploads\/2016\/12\/hc_450782.jpg 700w, https:\/\/curva1.com.ar\/wp-content\/uploads\/2016\/12\/hc_450782-300x169.jpg 300w, https:\/\/curva1.com.ar\/wp-content\/uploads\/2016\/12\/hc_450782-600x337.jpg 600w\" sizes=\"auto, (max-width: 700px) 100vw, 700px\" \/><\/p>\n","protected":false},"excerpt":{"rendered":"<p>Emmanuel C\u00e1ceres (Chevrolet Cruze-Pro Racing) finaliz\u00f3 segundo en el Gran Premio Coronaci\u00f3n del TC2000, disputado<\/p>\n","protected":false},"author":1,"featured_media":20581,"comment_status":"closed","ping_status":"closed","sticky":false,"template":"","format":"standard","meta":{"footnotes":""},"categories":[6],"tags":[],"class_list":["post-20580","post","type-post","status-publish","format-standard","has-post-thumbnail","hentry","category-nacionales"],"featured_image_urls":{"full":["https:\/\/curva1.com.ar\/wp-content\/uploads\/2016\/12\/hc_4511281.jpg",700,465,false],"thumbnail":["https:\/\/curva1.com.ar\/wp-content\/uploads\/2016\/12\/hc_4511281-300x169.jpg",300,169,true],"medium":["https:\/\/curva1.com.ar\/wp-content\/uploads\/2016\/12\/hc_4511281-507x337.jpg",507,337,true],"medium_large":["https:\/\/curva1.com.ar\/wp-content\/uploads\/2016\/12\/hc_4511281.jpg",640,425,false],"large":["https:\/\/curva1.com.ar\/wp-content\/uploads\/2016\/12\/hc_4511281.jpg",640,425,false],"1536x1536":["https:\/\/curva1.com.ar\/wp-content\/uploads\/2016\/12\/hc_4511281.jpg",700,465,false],"2048x2048":["https:\/\/curva1.com.ar\/wp-content\/uploads\/2016\/12\/hc_4511281.jpg",700,465,false],"chromenews-featured":["https:\/\/curva1.com.ar\/wp-content\/uploads\/2016\/12\/hc_4511281.jpg",700,465,false],"chromenews-large":["https:\/\/curva1.com.ar\/wp-content\/uploads\/2016\/12\/hc_4511281.jpg",700,465,false],"chromenews-medium":["https:\/\/curva1.com.ar\/wp-content\/uploads\/2016\/12\/hc_4511281.jpg",590,392,false]},"author_info":{"display_name":"Jos\u00e9 Bravo","author_link":"https:\/\/curva1.com.ar\/?author=1"},"category_info":"<a href=\"https:\/\/curva1.com.ar\/?cat=6\" rel=\"category\">Nacionales<\/a>","tag_info":"Nacionales","comment_count":"0","yoast_head":"<!-- This site is optimized with the Yoast SEO Premium plugin v14.7 - https:\/\/yoast.com\/wordpress\/plugins\/seo\/ -->\n<title>Doble podio de C\u00e1ceres en el premio coronaci\u00f3n del TC2000 - Curva 1<\/title>\n<meta name=\"robots\" content=\"index, follow\" \/>\n<meta name=\"googlebot\" content=\"index, follow, max-snippet:-1, max-image-preview:large, max-video-preview:-1\" \/>\n<meta name=\"bingbot\" content=\"index, follow, max-snippet:-1, max-image-preview:large, max-video-preview:-1\" \/>\n<link rel=\"canonical\" href=\"https:\/\/curva1.com.ar\/?p=20580\" \/>\n<meta property=\"og:locale\" content=\"en_US\" \/>\n<meta property=\"og:type\" content=\"article\" \/>\n<meta property=\"og:title\" content=\"Doble podio de C\u00e1ceres en el premio coronaci\u00f3n del TC2000 - Curva 1\" \/>\n<meta property=\"og:description\" content=\"Emmanuel C\u00e1ceres (Chevrolet Cruze-Pro Racing) finaliz\u00f3 segundo en el Gran Premio Coronaci\u00f3n del TC2000, disputado\" \/>\n<meta property=\"og:url\" content=\"https:\/\/curva1.com.ar\/?p=20580\" \/>\n<meta property=\"og:site_name\" content=\"Curva 1\" \/>\n<meta property=\"article:publisher\" content=\"https:\/\/www.facebook.com\/revistacurva1\/\" \/>\n<meta property=\"article:published_time\" content=\"2016-12-06T01:07:48+00:00\" \/>\n<meta property=\"og:image\" content=\"https:\/\/curva1.com.ar\/wp-content\/uploads\/2016\/12\/hc_4511281.jpg\" \/>\n\t<meta property=\"og:image:width\" content=\"700\" \/>\n\t<meta property=\"og:image:height\" content=\"465\" \/>\n<meta property=\"fb:app_id\" content=\"1593067817533208\" \/>\n<meta name=\"twitter:card\" content=\"summary_large_image\" \/>\n<meta name=\"twitter:creator\" content=\"@curva1mendoza\" \/>\n<meta name=\"twitter:site\" content=\"@curva1mendoza\" \/>\n<script type=\"application\/ld+json\" class=\"yoast-schema-graph\">{\"@context\":\"https:\/\/schema.org\",\"@graph\":[{\"@type\":\"WebSite\",\"@id\":\"https:\/\/curva1.com.ar\/#website\",\"url\":\"https:\/\/curva1.com.ar\/\",\"name\":\"Curva 1\",\"description\":\"Automovilismo de Mendoza\",\"potentialAction\":[{\"@type\":\"SearchAction\",\"target\":\"https:\/\/curva1.com.ar\/?s={search_term_string}\",\"query-input\":\"required name=search_term_string\"}],\"inLanguage\":\"en-US\"},{\"@type\":\"ImageObject\",\"@id\":\"https:\/\/curva1.com.ar\/?p=20580#primaryimage\",\"inLanguage\":\"en-US\",\"url\":\"https:\/\/curva1.com.ar\/wp-content\/uploads\/2016\/12\/hc_4511281.jpg\",\"width\":700,\"height\":465},{\"@type\":\"WebPage\",\"@id\":\"https:\/\/curva1.com.ar\/?p=20580#webpage\",\"url\":\"https:\/\/curva1.com.ar\/?p=20580\",\"name\":\"Doble podio de C\\u00e1ceres en el premio coronaci\\u00f3n del TC2000 - Curva 1\",\"isPartOf\":{\"@id\":\"https:\/\/curva1.com.ar\/#website\"},\"primaryImageOfPage\":{\"@id\":\"https:\/\/curva1.com.ar\/?p=20580#primaryimage\"},\"datePublished\":\"2016-12-06T01:07:48+00:00\",\"dateModified\":\"2016-12-06T01:07:48+00:00\",\"author\":{\"@id\":\"https:\/\/curva1.com.ar\/#\/schema\/person\/f5fd12984d70df7314fbd9ab42f31033\"},\"inLanguage\":\"en-US\",\"potentialAction\":[{\"@type\":\"ReadAction\",\"target\":[\"https:\/\/curva1.com.ar\/?p=20580\"]}]},{\"@type\":[\"Person\"],\"@id\":\"https:\/\/curva1.com.ar\/#\/schema\/person\/f5fd12984d70df7314fbd9ab42f31033\",\"name\":\"Jos\\u00e9 Bravo\",\"image\":{\"@type\":\"ImageObject\",\"@id\":\"https:\/\/curva1.com.ar\/#personlogo\",\"inLanguage\":\"en-US\",\"url\":\"https:\/\/secure.gravatar.com\/avatar\/3ae0b1fdc6ddeb723a6e6c23609ed39de1d40a94b8112fd2c0c2032e2dabf28b?s=96&d=identicon&r=g\",\"caption\":\"Jos\\u00e9 Bravo\"}}]}<\/script>\n<!-- \/ Yoast SEO Premium plugin. -->","_links":{"self":[{"href":"https:\/\/curva1.com.ar\/index.php?rest_route=\/wp\/v2\/posts\/20580","targetHints":{"allow":["GET"]}}],"collection":[{"href":"https:\/\/curva1.com.ar\/index.php?rest_route=\/wp\/v2\/posts"}],"about":[{"href":"https:\/\/curva1.com.ar\/index.php?rest_route=\/wp\/v2\/types\/post"}],"author":[{"embeddable":true,"href":"https:\/\/curva1.com.ar\/index.php?rest_route=\/wp\/v2\/users\/1"}],"replies":[{"embeddable":true,"href":"https:\/\/curva1.com.ar\/index.php?rest_route=%2Fwp%2Fv2%2Fcomments&post=20580"}],"version-history":[{"count":1,"href":"https:\/\/curva1.com.ar\/index.php?rest_route=\/wp\/v2\/posts\/20580\/revisions"}],"predecessor-version":[{"id":20583,"href":"https:\/\/curva1.com.ar\/index.php?rest_route=\/wp\/v2\/posts\/20580\/revisions\/20583"}],"wp:featuredmedia":[{"embeddable":true,"href":"https:\/\/curva1.com.ar\/index.php?rest_route=\/wp\/v2\/media\/20581"}],"wp:attachment":[{"href":"https:\/\/curva1.com.ar\/index.php?rest_route=%2Fwp%2Fv2%2Fmedia&parent=20580"}],"wp:term":[{"taxonomy":"category","embeddable":true,"href":"https:\/\/curva1.com.ar\/index.php?rest_route=%2Fwp%2Fv2%2Fcategories&post=20580"},{"taxonomy":"post_tag","embeddable":true,"href":"https:\/\/curva1.com.ar\/index.php?rest_route=%2Fwp%2Fv2%2Ftags&post=20580"}],"curies":[{"name":"wp","href":"https:\/\/api.w.org\/{rel}","templated":true}]}}