{"id":20588,"date":"2016-12-05T23:30:35","date_gmt":"2016-12-06T02:30:35","guid":{"rendered":"http:\/\/www.curva1.com.ar\/?p=20588"},"modified":"2016-12-06T16:35:36","modified_gmt":"2016-12-06T19:35:36","slug":"enorme-cierre-de-ano-para-matias-antolin-en-el-turismo-pista","status":"publish","type":"post","link":"https:\/\/curva1.com.ar\/?p=20588","title":{"rendered":"Enorme cierre de a\u00f1o para Mat\u00edas Antol\u00edn en el Turismo Pista"},"content":{"rendered":"<p><img loading=\"lazy\" decoding=\"async\" class=\"aligncenter size-full wp-image-20591\" src=\"http:\/\/www.curva1.com.ar\/wp-content\/uploads\/2016\/12\/15326181_1285443051498976_6546504388522852588_o.jpg\" alt=\"15326181_1285443051498976_6546504388522852588_o\" width=\"700\" height=\"394\" srcset=\"https:\/\/curva1.com.ar\/wp-content\/uploads\/2016\/12\/15326181_1285443051498976_6546504388522852588_o.jpg 700w, https:\/\/curva1.com.ar\/wp-content\/uploads\/2016\/12\/15326181_1285443051498976_6546504388522852588_o-300x169.jpg 300w, https:\/\/curva1.com.ar\/wp-content\/uploads\/2016\/12\/15326181_1285443051498976_6546504388522852588_o-600x337.jpg 600w\" sizes=\"auto, (max-width: 700px) 100vw, 700px\" \/><\/p>\n<p>Mat\u00edas Antol\u00edn cerr\u00f3 la temporada dentro de la Clase Tres de Turismo Pista en Paran\u00e1, cosechando un nuevo podio y estando nuevamente al alcance de la gloria. El piloto de San Rafael esperaba con ansias el momento de la final para demostrar una vez mas que el Chevrolet Classic era serio candidato al triunfo en la \u00faltima fecha del a\u00f1o, pero se encontr\u00f3 con un duro rival como Emiliano Gonz\u00e1lez que fue inquebrantable y domin\u00f3 la carrera con un ritmo espectacular desde la primera hasta la \u00faltima vuelta.<\/p>\n<p>El ataque del sanrafaelino comenz\u00f3 de mitad de carrera en adelante, pero no lleg\u00f3 a la l\u00ednea del l\u00edder y se qued\u00f3 con el segundo lugar para darle un gran final a una temporada brillante de todo el grupo que lo acompa\u00f1\u00f3 en esta tarea de poner en pista el auto, con gran esfuerzo y sacrificio. El tercer puesto en el campeonato habla a las claras de que se puede luchar contra las grandes estructuras, que el trabajo y el esfuerzo pueden reemplazar a veces a los grandes presupuestos, llegando a un resultado final como este.<\/p>\n<p>&#8220;Hoy cerramos el a\u00f1o de la misma manera que lo empezamos, trabajando en busca de un objetivo que era ser competitivos, lograr lo que vinimos a buscar en cada carrera y lo hicimos. Esta vez la liebre a correr era Emiliano Gonz\u00e1lez, a quien quisimos alcanzar como sea pero sin \u00e9xito porque ten\u00eda un ritmo excelente que si bien era parecido al nuestro se hac\u00eda dif\u00edcil llegar a su l\u00ednea. Para nosotros este es un cierre de a\u00f1o ideal, competitivos, con buen funcionamiento y con un auto que est\u00e1 en el punto \u00f3ptimo de su desarrollo, listo para ser nuevamente protagonista en 2017.<\/p>\n<p>Esto no podr\u00eda haber sido posible sin el aporte de los sponsors, de la gente que nos acompa\u00f1\u00f3 en cada cena, de los que nos dieron su apoyo en la pe\u00f1a y obviamente de la familia, que estuvo en todas carreras acompa\u00f1ando y por sobre todas las cosas mi viejo que labur\u00f3 tanto en el taller para presentar este auto en cada fecha con este funcionamiento. No me quiero olvidar de los muchachos del equipo, que laburaron como leones en cada carrera y se merecen este presente, a todos mi mas sincero agradecimiento, mi gratitud y esperamos el verano para ver como seguir en 2017&#8221; indic\u00f3 Mat\u00edas luego de una intensa final que le vali\u00f3 el segundo lugar y el tercero en el campeonato detr\u00e1s de Horacio Evolo (campe\u00f3n) y Jonathan Baldinelli.<\/p>\n<p>La pr\u00f3xima fecha, primera de la temporada 2017 se llevar\u00e1 a cabo el fin de semana del 17, 18 y 19 de febrero en el Aut\u00f3dromo &#8220;Hermanos Emiliozzi&#8221; de Olavarr\u00eda, Buenos Aires.<\/p>\n<p>Foto: Gentileza Fabio Vignolles, Prensa APTP<\/p>\n","protected":false},"excerpt":{"rendered":"<p>Mat\u00edas Antol\u00edn cerr\u00f3 la temporada dentro de la Clase Tres de Turismo Pista en Paran\u00e1,<\/p>\n","protected":false},"author":1,"featured_media":20591,"comment_status":"closed","ping_status":"closed","sticky":false,"template":"","format":"standard","meta":{"footnotes":""},"categories":[6],"tags":[],"class_list":["post-20588","post","type-post","status-publish","format-standard","has-post-thumbnail","hentry","category-nacionales"],"featured_image_urls":{"full":["https:\/\/curva1.com.ar\/wp-content\/uploads\/2016\/12\/15326181_1285443051498976_6546504388522852588_o.jpg",700,394,false],"thumbnail":["https:\/\/curva1.com.ar\/wp-content\/uploads\/2016\/12\/15326181_1285443051498976_6546504388522852588_o-300x169.jpg",300,169,true],"medium":["https:\/\/curva1.com.ar\/wp-content\/uploads\/2016\/12\/15326181_1285443051498976_6546504388522852588_o-600x337.jpg",600,337,true],"medium_large":["https:\/\/curva1.com.ar\/wp-content\/uploads\/2016\/12\/15326181_1285443051498976_6546504388522852588_o.jpg",640,360,false],"large":["https:\/\/curva1.com.ar\/wp-content\/uploads\/2016\/12\/15326181_1285443051498976_6546504388522852588_o.jpg",640,360,false],"1536x1536":["https:\/\/curva1.com.ar\/wp-content\/uploads\/2016\/12\/15326181_1285443051498976_6546504388522852588_o.jpg",700,394,false],"2048x2048":["https:\/\/curva1.com.ar\/wp-content\/uploads\/2016\/12\/15326181_1285443051498976_6546504388522852588_o.jpg",700,394,false],"chromenews-featured":["https:\/\/curva1.com.ar\/wp-content\/uploads\/2016\/12\/15326181_1285443051498976_6546504388522852588_o.jpg",700,394,false],"chromenews-large":["https:\/\/curva1.com.ar\/wp-content\/uploads\/2016\/12\/15326181_1285443051498976_6546504388522852588_o.jpg",700,394,false],"chromenews-medium":["https:\/\/curva1.com.ar\/wp-content\/uploads\/2016\/12\/15326181_1285443051498976_6546504388522852588_o.jpg",590,332,false]},"author_info":{"display_name":"Jos\u00e9 Bravo","author_link":"https:\/\/curva1.com.ar\/?author=1"},"category_info":"<a href=\"https:\/\/curva1.com.ar\/?cat=6\" rel=\"category\">Nacionales<\/a>","tag_info":"Nacionales","comment_count":"0","yoast_head":"<!-- This site is optimized with the Yoast SEO Premium plugin v14.7 - https:\/\/yoast.com\/wordpress\/plugins\/seo\/ -->\n<title>Enorme cierre de a\u00f1o para Mat\u00edas Antol\u00edn en el Turismo Pista - Curva 1<\/title>\n<meta name=\"robots\" content=\"index, follow\" \/>\n<meta name=\"googlebot\" content=\"index, follow, max-snippet:-1, max-image-preview:large, max-video-preview:-1\" \/>\n<meta name=\"bingbot\" content=\"index, follow, max-snippet:-1, max-image-preview:large, max-video-preview:-1\" \/>\n<link rel=\"canonical\" href=\"https:\/\/curva1.com.ar\/?p=20588\" \/>\n<meta property=\"og:locale\" content=\"en_US\" \/>\n<meta property=\"og:type\" content=\"article\" \/>\n<meta property=\"og:title\" content=\"Enorme cierre de a\u00f1o para Mat\u00edas Antol\u00edn en el Turismo Pista - Curva 1\" \/>\n<meta property=\"og:description\" content=\"Mat\u00edas Antol\u00edn cerr\u00f3 la temporada dentro de la Clase Tres de Turismo Pista en Paran\u00e1,\" \/>\n<meta property=\"og:url\" content=\"https:\/\/curva1.com.ar\/?p=20588\" \/>\n<meta property=\"og:site_name\" content=\"Curva 1\" \/>\n<meta property=\"article:publisher\" content=\"https:\/\/www.facebook.com\/revistacurva1\/\" \/>\n<meta property=\"article:published_time\" content=\"2016-12-06T02:30:35+00:00\" \/>\n<meta property=\"article:modified_time\" content=\"2016-12-06T19:35:36+00:00\" \/>\n<meta property=\"og:image\" content=\"https:\/\/curva1.com.ar\/wp-content\/uploads\/2016\/12\/15326181_1285443051498976_6546504388522852588_o.jpg\" \/>\n\t<meta property=\"og:image:width\" content=\"700\" \/>\n\t<meta property=\"og:image:height\" content=\"394\" \/>\n<meta property=\"fb:app_id\" content=\"1593067817533208\" \/>\n<meta name=\"twitter:card\" content=\"summary_large_image\" \/>\n<meta name=\"twitter:creator\" content=\"@curva1mendoza\" \/>\n<meta name=\"twitter:site\" content=\"@curva1mendoza\" \/>\n<script type=\"application\/ld+json\" class=\"yoast-schema-graph\">{\"@context\":\"https:\/\/schema.org\",\"@graph\":[{\"@type\":\"WebSite\",\"@id\":\"https:\/\/curva1.com.ar\/#website\",\"url\":\"https:\/\/curva1.com.ar\/\",\"name\":\"Curva 1\",\"description\":\"Automovilismo de Mendoza\",\"potentialAction\":[{\"@type\":\"SearchAction\",\"target\":\"https:\/\/curva1.com.ar\/?s={search_term_string}\",\"query-input\":\"required name=search_term_string\"}],\"inLanguage\":\"en-US\"},{\"@type\":\"ImageObject\",\"@id\":\"https:\/\/curva1.com.ar\/?p=20588#primaryimage\",\"inLanguage\":\"en-US\",\"url\":\"https:\/\/curva1.com.ar\/wp-content\/uploads\/2016\/12\/15326181_1285443051498976_6546504388522852588_o.jpg\",\"width\":700,\"height\":394},{\"@type\":\"WebPage\",\"@id\":\"https:\/\/curva1.com.ar\/?p=20588#webpage\",\"url\":\"https:\/\/curva1.com.ar\/?p=20588\",\"name\":\"Enorme cierre de a\\u00f1o para Mat\\u00edas Antol\\u00edn en el Turismo Pista - Curva 1\",\"isPartOf\":{\"@id\":\"https:\/\/curva1.com.ar\/#website\"},\"primaryImageOfPage\":{\"@id\":\"https:\/\/curva1.com.ar\/?p=20588#primaryimage\"},\"datePublished\":\"2016-12-06T02:30:35+00:00\",\"dateModified\":\"2016-12-06T19:35:36+00:00\",\"author\":{\"@id\":\"https:\/\/curva1.com.ar\/#\/schema\/person\/f5fd12984d70df7314fbd9ab42f31033\"},\"inLanguage\":\"en-US\",\"potentialAction\":[{\"@type\":\"ReadAction\",\"target\":[\"https:\/\/curva1.com.ar\/?p=20588\"]}]},{\"@type\":[\"Person\"],\"@id\":\"https:\/\/curva1.com.ar\/#\/schema\/person\/f5fd12984d70df7314fbd9ab42f31033\",\"name\":\"Jos\\u00e9 Bravo\",\"image\":{\"@type\":\"ImageObject\",\"@id\":\"https:\/\/curva1.com.ar\/#personlogo\",\"inLanguage\":\"en-US\",\"url\":\"https:\/\/secure.gravatar.com\/avatar\/3ae0b1fdc6ddeb723a6e6c23609ed39de1d40a94b8112fd2c0c2032e2dabf28b?s=96&d=identicon&r=g\",\"caption\":\"Jos\\u00e9 Bravo\"}}]}<\/script>\n<!-- \/ Yoast SEO Premium plugin. -->","_links":{"self":[{"href":"https:\/\/curva1.com.ar\/index.php?rest_route=\/wp\/v2\/posts\/20588","targetHints":{"allow":["GET"]}}],"collection":[{"href":"https:\/\/curva1.com.ar\/index.php?rest_route=\/wp\/v2\/posts"}],"about":[{"href":"https:\/\/curva1.com.ar\/index.php?rest_route=\/wp\/v2\/types\/post"}],"author":[{"embeddable":true,"href":"https:\/\/curva1.com.ar\/index.php?rest_route=\/wp\/v2\/users\/1"}],"replies":[{"embeddable":true,"href":"https:\/\/curva1.com.ar\/index.php?rest_route=%2Fwp%2Fv2%2Fcomments&post=20588"}],"version-history":[{"count":1,"href":"https:\/\/curva1.com.ar\/index.php?rest_route=\/wp\/v2\/posts\/20588\/revisions"}],"predecessor-version":[{"id":20592,"href":"https:\/\/curva1.com.ar\/index.php?rest_route=\/wp\/v2\/posts\/20588\/revisions\/20592"}],"wp:featuredmedia":[{"embeddable":true,"href":"https:\/\/curva1.com.ar\/index.php?rest_route=\/wp\/v2\/media\/20591"}],"wp:attachment":[{"href":"https:\/\/curva1.com.ar\/index.php?rest_route=%2Fwp%2Fv2%2Fmedia&parent=20588"}],"wp:term":[{"taxonomy":"category","embeddable":true,"href":"https:\/\/curva1.com.ar\/index.php?rest_route=%2Fwp%2Fv2%2Fcategories&post=20588"},{"taxonomy":"post_tag","embeddable":true,"href":"https:\/\/curva1.com.ar\/index.php?rest_route=%2Fwp%2Fv2%2Ftags&post=20588"}],"curies":[{"name":"wp","href":"https:\/\/api.w.org\/{rel}","templated":true}]}}