{"id":20593,"date":"2016-12-05T16:31:08","date_gmt":"2016-12-05T19:31:08","guid":{"rendered":"http:\/\/www.curva1.com.ar\/?p=20593"},"modified":"2016-12-06T16:34:47","modified_gmt":"2016-12-06T19:34:47","slug":"jalaf-cerro-con-un-nuevo-ano-junto-al-turismo-carretera","status":"publish","type":"post","link":"https:\/\/curva1.com.ar\/?p=20593","title":{"rendered":"Jalaf cerr\u00f3 con un nuevo a\u00f1o junto al Turismo Carretera"},"content":{"rendered":"<p><img loading=\"lazy\" decoding=\"async\" class=\"aligncenter size-full wp-image-20594\" src=\"http:\/\/www.curva1.com.ar\/wp-content\/uploads\/2016\/12\/15259442_10154790807199568_6171323278379645626_o.jpg\" alt=\"15259442_10154790807199568_6171323278379645626_o\" width=\"700\" height=\"394\" srcset=\"https:\/\/curva1.com.ar\/wp-content\/uploads\/2016\/12\/15259442_10154790807199568_6171323278379645626_o.jpg 700w, https:\/\/curva1.com.ar\/wp-content\/uploads\/2016\/12\/15259442_10154790807199568_6171323278379645626_o-300x169.jpg 300w, https:\/\/curva1.com.ar\/wp-content\/uploads\/2016\/12\/15259442_10154790807199568_6171323278379645626_o-600x337.jpg 600w\" sizes=\"auto, (max-width: 700px) 100vw, 700px\" \/><\/p>\n<p>Tras un fin de semana complicado, Mat\u00edas Jalaf volvi\u00f3 a redondear un buen avance en la 15ta y \u00faltima fecha del Turismo Carretera, disputada en La Plata. Tras largar en la serie en el puesto 12 y avanzar lugares para llegar 10mo, el mendocino luego parti\u00f3 en la competencia final desde la 30ma ubicaci\u00f3n con el Torino del Indecar Racing, y pudo mantener su buena remontada para superar 10 rivales en carrera, arribando as\u00ed en el 20mo pues<span class=\"text_exposed_show\">to a la bandera cuadriculada, para as\u00ed seguir sumando puntos en el certamen anual.<\/span><\/p>\n<p><span class=\"text_exposed_show\"><strong>\u201cVolvimos a avanzar sin cometer errores, aprovechando algunas circunstancias y tambi\u00e9n ganando puestos en una carrera que se hizo muy dif\u00edcil por el calor en pista y la falta de grip general, que genera pocas posibilidades de sobrepasos. Redondeamos la carrera nuevamente y sumamos algunos puntos que nos sirven para redondear una segunda buena parte, si bien habra que esperar si hay alg\u00fan cambio para la marca la pr\u00f3xima temporada y trabajar fuerte junto al equipo en funci\u00f3n de lograr un auto mas r\u00e1pido para clasificar\u201d<\/strong>, sostuvo el mendocino.<\/span><\/p>\n<p><span class=\"text_exposed_show\">Completada la temporada de Turismo Carretera, Jalaf culmin\u00f3 la misma en la 26ta ubicaci\u00f3n sumando un total de 337,25 puntos. La pr\u00f3xima temporada tendr\u00e1 inicio el 19 de Febrero, en escenario a confirmar.<\/span><\/p>\n","protected":false},"excerpt":{"rendered":"<p>Tras un fin de semana complicado, Mat\u00edas Jalaf volvi\u00f3 a redondear un buen avance en<\/p>\n","protected":false},"author":1,"featured_media":20594,"comment_status":"closed","ping_status":"closed","sticky":false,"template":"","format":"standard","meta":{"footnotes":""},"categories":[6],"tags":[],"class_list":["post-20593","post","type-post","status-publish","format-standard","has-post-thumbnail","hentry","category-nacionales"],"featured_image_urls":{"full":["https:\/\/curva1.com.ar\/wp-content\/uploads\/2016\/12\/15259442_10154790807199568_6171323278379645626_o.jpg",700,394,false],"thumbnail":["https:\/\/curva1.com.ar\/wp-content\/uploads\/2016\/12\/15259442_10154790807199568_6171323278379645626_o-300x169.jpg",300,169,true],"medium":["https:\/\/curva1.com.ar\/wp-content\/uploads\/2016\/12\/15259442_10154790807199568_6171323278379645626_o-600x337.jpg",600,337,true],"medium_large":["https:\/\/curva1.com.ar\/wp-content\/uploads\/2016\/12\/15259442_10154790807199568_6171323278379645626_o.jpg",640,360,false],"large":["https:\/\/curva1.com.ar\/wp-content\/uploads\/2016\/12\/15259442_10154790807199568_6171323278379645626_o.jpg",640,360,false],"1536x1536":["https:\/\/curva1.com.ar\/wp-content\/uploads\/2016\/12\/15259442_10154790807199568_6171323278379645626_o.jpg",700,394,false],"2048x2048":["https:\/\/curva1.com.ar\/wp-content\/uploads\/2016\/12\/15259442_10154790807199568_6171323278379645626_o.jpg",700,394,false],"chromenews-featured":["https:\/\/curva1.com.ar\/wp-content\/uploads\/2016\/12\/15259442_10154790807199568_6171323278379645626_o.jpg",700,394,false],"chromenews-large":["https:\/\/curva1.com.ar\/wp-content\/uploads\/2016\/12\/15259442_10154790807199568_6171323278379645626_o.jpg",700,394,false],"chromenews-medium":["https:\/\/curva1.com.ar\/wp-content\/uploads\/2016\/12\/15259442_10154790807199568_6171323278379645626_o.jpg",590,332,false]},"author_info":{"display_name":"Jos\u00e9 Bravo","author_link":"https:\/\/curva1.com.ar\/?author=1"},"category_info":"<a href=\"https:\/\/curva1.com.ar\/?cat=6\" rel=\"category\">Nacionales<\/a>","tag_info":"Nacionales","comment_count":"0","yoast_head":"<!-- This site is optimized with the Yoast SEO Premium plugin v14.7 - https:\/\/yoast.com\/wordpress\/plugins\/seo\/ -->\n<title>Jalaf cerr\u00f3 con un nuevo a\u00f1o junto al Turismo Carretera - Curva 1<\/title>\n<meta name=\"robots\" content=\"index, follow\" \/>\n<meta name=\"googlebot\" content=\"index, follow, max-snippet:-1, max-image-preview:large, max-video-preview:-1\" \/>\n<meta name=\"bingbot\" content=\"index, follow, max-snippet:-1, max-image-preview:large, max-video-preview:-1\" \/>\n<link rel=\"canonical\" href=\"https:\/\/curva1.com.ar\/?p=20593\" \/>\n<meta property=\"og:locale\" content=\"en_US\" \/>\n<meta property=\"og:type\" content=\"article\" \/>\n<meta property=\"og:title\" content=\"Jalaf cerr\u00f3 con un nuevo a\u00f1o junto al Turismo Carretera - Curva 1\" \/>\n<meta property=\"og:description\" content=\"Tras un fin de semana complicado, Mat\u00edas Jalaf volvi\u00f3 a redondear un buen avance en\" \/>\n<meta property=\"og:url\" content=\"https:\/\/curva1.com.ar\/?p=20593\" \/>\n<meta property=\"og:site_name\" content=\"Curva 1\" \/>\n<meta property=\"article:publisher\" content=\"https:\/\/www.facebook.com\/revistacurva1\/\" \/>\n<meta property=\"article:published_time\" content=\"2016-12-05T19:31:08+00:00\" \/>\n<meta property=\"article:modified_time\" content=\"2016-12-06T19:34:47+00:00\" \/>\n<meta property=\"og:image\" content=\"https:\/\/curva1.com.ar\/wp-content\/uploads\/2016\/12\/15259442_10154790807199568_6171323278379645626_o.jpg\" \/>\n\t<meta property=\"og:image:width\" content=\"700\" \/>\n\t<meta property=\"og:image:height\" content=\"394\" \/>\n<meta property=\"fb:app_id\" content=\"1593067817533208\" \/>\n<meta name=\"twitter:card\" content=\"summary_large_image\" \/>\n<meta name=\"twitter:creator\" content=\"@curva1mendoza\" \/>\n<meta name=\"twitter:site\" content=\"@curva1mendoza\" \/>\n<script type=\"application\/ld+json\" class=\"yoast-schema-graph\">{\"@context\":\"https:\/\/schema.org\",\"@graph\":[{\"@type\":\"WebSite\",\"@id\":\"https:\/\/curva1.com.ar\/#website\",\"url\":\"https:\/\/curva1.com.ar\/\",\"name\":\"Curva 1\",\"description\":\"Automovilismo de Mendoza\",\"potentialAction\":[{\"@type\":\"SearchAction\",\"target\":\"https:\/\/curva1.com.ar\/?s={search_term_string}\",\"query-input\":\"required name=search_term_string\"}],\"inLanguage\":\"en-US\"},{\"@type\":\"ImageObject\",\"@id\":\"https:\/\/curva1.com.ar\/?p=20593#primaryimage\",\"inLanguage\":\"en-US\",\"url\":\"https:\/\/curva1.com.ar\/wp-content\/uploads\/2016\/12\/15259442_10154790807199568_6171323278379645626_o.jpg\",\"width\":700,\"height\":394},{\"@type\":\"WebPage\",\"@id\":\"https:\/\/curva1.com.ar\/?p=20593#webpage\",\"url\":\"https:\/\/curva1.com.ar\/?p=20593\",\"name\":\"Jalaf cerr\\u00f3 con un nuevo a\\u00f1o junto al Turismo Carretera - Curva 1\",\"isPartOf\":{\"@id\":\"https:\/\/curva1.com.ar\/#website\"},\"primaryImageOfPage\":{\"@id\":\"https:\/\/curva1.com.ar\/?p=20593#primaryimage\"},\"datePublished\":\"2016-12-05T19:31:08+00:00\",\"dateModified\":\"2016-12-06T19:34:47+00:00\",\"author\":{\"@id\":\"https:\/\/curva1.com.ar\/#\/schema\/person\/f5fd12984d70df7314fbd9ab42f31033\"},\"inLanguage\":\"en-US\",\"potentialAction\":[{\"@type\":\"ReadAction\",\"target\":[\"https:\/\/curva1.com.ar\/?p=20593\"]}]},{\"@type\":[\"Person\"],\"@id\":\"https:\/\/curva1.com.ar\/#\/schema\/person\/f5fd12984d70df7314fbd9ab42f31033\",\"name\":\"Jos\\u00e9 Bravo\",\"image\":{\"@type\":\"ImageObject\",\"@id\":\"https:\/\/curva1.com.ar\/#personlogo\",\"inLanguage\":\"en-US\",\"url\":\"https:\/\/secure.gravatar.com\/avatar\/3ae0b1fdc6ddeb723a6e6c23609ed39de1d40a94b8112fd2c0c2032e2dabf28b?s=96&d=identicon&r=g\",\"caption\":\"Jos\\u00e9 Bravo\"}}]}<\/script>\n<!-- \/ Yoast SEO Premium plugin. -->","_links":{"self":[{"href":"https:\/\/curva1.com.ar\/index.php?rest_route=\/wp\/v2\/posts\/20593","targetHints":{"allow":["GET"]}}],"collection":[{"href":"https:\/\/curva1.com.ar\/index.php?rest_route=\/wp\/v2\/posts"}],"about":[{"href":"https:\/\/curva1.com.ar\/index.php?rest_route=\/wp\/v2\/types\/post"}],"author":[{"embeddable":true,"href":"https:\/\/curva1.com.ar\/index.php?rest_route=\/wp\/v2\/users\/1"}],"replies":[{"embeddable":true,"href":"https:\/\/curva1.com.ar\/index.php?rest_route=%2Fwp%2Fv2%2Fcomments&post=20593"}],"version-history":[{"count":1,"href":"https:\/\/curva1.com.ar\/index.php?rest_route=\/wp\/v2\/posts\/20593\/revisions"}],"predecessor-version":[{"id":20595,"href":"https:\/\/curva1.com.ar\/index.php?rest_route=\/wp\/v2\/posts\/20593\/revisions\/20595"}],"wp:featuredmedia":[{"embeddable":true,"href":"https:\/\/curva1.com.ar\/index.php?rest_route=\/wp\/v2\/media\/20594"}],"wp:attachment":[{"href":"https:\/\/curva1.com.ar\/index.php?rest_route=%2Fwp%2Fv2%2Fmedia&parent=20593"}],"wp:term":[{"taxonomy":"category","embeddable":true,"href":"https:\/\/curva1.com.ar\/index.php?rest_route=%2Fwp%2Fv2%2Fcategories&post=20593"},{"taxonomy":"post_tag","embeddable":true,"href":"https:\/\/curva1.com.ar\/index.php?rest_route=%2Fwp%2Fv2%2Ftags&post=20593"}],"curies":[{"name":"wp","href":"https:\/\/api.w.org\/{rel}","templated":true}]}}