{"id":20598,"date":"2016-12-06T21:14:02","date_gmt":"2016-12-07T00:14:02","guid":{"rendered":"http:\/\/www.curva1.com.ar\/?p=20598"},"modified":"2016-12-23T10:01:30","modified_gmt":"2016-12-23T13:01:30","slug":"aqui-esta-todo-lo-importante-para-la-copa-mendoza","status":"publish","type":"post","link":"https:\/\/curva1.com.ar\/?p=20598","title":{"rendered":"Aqu\u00ed est\u00e1 todo lo importante para la COPA MENDOZA"},"content":{"rendered":"<p><img loading=\"lazy\" decoding=\"async\" class=\"aligncenter size-full wp-image-1197\" src=\"http:\/\/zonalcuyano.com\/wp-content\/uploads\/2016\/12\/afdsfa.jpg\" alt=\"afdsfa\" width=\"800\" height=\"450\" \/><\/p>\n<p>El mundo motor de la regi\u00f3n de Cuyo despedir\u00e1 la temporada 2016 con la primera edici\u00f3n de la \u201cCopa Mendoza\u201d de k<span class=\"_5afx\"><span class=\"_58cm\">arting<\/span><\/span>. Una nueva propuesta de car\u00e1cter internacional que promete romper los esquemas.<\/p>\n<p>La COPA MENDOZA ser\u00e1 carrera especial de karting de asfalto &#8220;fecha \u00fanica&#8221; donde se espera una important\u00edsima convocatoria de karts, para cerrar el a\u00f1o con un excelente show.<\/p>\n<p>Organiza APATC (Asociaci\u00f3n Pilotos Automoviles Turismo Cuyano) junto a AVE (Asociaci\u00f3n Volantes del Este). Fiscaliza la FEMAD (Federaci\u00f3n Mendocina de Automovilismo). Cobertura me\u00b4dica de la AAV (Asociaci\u00f3n Argentina de Volantes.<\/p>\n<h3><span style=\"color: #ff0000;\">LUGAR<\/span><\/h3>\n<ul>\n<li><strong>S\u00e1bado 17 y domingo 18 de diciembre <\/strong><\/li>\n<li><strong>Kart\u00f3dromo de San Mart\u00edn, Mendoza <\/strong><\/li>\n<li><strong>Circuito de 1250 metros de longitud<\/strong><\/li>\n<\/ul>\n<p><img loading=\"lazy\" decoding=\"async\" class=\"aligncenter size-full wp-image-1205\" src=\"http:\/\/zonalcuyano.com\/wp-content\/uploads\/2016\/12\/Kart\u00f3dromo-Ciudad-de-San-Mart\u00edn.jpg\" alt=\"kartodromo-ciudad-de-san-martin\" width=\"800\" height=\"484\" \/><\/p>\n<h3><span style=\"color: #ff0000;\">FORMATO<\/span><\/h3>\n<p>Ser\u00e1 una <strong>\u201cFecha \u00danica\u201d<\/strong> y puede participar cualquier piloto con su licencia habilitante. Se admiten debutantes.<\/p>\n<p>El piloto que gan\u00e9 la final ser\u00e1 considerado <strong>Campe\u00f3n de la COPA MENDOZA<\/strong> primera edici\u00f3n.<\/p>\n<p>El formato de carrera ser\u00e1 Clasificaci\u00f3n, Series, Pre Final y Final.<\/p>\n<p>El Reglamento Particular de la Prueba (RPP) y cronograma se publicar\u00e1 en los pr\u00f3ximos d\u00edas.<\/p>\n<h3><span style=\"color: #ff0000;\">PREMIOS<\/span><\/h3>\n<p><strong>Trofeos innovadores<\/strong> para los tres primeros de cada categor\u00eda, excepto la Categor\u00eda Escuela donde todos recibir\u00e1n trofeos.<\/p>\n<p><strong>$5000.- en efectivo<\/strong> para los ganadores de las 2 categor\u00edas que m\u00e1s pilotos presenten.<\/p>\n<p><strong>Regalos sorpresa<\/strong> a sortear entre los pilotos inscriptos.<\/p>\n<p><img loading=\"lazy\" decoding=\"async\" class=\"aligncenter size-full wp-image-1206\" src=\"http:\/\/zonalcuyano.com\/wp-content\/uploads\/2016\/12\/ASD8F2.jpg\" alt=\"asd8f2\" width=\"800\" height=\"450\" \/><\/p>\n<h3><span style=\"color: #ff0000;\">CONVOCATORIA<\/span><\/h3>\n<p>Esperamos m\u00e1s de 120 pilotos de Mendoza, San Juan, San Luis, La Rioja, C\u00f3rdoba, Santa Fe, Neuqu\u00e9n y Chile, adem\u00e1s de pilotos que compiten en automovilismo de renombre nacional.<\/p>\n<p>El\u00a0p\u00fablico ser\u00e1 importante y por eso es que lo convocaremos a trav\u00e9s de redes sociales y medios de prensa con publicidad contratada con los canales de televisi\u00f3n, radios, diarios y sitios web m\u00e1s importantes de la regi\u00f3n.<\/p>\n<p>La difusi\u00f3n ser\u00e1 amplia para esta \u201cfecha \u00fanica\u201d de la COPA MENDOZA primera edici\u00f3n.<\/p>\n<p><center><br \/>\n<div style=\"width: 640px;\" class=\"wp-video\"><video class=\"wp-video-shortcode\" id=\"video-20598-1\" width=\"640\" height=\"352\" preload=\"metadata\" controls=\"controls\"><source type=\"video\/mp4\" src=\"http:\/\/zonalcuyano.com\/wp-content\/uploads\/2016\/12\/WhatsApp-Video-2016-12-01-at-16.59.44.mp4?_=1\" \/><a href=\"http:\/\/zonalcuyano.com\/wp-content\/uploads\/2016\/12\/WhatsApp-Video-2016-12-01-at-16.59.44.mp4\">http:\/\/zonalcuyano.com\/wp-content\/uploads\/2016\/12\/WhatsApp-Video-2016-12-01-at-16.59.44.mp4<\/a><\/video><\/div><\/p>\n<p>&nbsp;<\/p>\n<p>&nbsp;<\/p>\n<p>&nbsp;<\/p>\n<p><\/center><\/p>\n<h3 style=\"text-align: left;\"><span style=\"color: #ff0000;\">CATEGORIAS CONFIRMADAS<\/span><\/h3>\n<p><strong>Categor\u00eda Escuela<\/strong> (exhibici\u00f3n) &#8211; De 5 a 9 a\u00f1os<\/p>\n<p><strong>Promocional Iame 60<\/strong> (<a href=\"http:\/\/femadmza.com.ar\/2016\/Karting\/Reglamentokarting2016-PromocionalIAME60.pdf\" target=\"_blank\">Reglamento<\/a>) &#8211; De 8 a 11 a\u00f1os<\/p>\n<p><strong>125 cc Pre J\u00fanior \/ J\u00fanior<\/strong> (<a href=\"http:\/\/femadmza.com.ar\/2016\/Karting\/Reglamentokarting2016-PreJuniorsMAX.pdf\" target=\"_blank\">Reglamento<\/a>) &#8211; De 11 a 15 a\u00f1os<\/p>\n<p><strong>125 cc Senior Pro<\/strong> (<a href=\"http:\/\/femadmza.com.ar\/2016\/Karting\/Reglamentokarting2016-SeniorSuperPro.pdf\" target=\"_blank\">Reglamento<\/a>) &#8211; De 15 a\u00f1os en adelante<\/p>\n<p><strong>150 cc S\u00faper 4 Tiempos<\/strong> (<a href=\"http:\/\/femadmza.com.ar\/2016\/Karting\/Reglamentokarting2016-Super4T.pdf\">Reglamento<\/a>) &#8211; De 15 a\u00f1os en adelante<\/p>\n<p><strong>110 cc Monomarca Guerrero<\/strong> (motores provistos) &#8211; De 11 a\u00f1os en adelante<\/p>\n<p><strong>125 cc Rotax DD2<\/strong> (exhibici\u00f3n)<\/p>\n<p><em>Los reglamentos son los actualmente vigente y aprobados por la Federaci\u00f3n Mendocina de Automovilismo Deportivo (<a href=\"http:\/\/femadmza.com.ar\/2016\/Karting\/karting2016.htm\" target=\"_blank\">FeMAD<\/a>), a excepci\u00f3n de las categor\u00edas Escuela y Rotax DD2 que competir\u00e1n a modo de exbibici\u00f3n, recibiendo tambi\u00e9n sus respectiva premiaci\u00f3n.<\/em><\/p>\n<p><em>En la 110 cc Monomarca Guerrero los motores son provistos a bajo costo y sorteados en el evento. Reservar motor con Sergio Martin al celular: <strong>264 460 5341<\/strong>. Opci\u00f3n de alquilar motor y chasis.<\/em><\/p>\n<h3><span style=\"color: #ff0000;\">PRECIOS<\/span><\/h3>\n<p>Piloto de Mendoza: <strong>$2000.-<\/strong> (incluye prueba del s\u00e1bado, inscripci\u00f3n, sensor, m\u00e9dica y remera del evento de cortes\u00eda).<\/p>\n<p>Piloto Fuera de Mendoza: <strong>$1000.-<\/strong> (incluye prueba del s\u00e1bado, inscripci\u00f3n, sensor, m\u00e9dica y remera del evento de cortes\u00eda).<\/p>\n<p><strong>$50.-<\/strong> Entrada general y <strong>$100.-<\/strong> estacionamiento (v\u00e1lido para los 2 d\u00edas).<\/p>\n<h3><span style=\"color: #ff0000;\">CONSULTAS<\/span><\/h3>\n<p>Jos\u00e9 Bravo &#8211; <strong>2634 287970<\/strong><\/p>\n<p><img loading=\"lazy\" decoding=\"async\" class=\"aligncenter size-full wp-image-69741\" src=\"http:\/\/curva1kart.com.ar\/noticias\/wp-content\/uploads\/2016\/12\/CATEGORIA-110-cc-MONOMARCA-GUERRERO.jpg\" alt=\"categoria-110-cc-monomarca-guerrero\" width=\"800\" height=\"450\" \/> <img loading=\"lazy\" decoding=\"async\" class=\"aligncenter size-full wp-image-69742\" src=\"http:\/\/curva1kart.com.ar\/noticias\/wp-content\/uploads\/2016\/12\/CATEGORIA-125-cc-PRE-JUNIOR-JUNIOR.jpg\" alt=\"categoria-125-cc-pre-junior-junior\" width=\"800\" height=\"450\" \/> <img loading=\"lazy\" decoding=\"async\" class=\"aligncenter size-full wp-image-69743\" src=\"http:\/\/curva1kart.com.ar\/noticias\/wp-content\/uploads\/2016\/12\/CATEGORIA-125-cc-SENIOR-PRO.jpg\" alt=\"categoria-125-cc-senior-pro\" width=\"800\" height=\"450\" \/> <img loading=\"lazy\" decoding=\"async\" class=\"aligncenter size-full wp-image-69744\" src=\"http:\/\/curva1kart.com.ar\/noticias\/wp-content\/uploads\/2016\/12\/CATEGORIA-150-cc-SUPER-4-TIEMPOS.jpg\" alt=\"categoria-150-cc-super-4-tiempos\" width=\"800\" height=\"450\" \/> <img loading=\"lazy\" decoding=\"async\" class=\"aligncenter size-full wp-image-69745\" src=\"http:\/\/curva1kart.com.ar\/noticias\/wp-content\/uploads\/2016\/12\/CATEGORIA-DD2.jpg\" alt=\"categoria-dd2\" width=\"800\" height=\"450\" \/> <img loading=\"lazy\" decoding=\"async\" class=\"aligncenter size-full wp-image-69746\" src=\"http:\/\/curva1kart.com.ar\/noticias\/wp-content\/uploads\/2016\/12\/CATEGORIA-ESCUELA.jpg\" alt=\"categoria-escuela\" width=\"800\" height=\"450\" \/> <img loading=\"lazy\" decoding=\"async\" class=\"aligncenter size-full wp-image-69747\" src=\"http:\/\/curva1kart.com.ar\/noticias\/wp-content\/uploads\/2016\/12\/CATEGORIA-PROMOCIONAL-IAME-60.jpg\" alt=\"categoria-promocional-iame-60\" width=\"800\" height=\"450\" \/><\/p>\n","protected":false},"excerpt":{"rendered":"<p>El mundo motor de la regi\u00f3n de Cuyo despedir\u00e1 la temporada 2016 con la primera<\/p>\n","protected":false},"author":1,"featured_media":20599,"comment_status":"closed","ping_status":"closed","sticky":false,"template":"","format":"standard","meta":{"footnotes":""},"categories":[4],"tags":[],"class_list":["post-20598","post","type-post","status-publish","format-standard","has-post-thumbnail","hentry","category-karting"],"featured_image_urls":{"full":["https:\/\/curva1.com.ar\/wp-content\/uploads\/2016\/12\/IMG_0550.jpg",700,394,false],"thumbnail":["https:\/\/curva1.com.ar\/wp-content\/uploads\/2016\/12\/IMG_0550-300x169.jpg",300,169,true],"medium":["https:\/\/curva1.com.ar\/wp-content\/uploads\/2016\/12\/IMG_0550-600x337.jpg",600,337,true],"medium_large":["https:\/\/curva1.com.ar\/wp-content\/uploads\/2016\/12\/IMG_0550.jpg",640,360,false],"large":["https:\/\/curva1.com.ar\/wp-content\/uploads\/2016\/12\/IMG_0550.jpg",640,360,false],"1536x1536":["https:\/\/curva1.com.ar\/wp-content\/uploads\/2016\/12\/IMG_0550.jpg",700,394,false],"2048x2048":["https:\/\/curva1.com.ar\/wp-content\/uploads\/2016\/12\/IMG_0550.jpg",700,394,false],"chromenews-featured":["https:\/\/curva1.com.ar\/wp-content\/uploads\/2016\/12\/IMG_0550.jpg",700,394,false],"chromenews-large":["https:\/\/curva1.com.ar\/wp-content\/uploads\/2016\/12\/IMG_0550.jpg",700,394,false],"chromenews-medium":["https:\/\/curva1.com.ar\/wp-content\/uploads\/2016\/12\/IMG_0550.jpg",590,332,false]},"author_info":{"display_name":"Jos\u00e9 Bravo","author_link":"https:\/\/curva1.com.ar\/?author=1"},"category_info":"<a href=\"https:\/\/curva1.com.ar\/?cat=4\" rel=\"category\">Karting Asfalto<\/a>","tag_info":"Karting Asfalto","comment_count":"0","yoast_head":"<!-- This site is optimized with the Yoast SEO Premium plugin v14.7 - https:\/\/yoast.com\/wordpress\/plugins\/seo\/ -->\n<title>Aqu\u00ed est\u00e1 todo lo importante para la COPA MENDOZA - Curva 1<\/title>\n<meta name=\"robots\" content=\"index, follow\" \/>\n<meta name=\"googlebot\" content=\"index, follow, max-snippet:-1, max-image-preview:large, max-video-preview:-1\" \/>\n<meta name=\"bingbot\" content=\"index, follow, max-snippet:-1, max-image-preview:large, max-video-preview:-1\" \/>\n<link rel=\"canonical\" href=\"https:\/\/curva1.com.ar\/?p=20598\" \/>\n<meta property=\"og:locale\" content=\"en_US\" \/>\n<meta property=\"og:type\" content=\"article\" \/>\n<meta property=\"og:title\" content=\"Aqu\u00ed est\u00e1 todo lo importante para la COPA MENDOZA - Curva 1\" \/>\n<meta property=\"og:description\" content=\"El mundo motor de la regi\u00f3n de Cuyo despedir\u00e1 la temporada 2016 con la primera\" \/>\n<meta property=\"og:url\" content=\"https:\/\/curva1.com.ar\/?p=20598\" \/>\n<meta property=\"og:site_name\" content=\"Curva 1\" \/>\n<meta property=\"article:publisher\" content=\"https:\/\/www.facebook.com\/revistacurva1\/\" \/>\n<meta property=\"article:published_time\" content=\"2016-12-07T00:14:02+00:00\" \/>\n<meta property=\"article:modified_time\" content=\"2016-12-23T13:01:30+00:00\" \/>\n<meta property=\"og:image\" content=\"https:\/\/curva1.com.ar\/wp-content\/uploads\/2016\/12\/IMG_0550.jpg\" \/>\n\t<meta property=\"og:image:width\" content=\"700\" \/>\n\t<meta property=\"og:image:height\" content=\"394\" \/>\n<meta property=\"fb:app_id\" content=\"1593067817533208\" \/>\n<meta name=\"twitter:card\" content=\"summary_large_image\" \/>\n<meta name=\"twitter:creator\" content=\"@curva1mendoza\" \/>\n<meta name=\"twitter:site\" content=\"@curva1mendoza\" \/>\n<script type=\"application\/ld+json\" class=\"yoast-schema-graph\">{\"@context\":\"https:\/\/schema.org\",\"@graph\":[{\"@type\":\"WebSite\",\"@id\":\"https:\/\/curva1.com.ar\/#website\",\"url\":\"https:\/\/curva1.com.ar\/\",\"name\":\"Curva 1\",\"description\":\"Automovilismo de Mendoza\",\"potentialAction\":[{\"@type\":\"SearchAction\",\"target\":\"https:\/\/curva1.com.ar\/?s={search_term_string}\",\"query-input\":\"required name=search_term_string\"}],\"inLanguage\":\"en-US\"},{\"@type\":\"ImageObject\",\"@id\":\"https:\/\/curva1.com.ar\/?p=20598#primaryimage\",\"inLanguage\":\"en-US\",\"url\":\"https:\/\/curva1.com.ar\/wp-content\/uploads\/2016\/12\/IMG_0550.jpg\",\"width\":700,\"height\":394},{\"@type\":\"WebPage\",\"@id\":\"https:\/\/curva1.com.ar\/?p=20598#webpage\",\"url\":\"https:\/\/curva1.com.ar\/?p=20598\",\"name\":\"Aqu\\u00ed est\\u00e1 todo lo importante para la COPA MENDOZA - Curva 1\",\"isPartOf\":{\"@id\":\"https:\/\/curva1.com.ar\/#website\"},\"primaryImageOfPage\":{\"@id\":\"https:\/\/curva1.com.ar\/?p=20598#primaryimage\"},\"datePublished\":\"2016-12-07T00:14:02+00:00\",\"dateModified\":\"2016-12-23T13:01:30+00:00\",\"author\":{\"@id\":\"https:\/\/curva1.com.ar\/#\/schema\/person\/f5fd12984d70df7314fbd9ab42f31033\"},\"inLanguage\":\"en-US\",\"potentialAction\":[{\"@type\":\"ReadAction\",\"target\":[\"https:\/\/curva1.com.ar\/?p=20598\"]}]},{\"@type\":[\"Person\"],\"@id\":\"https:\/\/curva1.com.ar\/#\/schema\/person\/f5fd12984d70df7314fbd9ab42f31033\",\"name\":\"Jos\\u00e9 Bravo\",\"image\":{\"@type\":\"ImageObject\",\"@id\":\"https:\/\/curva1.com.ar\/#personlogo\",\"inLanguage\":\"en-US\",\"url\":\"https:\/\/secure.gravatar.com\/avatar\/3ae0b1fdc6ddeb723a6e6c23609ed39de1d40a94b8112fd2c0c2032e2dabf28b?s=96&d=identicon&r=g\",\"caption\":\"Jos\\u00e9 Bravo\"}}]}<\/script>\n<!-- \/ Yoast SEO Premium plugin. -->","_links":{"self":[{"href":"https:\/\/curva1.com.ar\/index.php?rest_route=\/wp\/v2\/posts\/20598","targetHints":{"allow":["GET"]}}],"collection":[{"href":"https:\/\/curva1.com.ar\/index.php?rest_route=\/wp\/v2\/posts"}],"about":[{"href":"https:\/\/curva1.com.ar\/index.php?rest_route=\/wp\/v2\/types\/post"}],"author":[{"embeddable":true,"href":"https:\/\/curva1.com.ar\/index.php?rest_route=\/wp\/v2\/users\/1"}],"replies":[{"embeddable":true,"href":"https:\/\/curva1.com.ar\/index.php?rest_route=%2Fwp%2Fv2%2Fcomments&post=20598"}],"version-history":[{"count":1,"href":"https:\/\/curva1.com.ar\/index.php?rest_route=\/wp\/v2\/posts\/20598\/revisions"}],"predecessor-version":[{"id":20600,"href":"https:\/\/curva1.com.ar\/index.php?rest_route=\/wp\/v2\/posts\/20598\/revisions\/20600"}],"wp:featuredmedia":[{"embeddable":true,"href":"https:\/\/curva1.com.ar\/index.php?rest_route=\/wp\/v2\/media\/20599"}],"wp:attachment":[{"href":"https:\/\/curva1.com.ar\/index.php?rest_route=%2Fwp%2Fv2%2Fmedia&parent=20598"}],"wp:term":[{"taxonomy":"category","embeddable":true,"href":"https:\/\/curva1.com.ar\/index.php?rest_route=%2Fwp%2Fv2%2Fcategories&post=20598"},{"taxonomy":"post_tag","embeddable":true,"href":"https:\/\/curva1.com.ar\/index.php?rest_route=%2Fwp%2Fv2%2Ftags&post=20598"}],"curies":[{"name":"wp","href":"https:\/\/api.w.org\/{rel}","templated":true}]}}