{"id":20609,"date":"2016-12-06T21:45:13","date_gmt":"2016-12-07T00:45:13","guid":{"rendered":"http:\/\/www.curva1.com.ar\/?p=20609"},"modified":"2016-12-06T21:45:46","modified_gmt":"2016-12-07T00:45:46","slug":"matias-antolin-al-tc2000-y-su-hermano-gonzalo-al-turismo-pista","status":"publish","type":"post","link":"https:\/\/curva1.com.ar\/?p=20609","title":{"rendered":"Mat\u00edas Antol\u00edn al TC2000 y su hermano Gonzalo al Turismo Pista?"},"content":{"rendered":"<p><img loading=\"lazy\" decoding=\"async\" class=\"size-full wp-image-20610 aligncenter\" src=\"http:\/\/www.curva1.com.ar\/wp-content\/uploads\/2016\/12\/15272107_1283691358340812_8899077391245290741_o.jpg\" alt=\"ANTOLIN\" width=\"700\" height=\"394\" srcset=\"https:\/\/curva1.com.ar\/wp-content\/uploads\/2016\/12\/15272107_1283691358340812_8899077391245290741_o.jpg 700w, https:\/\/curva1.com.ar\/wp-content\/uploads\/2016\/12\/15272107_1283691358340812_8899077391245290741_o-300x169.jpg 300w, https:\/\/curva1.com.ar\/wp-content\/uploads\/2016\/12\/15272107_1283691358340812_8899077391245290741_o-600x337.jpg 600w\" sizes=\"auto, (max-width: 700px) 100vw, 700px\" \/><\/p>\n<p>Algunos medios de prensa nacionales hablaron de los hermanos sanrafaelinos Mat\u00edas y Gonzalo Antol\u00edn.<\/p>\n<p>Mientras Mat\u00edas estaba compitiendo en la \u00faltima fecha del Turismo Pista (Clase 3), los medios tiraban el rumor de que el rubio piloto podr\u00eda integrarse al TC2000 desde la pr\u00f3xima temporada.<\/p>\n<p>Otra noticia, es que su hermano menor Gonzalo se subir\u00eda al Corsa con el que Mat\u00edas logr\u00f3 este a\u00f1o varios podios y qued\u00f3 tercero en el campeonato Clase 3.<\/p>\n<p>Todo se define con el presupuesto, en el que estar\u00edan trabajando los ex campeones de la Clase 2 del Zonal Cuyano (Mat\u00edas en 2013 y Gonzalo en 2014).<\/p>\n","protected":false},"excerpt":{"rendered":"<p>Algunos medios de prensa nacionales hablaron de los hermanos sanrafaelinos Mat\u00edas y Gonzalo Antol\u00edn. Mientras<\/p>\n","protected":false},"author":1,"featured_media":20610,"comment_status":"closed","ping_status":"closed","sticky":false,"template":"","format":"standard","meta":{"footnotes":""},"categories":[6],"tags":[],"class_list":["post-20609","post","type-post","status-publish","format-standard","has-post-thumbnail","hentry","category-nacionales"],"featured_image_urls":{"full":["https:\/\/curva1.com.ar\/wp-content\/uploads\/2016\/12\/15272107_1283691358340812_8899077391245290741_o.jpg",700,394,false],"thumbnail":["https:\/\/curva1.com.ar\/wp-content\/uploads\/2016\/12\/15272107_1283691358340812_8899077391245290741_o-300x169.jpg",300,169,true],"medium":["https:\/\/curva1.com.ar\/wp-content\/uploads\/2016\/12\/15272107_1283691358340812_8899077391245290741_o-600x337.jpg",600,337,true],"medium_large":["https:\/\/curva1.com.ar\/wp-content\/uploads\/2016\/12\/15272107_1283691358340812_8899077391245290741_o.jpg",640,360,false],"large":["https:\/\/curva1.com.ar\/wp-content\/uploads\/2016\/12\/15272107_1283691358340812_8899077391245290741_o.jpg",640,360,false],"1536x1536":["https:\/\/curva1.com.ar\/wp-content\/uploads\/2016\/12\/15272107_1283691358340812_8899077391245290741_o.jpg",700,394,false],"2048x2048":["https:\/\/curva1.com.ar\/wp-content\/uploads\/2016\/12\/15272107_1283691358340812_8899077391245290741_o.jpg",700,394,false],"chromenews-featured":["https:\/\/curva1.com.ar\/wp-content\/uploads\/2016\/12\/15272107_1283691358340812_8899077391245290741_o.jpg",700,394,false],"chromenews-large":["https:\/\/curva1.com.ar\/wp-content\/uploads\/2016\/12\/15272107_1283691358340812_8899077391245290741_o.jpg",700,394,false],"chromenews-medium":["https:\/\/curva1.com.ar\/wp-content\/uploads\/2016\/12\/15272107_1283691358340812_8899077391245290741_o.jpg",590,332,false]},"author_info":{"display_name":"Jos\u00e9 Bravo","author_link":"https:\/\/curva1.com.ar\/?author=1"},"category_info":"<a href=\"https:\/\/curva1.com.ar\/?cat=6\" rel=\"category\">Nacionales<\/a>","tag_info":"Nacionales","comment_count":"0","yoast_head":"<!-- This site is optimized with the Yoast SEO Premium plugin v14.7 - https:\/\/yoast.com\/wordpress\/plugins\/seo\/ -->\n<title>Mat\u00edas Antol\u00edn al TC2000 y su hermano Gonzalo al Turismo Pista? - Curva 1<\/title>\n<meta name=\"robots\" content=\"index, follow\" \/>\n<meta name=\"googlebot\" content=\"index, follow, max-snippet:-1, max-image-preview:large, max-video-preview:-1\" \/>\n<meta name=\"bingbot\" content=\"index, follow, max-snippet:-1, max-image-preview:large, max-video-preview:-1\" \/>\n<link rel=\"canonical\" href=\"https:\/\/curva1.com.ar\/?p=20609\" \/>\n<meta property=\"og:locale\" content=\"en_US\" \/>\n<meta property=\"og:type\" content=\"article\" \/>\n<meta property=\"og:title\" content=\"Mat\u00edas Antol\u00edn al TC2000 y su hermano Gonzalo al Turismo Pista? - Curva 1\" \/>\n<meta property=\"og:description\" content=\"Algunos medios de prensa nacionales hablaron de los hermanos sanrafaelinos Mat\u00edas y Gonzalo Antol\u00edn. Mientras\" \/>\n<meta property=\"og:url\" content=\"https:\/\/curva1.com.ar\/?p=20609\" \/>\n<meta property=\"og:site_name\" content=\"Curva 1\" \/>\n<meta property=\"article:publisher\" content=\"https:\/\/www.facebook.com\/revistacurva1\/\" \/>\n<meta property=\"article:published_time\" content=\"2016-12-07T00:45:13+00:00\" \/>\n<meta property=\"article:modified_time\" content=\"2016-12-07T00:45:46+00:00\" \/>\n<meta property=\"og:image\" content=\"https:\/\/curva1.com.ar\/wp-content\/uploads\/2016\/12\/15272107_1283691358340812_8899077391245290741_o.jpg\" \/>\n\t<meta property=\"og:image:width\" content=\"700\" \/>\n\t<meta property=\"og:image:height\" content=\"394\" \/>\n<meta property=\"fb:app_id\" content=\"1593067817533208\" \/>\n<meta name=\"twitter:card\" content=\"summary_large_image\" \/>\n<meta name=\"twitter:creator\" content=\"@curva1mendoza\" \/>\n<meta name=\"twitter:site\" content=\"@curva1mendoza\" \/>\n<script type=\"application\/ld+json\" class=\"yoast-schema-graph\">{\"@context\":\"https:\/\/schema.org\",\"@graph\":[{\"@type\":\"WebSite\",\"@id\":\"https:\/\/curva1.com.ar\/#website\",\"url\":\"https:\/\/curva1.com.ar\/\",\"name\":\"Curva 1\",\"description\":\"Automovilismo de Mendoza\",\"potentialAction\":[{\"@type\":\"SearchAction\",\"target\":\"https:\/\/curva1.com.ar\/?s={search_term_string}\",\"query-input\":\"required name=search_term_string\"}],\"inLanguage\":\"en-US\"},{\"@type\":\"ImageObject\",\"@id\":\"https:\/\/curva1.com.ar\/?p=20609#primaryimage\",\"inLanguage\":\"en-US\",\"url\":\"https:\/\/curva1.com.ar\/wp-content\/uploads\/2016\/12\/15272107_1283691358340812_8899077391245290741_o.jpg\",\"width\":700,\"height\":394,\"caption\":\"ANTOLIN\"},{\"@type\":\"WebPage\",\"@id\":\"https:\/\/curva1.com.ar\/?p=20609#webpage\",\"url\":\"https:\/\/curva1.com.ar\/?p=20609\",\"name\":\"Mat\\u00edas Antol\\u00edn al TC2000 y su hermano Gonzalo al Turismo Pista? - Curva 1\",\"isPartOf\":{\"@id\":\"https:\/\/curva1.com.ar\/#website\"},\"primaryImageOfPage\":{\"@id\":\"https:\/\/curva1.com.ar\/?p=20609#primaryimage\"},\"datePublished\":\"2016-12-07T00:45:13+00:00\",\"dateModified\":\"2016-12-07T00:45:46+00:00\",\"author\":{\"@id\":\"https:\/\/curva1.com.ar\/#\/schema\/person\/f5fd12984d70df7314fbd9ab42f31033\"},\"inLanguage\":\"en-US\",\"potentialAction\":[{\"@type\":\"ReadAction\",\"target\":[\"https:\/\/curva1.com.ar\/?p=20609\"]}]},{\"@type\":[\"Person\"],\"@id\":\"https:\/\/curva1.com.ar\/#\/schema\/person\/f5fd12984d70df7314fbd9ab42f31033\",\"name\":\"Jos\\u00e9 Bravo\",\"image\":{\"@type\":\"ImageObject\",\"@id\":\"https:\/\/curva1.com.ar\/#personlogo\",\"inLanguage\":\"en-US\",\"url\":\"https:\/\/secure.gravatar.com\/avatar\/3ae0b1fdc6ddeb723a6e6c23609ed39de1d40a94b8112fd2c0c2032e2dabf28b?s=96&d=identicon&r=g\",\"caption\":\"Jos\\u00e9 Bravo\"}}]}<\/script>\n<!-- \/ Yoast SEO Premium plugin. -->","_links":{"self":[{"href":"https:\/\/curva1.com.ar\/index.php?rest_route=\/wp\/v2\/posts\/20609","targetHints":{"allow":["GET"]}}],"collection":[{"href":"https:\/\/curva1.com.ar\/index.php?rest_route=\/wp\/v2\/posts"}],"about":[{"href":"https:\/\/curva1.com.ar\/index.php?rest_route=\/wp\/v2\/types\/post"}],"author":[{"embeddable":true,"href":"https:\/\/curva1.com.ar\/index.php?rest_route=\/wp\/v2\/users\/1"}],"replies":[{"embeddable":true,"href":"https:\/\/curva1.com.ar\/index.php?rest_route=%2Fwp%2Fv2%2Fcomments&post=20609"}],"version-history":[{"count":2,"href":"https:\/\/curva1.com.ar\/index.php?rest_route=\/wp\/v2\/posts\/20609\/revisions"}],"predecessor-version":[{"id":20612,"href":"https:\/\/curva1.com.ar\/index.php?rest_route=\/wp\/v2\/posts\/20609\/revisions\/20612"}],"wp:featuredmedia":[{"embeddable":true,"href":"https:\/\/curva1.com.ar\/index.php?rest_route=\/wp\/v2\/media\/20610"}],"wp:attachment":[{"href":"https:\/\/curva1.com.ar\/index.php?rest_route=%2Fwp%2Fv2%2Fmedia&parent=20609"}],"wp:term":[{"taxonomy":"category","embeddable":true,"href":"https:\/\/curva1.com.ar\/index.php?rest_route=%2Fwp%2Fv2%2Fcategories&post=20609"},{"taxonomy":"post_tag","embeddable":true,"href":"https:\/\/curva1.com.ar\/index.php?rest_route=%2Fwp%2Fv2%2Ftags&post=20609"}],"curies":[{"name":"wp","href":"https:\/\/api.w.org\/{rel}","templated":true}]}}