{"id":20621,"date":"2016-12-07T11:59:16","date_gmt":"2016-12-07T14:59:16","guid":{"rendered":"http:\/\/www.curva1.com.ar\/?p=20621"},"modified":"2016-12-07T16:59:39","modified_gmt":"2016-12-07T19:59:39","slug":"tradicionales-cerro-la-temporada-2016-en-el-asfalto-del-pena","status":"publish","type":"post","link":"https:\/\/curva1.com.ar\/?p=20621","title":{"rendered":"Tradicionales cerr\u00f3 la temporada 2016 en el asfalto del Pena"},"content":{"rendered":"<figure id=\"attachment_20622\" aria-describedby=\"caption-attachment-20622\" style=\"width: 800px\" class=\"wp-caption aligncenter\"><img loading=\"lazy\" decoding=\"async\" class=\"size-full wp-image-20622\" src=\"http:\/\/www.curva1.com.ar\/wp-content\/uploads\/2016\/12\/15259525_588424451349854_2898092756408937150_o.jpg\" alt=\"\" width=\"800\" height=\"450\" srcset=\"https:\/\/curva1.com.ar\/wp-content\/uploads\/2016\/12\/15259525_588424451349854_2898092756408937150_o.jpg 800w, https:\/\/curva1.com.ar\/wp-content\/uploads\/2016\/12\/15259525_588424451349854_2898092756408937150_o-300x169.jpg 300w, https:\/\/curva1.com.ar\/wp-content\/uploads\/2016\/12\/15259525_588424451349854_2898092756408937150_o-600x337.jpg 600w, https:\/\/curva1.com.ar\/wp-content\/uploads\/2016\/12\/15259525_588424451349854_2898092756408937150_o-768x432.jpg 768w\" sizes=\"auto, (max-width: 800px) 100vw, 800px\" \/><figcaption id=\"caption-attachment-20622\" class=\"wp-caption-text\">CATANA RECIBE EL BANDERAZO FINAL PARA GRITAR OTRA VEZ CAMPEON<\/figcaption><\/figure>\n<p>El campeonato de automovilismo de tierra mendocino &#8220;Categor\u00edas Tradicionales&#8221; finaliz\u00f3 su temporada 2016 el pasado domingo en el Aut\u00f3dromo de San Mart\u00edn, con la presencia de m\u00e1s de 70 autos.<\/p>\n<p>En esta fecha hubo pre finales y finales y los resultados los puedes consultar en la siguiente tabla:<\/p>\n<table class=\"tabla\" border=\"0\" width=\"100%\">\n<tbody class=\"tabla\" align=\"center\" valign=\"middle\">\n<tr>\n<td class=\"te1\" colspan=\"6\"><span style=\"color: #ff0000;\"><b>TRADICIONALES &#8211; 12\u00ba Fecha &#8211; 4 de DICIEMBRE &#8211; SAN MARTIN<\/b><\/span><\/td>\n<\/tr>\n<tr class=\"te2\">\n<td width=\"16%\"><b>TC Tradicional <\/b><\/td>\n<td width=\"16%\"><b>850 Grupo1 <\/b><\/td>\n<td width=\"16%\"><b>Formula 1100<\/b><\/td>\n<td width=\"16%\"><b>TC Juniors <\/b><\/td>\n<td width=\"16%\"><b>Sport4 <\/b><\/td>\n<td width=\"16%\"><b>F1100 Div. Renault<\/b><\/td>\n<\/tr>\n<tr bgcolor=\"D3E7F9\">\n<td><a href=\"http:\/\/femadmza.com.ar\/2016\/Tradicionales\/12_TCTINS.htm\">Inscriptos <\/a><\/td>\n<td><a href=\"http:\/\/femadmza.com.ar\/2016\/Tradicionales\/12_850INS.htm\">Inscriptos <\/a><\/td>\n<td><a href=\"http:\/\/femadmza.com.ar\/2016\/Tradicionales\/12_F1100INS.htm\">Inscriptos <\/a><\/td>\n<td><a href=\"http:\/\/femadmza.com.ar\/2016\/Tradicionales\/12_TCJINS.htm\">Inscriptos <\/a><\/td>\n<td><a href=\"http:\/\/femadmza.com.ar\/2016\/Tradicionales\/12_SP4INS.htm\">Inscriptos <\/a><\/td>\n<td><a href=\"http:\/\/femadmza.com.ar\/2016\/Tradicionales\/12_FR1100INS.htm\">Inscriptos <\/a><\/td>\n<\/tr>\n<tr bgcolor=\"D3E7F9\">\n<td><a href=\"http:\/\/femadmza.com.ar\/2016\/Tradicionales\/12_TCTSER1.htm\">Pre-Final <\/a><\/td>\n<td><a href=\"http:\/\/femadmza.com.ar\/2016\/Tradicionales\/12_850SER1.htm\">Pre-Final <\/a><\/td>\n<td><a href=\"http:\/\/femadmza.com.ar\/2016\/Tradicionales\/12_F1100SER1.htm\">Pre-Final <\/a><\/td>\n<td><a href=\"http:\/\/femadmza.com.ar\/2016\/Tradicionales\/12_TCJSER1.htm\">Pre-Final <\/a><\/td>\n<td><a href=\"http:\/\/femadmza.com.ar\/2016\/Tradicionales\/12_SP4SER1.htm\">Pre-Final <\/a><\/td>\n<td><a href=\"http:\/\/femadmza.com.ar\/2016\/Tradicionales\/12_FR1100SER1.htm\">Pre-Final <\/a><\/td>\n<\/tr>\n<tr bgcolor=\"D3E7F9\">\n<td><a href=\"http:\/\/femadmza.com.ar\/2016\/Tradicionales\/12_TCTFINAL.htm\">Final <\/a><\/td>\n<td><a href=\"http:\/\/femadmza.com.ar\/2016\/Tradicionales\/12_850FINAL.htm\">Final <\/a><\/td>\n<td><a href=\"http:\/\/femadmza.com.ar\/2016\/Tradicionales\/12_F1100FINAL.htm\">Final <\/a><\/td>\n<td><a href=\"http:\/\/femadmza.com.ar\/2016\/Tradicionales\/12_TCJFINAL.htm\">Final <\/a><\/td>\n<td><a href=\"http:\/\/femadmza.com.ar\/2016\/Tradicionales\/12_SP4FINAL.htm\">Final <\/a><\/td>\n<td><a href=\"http:\/\/femadmza.com.ar\/2016\/Tradicionales\/12_FR1100FINAL.htm\">Final <\/a><\/td>\n<\/tr>\n<\/tbody>\n<\/table>\n<h3><img loading=\"lazy\" decoding=\"async\" class=\"aligncenter size-full wp-image-20625\" src=\"http:\/\/www.curva1.com.ar\/wp-content\/uploads\/2016\/12\/15304599_588421638016802_8347437852306893017_o.jpg\" alt=\"\" width=\"2048\" height=\"1536\" srcset=\"https:\/\/curva1.com.ar\/wp-content\/uploads\/2016\/12\/15304599_588421638016802_8347437852306893017_o.jpg 2048w, https:\/\/curva1.com.ar\/wp-content\/uploads\/2016\/12\/15304599_588421638016802_8347437852306893017_o-449x337.jpg 449w, https:\/\/curva1.com.ar\/wp-content\/uploads\/2016\/12\/15304599_588421638016802_8347437852306893017_o-768x576.jpg 768w, https:\/\/curva1.com.ar\/wp-content\/uploads\/2016\/12\/15304599_588421638016802_8347437852306893017_o-1024x768.jpg 1024w\" sizes=\"auto, (max-width: 2048px) 100vw, 2048px\" \/><\/h3>\n<h3><span style=\"color: #ff0000;\">850 GRUPO 1<\/span><\/h3>\n<p><span style=\"color: #ff0000;\">MARTIN SEGURA GRIT\u00d3 CAMPE\u00d3N POR PRIMERA VEZ<\/span><\/p>\n<p><img loading=\"lazy\" decoding=\"async\" class=\"aligncenter size-full wp-image-20624\" src=\"http:\/\/www.curva1.com.ar\/wp-content\/uploads\/2016\/12\/15304116_588421471350152_4677163059941177673_o.jpg\" alt=\"\" width=\"2048\" height=\"1536\" srcset=\"https:\/\/curva1.com.ar\/wp-content\/uploads\/2016\/12\/15304116_588421471350152_4677163059941177673_o.jpg 2048w, https:\/\/curva1.com.ar\/wp-content\/uploads\/2016\/12\/15304116_588421471350152_4677163059941177673_o-449x337.jpg 449w, https:\/\/curva1.com.ar\/wp-content\/uploads\/2016\/12\/15304116_588421471350152_4677163059941177673_o-768x576.jpg 768w, https:\/\/curva1.com.ar\/wp-content\/uploads\/2016\/12\/15304116_588421471350152_4677163059941177673_o-1024x768.jpg 1024w\" sizes=\"auto, (max-width: 2048px) 100vw, 2048px\" \/><\/p>\n<p><strong>FINAL<\/strong><\/p>\n<table class=\"tableizer-table\">\n<tbody>\n<tr>\n<td>1<\/td>\n<td>4<\/td>\n<td>FIOQUETTI MATIAS<\/td>\n<td>8<\/td>\n<\/tr>\n<tr>\n<td>2<\/td>\n<td>54<\/td>\n<td>UMANA EXEQUIEL<\/td>\n<td>8<\/td>\n<\/tr>\n<tr>\n<td>3<\/td>\n<td>9<\/td>\n<td>KUBITZ ALFREDO<\/td>\n<td>8<\/td>\n<\/tr>\n<tr>\n<td>4<\/td>\n<td>154<\/td>\n<td>CASTRO CRISTIAN<\/td>\n<td>8<\/td>\n<\/tr>\n<tr>\n<td>5<\/td>\n<td>8<\/td>\n<td>SEGURA MARTIN<\/td>\n<td>8<\/td>\n<\/tr>\n<tr>\n<td>6<\/td>\n<td>48<\/td>\n<td>LOPEZ SPECK RAUL<\/td>\n<td>8<\/td>\n<\/tr>\n<tr>\n<td>7<\/td>\n<td>58<\/td>\n<td>BUTTINI ALFREDO<\/td>\n<td>8<\/td>\n<\/tr>\n<tr>\n<td>8<\/td>\n<td>49<\/td>\n<td>BONACORSO MATIAS<\/td>\n<td>8<\/td>\n<\/tr>\n<tr>\n<td>9<\/td>\n<td>41<\/td>\n<td>CAMPOS LUIS<\/td>\n<td>8<\/td>\n<\/tr>\n<tr>\n<td>10<\/td>\n<td>1<\/td>\n<td>ADROVER JUAN<\/td>\n<td>8<\/td>\n<\/tr>\n<tr>\n<td>11<\/td>\n<td>50<\/td>\n<td>FUSCO VICTOR<\/td>\n<td>8<\/td>\n<\/tr>\n<tr>\n<td>12<\/td>\n<td>32<\/td>\n<td>COLLI MARCOS<\/td>\n<td>8<\/td>\n<\/tr>\n<tr>\n<td>13<\/td>\n<td>15<\/td>\n<td>FERNANDEZ DIEGO<\/td>\n<td>8<\/td>\n<\/tr>\n<tr>\n<td>14<\/td>\n<td>18<\/td>\n<td>FABREGAT JOSE<\/td>\n<td>7<\/td>\n<\/tr>\n<tr>\n<td>15<\/td>\n<td>13<\/td>\n<td>MUSSI GUILLERMO<\/td>\n<td>6<\/td>\n<\/tr>\n<tr>\n<td>16<\/td>\n<td>10<\/td>\n<td>COLLI FERNANDO<\/td>\n<td>NL<\/td>\n<\/tr>\n<tr>\n<td>17<\/td>\n<td>55<\/td>\n<td>CASTILLA MARIBEL<\/td>\n<td>EX<\/td>\n<\/tr>\n<tr>\n<td>18<\/td>\n<td>21<\/td>\n<td>CABA\u00d1EZ FRANCO<\/td>\n<td>EX<\/td>\n<\/tr>\n<\/tbody>\n<\/table>\n<pre><b>NOTAS: <\/b>AUTO 55 EXCLUIDO POR CORTAR CAMINO - AUTO 21 EXCLUIDO POR CIRCULAR EN CONTRAMANO<\/pre>\n<h3><span style=\"color: #ff0000;\">FORMULA 1100<\/span><\/h3>\n<p><span style=\"color: #ff0000;\">SEBASTIAN BARISON CAMPE\u00d3N POR SEXTA VEZ<\/span><\/p>\n<p><img loading=\"lazy\" decoding=\"async\" class=\"aligncenter size-full wp-image-20626\" src=\"http:\/\/www.curva1.com.ar\/wp-content\/uploads\/2016\/12\/15369988_588423018016664_4404555711391405365_o.jpg\" alt=\"\" width=\"2048\" height=\"1536\" srcset=\"https:\/\/curva1.com.ar\/wp-content\/uploads\/2016\/12\/15369988_588423018016664_4404555711391405365_o.jpg 2048w, https:\/\/curva1.com.ar\/wp-content\/uploads\/2016\/12\/15369988_588423018016664_4404555711391405365_o-449x337.jpg 449w, https:\/\/curva1.com.ar\/wp-content\/uploads\/2016\/12\/15369988_588423018016664_4404555711391405365_o-768x576.jpg 768w, https:\/\/curva1.com.ar\/wp-content\/uploads\/2016\/12\/15369988_588423018016664_4404555711391405365_o-1024x768.jpg 1024w\" sizes=\"auto, (max-width: 2048px) 100vw, 2048px\" \/><\/p>\n<p><strong>FINAL<\/strong><\/p>\n<table class=\"tableizer-table\">\n<tbody>\n<tr>\n<td>1<\/td>\n<td>11<\/td>\n<td>RUBIO ANGEL<\/td>\n<td>7<\/td>\n<\/tr>\n<tr>\n<td>2<\/td>\n<td>101<\/td>\n<td>NODARI DANIEL<\/td>\n<td>7<\/td>\n<\/tr>\n<tr>\n<td>3<\/td>\n<td>105<\/td>\n<td>BACCARO MARCELO<\/td>\n<td>7<\/td>\n<\/tr>\n<tr>\n<td>4<\/td>\n<td>59<\/td>\n<td>YA\u00d1EZ EDUARDO<\/td>\n<td>7<\/td>\n<\/tr>\n<tr>\n<td>5<\/td>\n<td>4<\/td>\n<td>BARISON SEBASTIAN<\/td>\n<td>7<\/td>\n<\/tr>\n<tr>\n<td>6<\/td>\n<td>102<\/td>\n<td>CAMILETTI HUMBERTO (5)<\/td>\n<td>7<\/td>\n<\/tr>\n<tr>\n<td>7<\/td>\n<td>103<\/td>\n<td>CAMILETTI PEDRO (12)<\/td>\n<td>7<\/td>\n<\/tr>\n<tr>\n<td>8<\/td>\n<td>111<\/td>\n<td>FIOQUETTI MATIAS<\/td>\n<td>7<\/td>\n<\/tr>\n<tr>\n<td>9<\/td>\n<td>160<\/td>\n<td>COLA LEANDRO<\/td>\n<td>7<\/td>\n<\/tr>\n<tr>\n<td>10<\/td>\n<td>27<\/td>\n<td>LOPEZ VALENTIN<\/td>\n<td>5<\/td>\n<\/tr>\n<tr>\n<td>11<\/td>\n<td>13<\/td>\n<td>CARRIO ALBERTO<\/td>\n<td>5<\/td>\n<\/tr>\n<tr>\n<td>12<\/td>\n<td>110<\/td>\n<td>ARAYA CARLOS<\/td>\n<td>3<\/td>\n<\/tr>\n<tr>\n<td>13<\/td>\n<td>7<\/td>\n<td>MORGADO MATIAS<\/td>\n<td>1<\/td>\n<\/tr>\n<tr>\n<td>14<\/td>\n<td>29<\/td>\n<td>GIL DANILO<\/td>\n<td>1<\/td>\n<\/tr>\n<tr>\n<td>15<\/td>\n<td>57<\/td>\n<td>LOPEZ RAMON<\/td>\n<td>NL<\/td>\n<\/tr>\n<\/tbody>\n<\/table>\n<pre><b>NOTA:<\/b> AUTO 111 + 2 PUESTOS POR FALSA LARGADA - CARRERA DETENIDA CON BANDERA ROJA EN VUELTA 3<\/pre>\n<h3><span style=\"color: #ff0000;\">FORMULA 1100 RENAULT<\/span><\/h3>\n<p><span style=\"color: #ff0000;\">HUMBERTO CAMILETTI ES EL CAMPE\u00d3N<\/span><\/p>\n<p><strong>FINAL<\/strong><\/p>\n<table class=\"tableizer-table\">\n<tbody>\n<tr>\n<td>1<\/td>\n<td>101<\/td>\n<td>NODARI DANIEL<\/td>\n<td>7<\/td>\n<\/tr>\n<tr>\n<td>2<\/td>\n<td>105<\/td>\n<td>BACCARO MARCELO<\/td>\n<td>7<\/td>\n<\/tr>\n<tr>\n<td>3<\/td>\n<td>102<\/td>\n<td>CAMILETTI HUMBERTO<\/td>\n<td>7<\/td>\n<\/tr>\n<tr>\n<td>4<\/td>\n<td>103<\/td>\n<td>CAMILETTI PEDRO<\/td>\n<td>7<\/td>\n<\/tr>\n<tr>\n<td>5<\/td>\n<td>111<\/td>\n<td>FIOQUETTI MATIAS<\/td>\n<td>7<\/td>\n<\/tr>\n<tr>\n<td>6<\/td>\n<td>160<\/td>\n<td>COLA LEANDRO<\/td>\n<td>7<\/td>\n<\/tr>\n<tr>\n<td>7<\/td>\n<td>110<\/td>\n<td>ARAYA CARLOS<\/td>\n<td>3<\/td>\n<\/tr>\n<\/tbody>\n<\/table>\n<h3><span style=\"color: #ff0000;\">TC JUNIOR<\/span><\/h3>\n<p><span style=\"color: #ff0000;\">SEGUNDO T\u00cdTULO PARA EL MAIPUCINO VICTOR BECERRA<\/span><\/p>\n<p><img loading=\"lazy\" decoding=\"async\" class=\"aligncenter size-full wp-image-20627\" src=\"http:\/\/www.curva1.com.ar\/wp-content\/uploads\/2016\/12\/15370136_588423561349943_8478271623409456517_o.jpg\" alt=\"\" width=\"2048\" height=\"1536\" srcset=\"https:\/\/curva1.com.ar\/wp-content\/uploads\/2016\/12\/15370136_588423561349943_8478271623409456517_o.jpg 2048w, https:\/\/curva1.com.ar\/wp-content\/uploads\/2016\/12\/15370136_588423561349943_8478271623409456517_o-449x337.jpg 449w, https:\/\/curva1.com.ar\/wp-content\/uploads\/2016\/12\/15370136_588423561349943_8478271623409456517_o-768x576.jpg 768w, https:\/\/curva1.com.ar\/wp-content\/uploads\/2016\/12\/15370136_588423561349943_8478271623409456517_o-1024x768.jpg 1024w\" sizes=\"auto, (max-width: 2048px) 100vw, 2048px\" \/><\/p>\n<p><strong>FINAL<\/strong><\/p>\n<table class=\"tableizer-table\">\n<tbody>\n<tr>\n<td>1<\/td>\n<td>11<\/td>\n<td>FIORENZA ALEXIS<\/td>\n<td>10<\/td>\n<\/tr>\n<tr>\n<td>2<\/td>\n<td>18<\/td>\n<td>BECERRA VICTOR<\/td>\n<td>10<\/td>\n<\/tr>\n<tr>\n<td>3<\/td>\n<td>10<\/td>\n<td>BARISON JOAQUIN<\/td>\n<td>10<\/td>\n<\/tr>\n<tr>\n<td>4<\/td>\n<td>5<\/td>\n<td>BENITO JUAN<\/td>\n<td>10<\/td>\n<\/tr>\n<tr>\n<td>5<\/td>\n<td>6<\/td>\n<td>DOMINGUEZ DANIEL<\/td>\n<td>10<\/td>\n<\/tr>\n<tr>\n<td>6<\/td>\n<td>7<\/td>\n<td>FUSARI SEBASTIAN<\/td>\n<td>10<\/td>\n<\/tr>\n<tr>\n<td>7<\/td>\n<td>15<\/td>\n<td>SAMITO SERGIO<\/td>\n<td>10<\/td>\n<\/tr>\n<tr>\n<td>8<\/td>\n<td>50<\/td>\n<td>GOMEZ SERGIO<\/td>\n<td>1<\/td>\n<\/tr>\n<tr>\n<td>9<\/td>\n<td>79<\/td>\n<td>BALMACEDA EDGARDO<\/td>\n<td>NL<\/td>\n<\/tr>\n<tr>\n<td>10<\/td>\n<td>22<\/td>\n<td>SESTO ENRIQUE<\/td>\n<td>EX<\/td>\n<\/tr>\n<\/tbody>\n<\/table>\n<pre><b>NOTA: <\/b>AUTO 22 EXCLUIDO POR NO INGRESAR A PARQUE CERRADO<\/pre>\n<h3><span style=\"color: #ff0000;\">SPORT 4<\/span><\/h3>\n<p><span style=\"color: #ff0000;\">HORARIO ALVAREZ SE CORON\u00d3 NUEVAMENTE MONARCA <\/span><\/p>\n<p><img loading=\"lazy\" decoding=\"async\" class=\"aligncenter size-full wp-image-20623\" src=\"http:\/\/www.curva1.com.ar\/wp-content\/uploads\/2016\/12\/15326121_588424018016564_8134999796519261443_o.jpg\" alt=\"\" width=\"2048\" height=\"1536\" srcset=\"https:\/\/curva1.com.ar\/wp-content\/uploads\/2016\/12\/15326121_588424018016564_8134999796519261443_o.jpg 2048w, https:\/\/curva1.com.ar\/wp-content\/uploads\/2016\/12\/15326121_588424018016564_8134999796519261443_o-449x337.jpg 449w, https:\/\/curva1.com.ar\/wp-content\/uploads\/2016\/12\/15326121_588424018016564_8134999796519261443_o-768x576.jpg 768w, https:\/\/curva1.com.ar\/wp-content\/uploads\/2016\/12\/15326121_588424018016564_8134999796519261443_o-1024x768.jpg 1024w\" sizes=\"auto, (max-width: 2048px) 100vw, 2048px\" \/><\/p>\n<p><strong>FINAL<\/strong><\/p>\n<table class=\"tableizer-table\">\n<tbody>\n<tr>\n<td>1<\/td>\n<td>8<\/td>\n<td>OLIVERA MIGUEL<\/td>\n<td>10<\/td>\n<\/tr>\n<tr>\n<td>2<\/td>\n<td>34<\/td>\n<td>MAJSTRUK ROMAN<\/td>\n<td>10<\/td>\n<\/tr>\n<tr>\n<td>3<\/td>\n<td>12<\/td>\n<td>CABRERA JAVIER<\/td>\n<td>10<\/td>\n<\/tr>\n<tr>\n<td>4<\/td>\n<td>2<\/td>\n<td>ALVAREZ HORACIO<\/td>\n<td>10<\/td>\n<\/tr>\n<tr>\n<td>5<\/td>\n<td>35<\/td>\n<td>DELPOZO BRUNO<\/td>\n<td>9<\/td>\n<\/tr>\n<tr>\n<td>6<\/td>\n<td>10<\/td>\n<td>ALOSI NAZARENO<\/td>\n<td>9<\/td>\n<\/tr>\n<tr>\n<td>7<\/td>\n<td>3<\/td>\n<td>BACCARO ALBERTO<\/td>\n<td>9<\/td>\n<\/tr>\n<tr>\n<td>8<\/td>\n<td>46<\/td>\n<td>MORENO DAMIAN<\/td>\n<td>9<\/td>\n<\/tr>\n<tr>\n<td>9<\/td>\n<td>23<\/td>\n<td>TORTI DANIEL<\/td>\n<td>8<\/td>\n<\/tr>\n<tr>\n<td>10<\/td>\n<td>33<\/td>\n<td>LOPEZ JOSE<\/td>\n<td>8<\/td>\n<\/tr>\n<tr>\n<td>11<\/td>\n<td>1<\/td>\n<td>IMBERTI NESTOR<\/td>\n<td>1<\/td>\n<\/tr>\n<tr>\n<td>12<\/td>\n<td>13<\/td>\n<td>CANILLA MAURICIO<\/td>\n<td>NL<\/td>\n<\/tr>\n<tr>\n<td>13<\/td>\n<td>4<\/td>\n<td>RODRIGUEZ SANTIAGO<\/td>\n<td>NL<\/td>\n<\/tr>\n<\/tbody>\n<\/table>\n<h3><span style=\"color: #ff0000;\">TC TRADICIONAL<\/span><\/h3>\n<p><span style=\"color: #ff0000;\">PABLO CATANA ES EL CAMPE\u00d3N DE UNA BUENA TEMPORADA<\/span><\/p>\n<p><strong>FINAL<\/strong><\/p>\n<table class=\"tableizer-table\">\n<tbody>\n<tr>\n<td>1<\/td>\n<td>1<\/td>\n<td>CATANA PABLO<\/td>\n<td>8<\/td>\n<\/tr>\n<tr>\n<td>2<\/td>\n<td>28<\/td>\n<td>CAYLA FABIAN<\/td>\n<td>8<\/td>\n<\/tr>\n<tr>\n<td>3<\/td>\n<td>20<\/td>\n<td>RUEDAS MATIAS<\/td>\n<td>8<\/td>\n<\/tr>\n<tr>\n<td>4<\/td>\n<td>44<\/td>\n<td>MORENO RICARDO<\/td>\n<td>8<\/td>\n<\/tr>\n<tr>\n<td>5<\/td>\n<td>79<\/td>\n<td>CARDOZO LEANDRO<\/td>\n<td>8<\/td>\n<\/tr>\n<tr>\n<td>6<\/td>\n<td>4<\/td>\n<td>RUEDAS DANIEL<\/td>\n<td>8<\/td>\n<\/tr>\n<tr>\n<td>7<\/td>\n<td>7<\/td>\n<td>PEREZ HUGO<\/td>\n<td>8<\/td>\n<\/tr>\n<tr>\n<td>8<\/td>\n<td>22<\/td>\n<td>RIZZO EDUARDO<\/td>\n<td>8<\/td>\n<\/tr>\n<tr>\n<td>9<\/td>\n<td>12<\/td>\n<td>CASTRO FACUNDO<\/td>\n<td>7<\/td>\n<\/tr>\n<tr>\n<td>10<\/td>\n<td>10<\/td>\n<td>DELGADO SEBASTIAN<\/td>\n<td>7<\/td>\n<\/tr>\n<tr>\n<td>11<\/td>\n<td>88<\/td>\n<td>PEREZ HERNAN<\/td>\n<td>7<\/td>\n<\/tr>\n<tr>\n<td>12<\/td>\n<td>6<\/td>\n<td>PEREZ ADRIAN<\/td>\n<td>7<\/td>\n<\/tr>\n<tr>\n<td>13<\/td>\n<td>46<\/td>\n<td>COBARRUBIA ANTONIO<\/td>\n<td>6<\/td>\n<\/tr>\n<tr>\n<td>14<\/td>\n<td>9<\/td>\n<td>PEREZ MAURICIO<\/td>\n<td>5<\/td>\n<\/tr>\n<\/tbody>\n<\/table>\n","protected":false},"excerpt":{"rendered":"<p>El campeonato de automovilismo de tierra mendocino &#8220;Categor\u00edas Tradicionales&#8221; finaliz\u00f3 su temporada 2016 el pasado<\/p>\n","protected":false},"author":1,"featured_media":20622,"comment_status":"closed","ping_status":"closed","sticky":false,"template":"","format":"standard","meta":{"footnotes":""},"categories":[3],"tags":[],"class_list":["post-20621","post","type-post","status-publish","format-standard","has-post-thumbnail","hentry","category-tradicionales"],"featured_image_urls":{"full":["https:\/\/curva1.com.ar\/wp-content\/uploads\/2016\/12\/15259525_588424451349854_2898092756408937150_o.jpg",800,450,false],"thumbnail":["https:\/\/curva1.com.ar\/wp-content\/uploads\/2016\/12\/15259525_588424451349854_2898092756408937150_o-300x169.jpg",300,169,true],"medium":["https:\/\/curva1.com.ar\/wp-content\/uploads\/2016\/12\/15259525_588424451349854_2898092756408937150_o-600x337.jpg",600,337,true],"medium_large":["https:\/\/curva1.com.ar\/wp-content\/uploads\/2016\/12\/15259525_588424451349854_2898092756408937150_o-768x432.jpg",640,360,true],"large":["https:\/\/curva1.com.ar\/wp-content\/uploads\/2016\/12\/15259525_588424451349854_2898092756408937150_o.jpg",640,360,false],"1536x1536":["https:\/\/curva1.com.ar\/wp-content\/uploads\/2016\/12\/15259525_588424451349854_2898092756408937150_o.jpg",800,450,false],"2048x2048":["https:\/\/curva1.com.ar\/wp-content\/uploads\/2016\/12\/15259525_588424451349854_2898092756408937150_o.jpg",800,450,false],"chromenews-featured":["https:\/\/curva1.com.ar\/wp-content\/uploads\/2016\/12\/15259525_588424451349854_2898092756408937150_o.jpg",800,450,false],"chromenews-large":["https:\/\/curva1.com.ar\/wp-content\/uploads\/2016\/12\/15259525_588424451349854_2898092756408937150_o.jpg",800,450,false],"chromenews-medium":["https:\/\/curva1.com.ar\/wp-content\/uploads\/2016\/12\/15259525_588424451349854_2898092756408937150_o.jpg",590,332,false]},"author_info":{"display_name":"Jos\u00e9 Bravo","author_link":"https:\/\/curva1.com.ar\/?author=1"},"category_info":"<a href=\"https:\/\/curva1.com.ar\/?cat=3\" rel=\"category\">Tradicionales<\/a>","tag_info":"Tradicionales","comment_count":"0","yoast_head":"<!-- This site is optimized with the Yoast SEO Premium plugin v14.7 - https:\/\/yoast.com\/wordpress\/plugins\/seo\/ -->\n<title>Tradicionales cerr\u00f3 la temporada 2016 en el asfalto del Pena - Curva 1<\/title>\n<meta name=\"robots\" content=\"index, follow\" \/>\n<meta name=\"googlebot\" content=\"index, follow, max-snippet:-1, max-image-preview:large, max-video-preview:-1\" \/>\n<meta name=\"bingbot\" content=\"index, follow, max-snippet:-1, max-image-preview:large, max-video-preview:-1\" \/>\n<link rel=\"canonical\" href=\"https:\/\/curva1.com.ar\/?p=20621\" \/>\n<meta property=\"og:locale\" content=\"en_US\" \/>\n<meta property=\"og:type\" content=\"article\" \/>\n<meta property=\"og:title\" content=\"Tradicionales cerr\u00f3 la temporada 2016 en el asfalto del Pena - Curva 1\" \/>\n<meta property=\"og:description\" content=\"El campeonato de automovilismo de tierra mendocino &#8220;Categor\u00edas Tradicionales&#8221; finaliz\u00f3 su temporada 2016 el pasado\" \/>\n<meta property=\"og:url\" content=\"https:\/\/curva1.com.ar\/?p=20621\" \/>\n<meta property=\"og:site_name\" content=\"Curva 1\" \/>\n<meta property=\"article:publisher\" content=\"https:\/\/www.facebook.com\/revistacurva1\/\" \/>\n<meta property=\"article:published_time\" content=\"2016-12-07T14:59:16+00:00\" \/>\n<meta property=\"article:modified_time\" content=\"2016-12-07T19:59:39+00:00\" \/>\n<meta property=\"og:image\" content=\"https:\/\/curva1.com.ar\/wp-content\/uploads\/2016\/12\/15259525_588424451349854_2898092756408937150_o.jpg\" \/>\n\t<meta property=\"og:image:width\" content=\"800\" \/>\n\t<meta property=\"og:image:height\" content=\"450\" \/>\n<meta property=\"fb:app_id\" content=\"1593067817533208\" \/>\n<meta name=\"twitter:card\" content=\"summary_large_image\" \/>\n<meta name=\"twitter:creator\" content=\"@curva1mendoza\" \/>\n<meta name=\"twitter:site\" content=\"@curva1mendoza\" \/>\n<script type=\"application\/ld+json\" class=\"yoast-schema-graph\">{\"@context\":\"https:\/\/schema.org\",\"@graph\":[{\"@type\":\"WebSite\",\"@id\":\"https:\/\/curva1.com.ar\/#website\",\"url\":\"https:\/\/curva1.com.ar\/\",\"name\":\"Curva 1\",\"description\":\"Automovilismo de Mendoza\",\"potentialAction\":[{\"@type\":\"SearchAction\",\"target\":\"https:\/\/curva1.com.ar\/?s={search_term_string}\",\"query-input\":\"required name=search_term_string\"}],\"inLanguage\":\"en-US\"},{\"@type\":\"ImageObject\",\"@id\":\"https:\/\/curva1.com.ar\/?p=20621#primaryimage\",\"inLanguage\":\"en-US\",\"url\":\"https:\/\/curva1.com.ar\/wp-content\/uploads\/2016\/12\/15259525_588424451349854_2898092756408937150_o.jpg\",\"width\":800,\"height\":450,\"caption\":\"CATANA RECIBE EL BANDERAZO FINAL PARA GRITAR OTRA VEZ CAMPEON\"},{\"@type\":\"WebPage\",\"@id\":\"https:\/\/curva1.com.ar\/?p=20621#webpage\",\"url\":\"https:\/\/curva1.com.ar\/?p=20621\",\"name\":\"Tradicionales cerr\\u00f3 la temporada 2016 en el asfalto del Pena - Curva 1\",\"isPartOf\":{\"@id\":\"https:\/\/curva1.com.ar\/#website\"},\"primaryImageOfPage\":{\"@id\":\"https:\/\/curva1.com.ar\/?p=20621#primaryimage\"},\"datePublished\":\"2016-12-07T14:59:16+00:00\",\"dateModified\":\"2016-12-07T19:59:39+00:00\",\"author\":{\"@id\":\"https:\/\/curva1.com.ar\/#\/schema\/person\/f5fd12984d70df7314fbd9ab42f31033\"},\"inLanguage\":\"en-US\",\"potentialAction\":[{\"@type\":\"ReadAction\",\"target\":[\"https:\/\/curva1.com.ar\/?p=20621\"]}]},{\"@type\":[\"Person\"],\"@id\":\"https:\/\/curva1.com.ar\/#\/schema\/person\/f5fd12984d70df7314fbd9ab42f31033\",\"name\":\"Jos\\u00e9 Bravo\",\"image\":{\"@type\":\"ImageObject\",\"@id\":\"https:\/\/curva1.com.ar\/#personlogo\",\"inLanguage\":\"en-US\",\"url\":\"https:\/\/secure.gravatar.com\/avatar\/3ae0b1fdc6ddeb723a6e6c23609ed39de1d40a94b8112fd2c0c2032e2dabf28b?s=96&d=identicon&r=g\",\"caption\":\"Jos\\u00e9 Bravo\"}}]}<\/script>\n<!-- \/ Yoast SEO Premium plugin. -->","_links":{"self":[{"href":"https:\/\/curva1.com.ar\/index.php?rest_route=\/wp\/v2\/posts\/20621","targetHints":{"allow":["GET"]}}],"collection":[{"href":"https:\/\/curva1.com.ar\/index.php?rest_route=\/wp\/v2\/posts"}],"about":[{"href":"https:\/\/curva1.com.ar\/index.php?rest_route=\/wp\/v2\/types\/post"}],"author":[{"embeddable":true,"href":"https:\/\/curva1.com.ar\/index.php?rest_route=\/wp\/v2\/users\/1"}],"replies":[{"embeddable":true,"href":"https:\/\/curva1.com.ar\/index.php?rest_route=%2Fwp%2Fv2%2Fcomments&post=20621"}],"version-history":[{"count":1,"href":"https:\/\/curva1.com.ar\/index.php?rest_route=\/wp\/v2\/posts\/20621\/revisions"}],"predecessor-version":[{"id":20628,"href":"https:\/\/curva1.com.ar\/index.php?rest_route=\/wp\/v2\/posts\/20621\/revisions\/20628"}],"wp:featuredmedia":[{"embeddable":true,"href":"https:\/\/curva1.com.ar\/index.php?rest_route=\/wp\/v2\/media\/20622"}],"wp:attachment":[{"href":"https:\/\/curva1.com.ar\/index.php?rest_route=%2Fwp%2Fv2%2Fmedia&parent=20621"}],"wp:term":[{"taxonomy":"category","embeddable":true,"href":"https:\/\/curva1.com.ar\/index.php?rest_route=%2Fwp%2Fv2%2Fcategories&post=20621"},{"taxonomy":"post_tag","embeddable":true,"href":"https:\/\/curva1.com.ar\/index.php?rest_route=%2Fwp%2Fv2%2Ftags&post=20621"}],"curies":[{"name":"wp","href":"https:\/\/api.w.org\/{rel}","templated":true}]}}