{"id":20629,"date":"2016-12-07T22:03:34","date_gmt":"2016-12-08T01:03:34","guid":{"rendered":"http:\/\/www.curva1.com.ar\/?p=20629"},"modified":"2016-12-07T22:04:49","modified_gmt":"2016-12-08T01:04:49","slug":"jorge-vitar-finaliza-su-primera-temporada-completa-en-el-tn","status":"publish","type":"post","link":"https:\/\/curva1.com.ar\/?p=20629","title":{"rendered":"Vitar corre la \u00faltima del TN en el Corsa poleman de Bergallo"},"content":{"rendered":"<p><img loading=\"lazy\" decoding=\"async\" class=\"aligncenter size-full wp-image-20630\" src=\"http:\/\/www.curva1.com.ar\/wp-content\/uploads\/2016\/12\/DSC_2151.jpg\" alt=\"\" width=\"1024\" height=\"680\" srcset=\"https:\/\/curva1.com.ar\/wp-content\/uploads\/2016\/12\/DSC_2151.jpg 1024w, https:\/\/curva1.com.ar\/wp-content\/uploads\/2016\/12\/DSC_2151-507x337.jpg 507w, https:\/\/curva1.com.ar\/wp-content\/uploads\/2016\/12\/DSC_2151-768x510.jpg 768w\" sizes=\"auto, (max-width: 1024px) 100vw, 1024px\" \/><\/p>\n<p>El piloto mendocino Jorge Vitar afrontar\u00e1 este fin de semana su \u00faltimo compromiso del a\u00f1o junto al Campeonato Argentino de Turismo Nacional, que se realizar\u00e1 en Viedma, R\u00edo Negro.<\/p>\n<p>El mendocino viaja con la ilusi\u00f3n de finalizar su primera temporada y obtener un resultado para tener subir en la tabla de puntuaciones donde se ubica 23\u00ba, entre 52 rankeados.<\/p>\n<div class=\"text_exposed_show\">\n<p>&#8220;Vamos con las mismas fuerzas de todas las carreras. Esta fecha dejo mi auto y me subo al Corsa que manej\u00f3 la carrera pasada Tom\u00e1s Bergallo, quien estar\u00e1 ausente en esta cita. Bergallo hizo la pole con esta unidad y vamos con esperanzas de hacer un buen papel con este otro auto del equipo de Bertozzi&#8221; explic\u00f3 Vitar, quien en la \u00faltima fecha en Posadas trep\u00f3 desde el puesto diecinueve lugares en la final.<\/p>\n<p>La actividad comenzar\u00e1 el viernes con las cl\u00e1sicas dos tandas de entrenamientos, para luego pasar a la primera sesi\u00f3n clasificatoria, desde las El s\u00e1bado se definir\u00e1 la clasifica y desde las 15 horas por el canal digital DeporTV, por el Canal 631 de DirecTV o <a href=\"http:\/\/www.deportv.gov.ar\/\" target=\"_blank\" rel=\"nofollow\">www.deportv.gov.ar.<\/a><\/p>\n<p>HORARIOS: <a href=\"http:\/\/www.apat.org.ar\/articulo\/361\/horarios\" target=\"_blank\" rel=\"nofollow\">http:\/\/www.apat.org.ar\/articulo\/361\/horarios<\/a><\/p>\n<\/div>\n","protected":false},"excerpt":{"rendered":"<p>El piloto mendocino Jorge Vitar afrontar\u00e1 este fin de semana su \u00faltimo compromiso del a\u00f1o<\/p>\n","protected":false},"author":1,"featured_media":20630,"comment_status":"closed","ping_status":"closed","sticky":false,"template":"","format":"standard","meta":{"footnotes":""},"categories":[6],"tags":[],"class_list":["post-20629","post","type-post","status-publish","format-standard","has-post-thumbnail","hentry","category-nacionales"],"featured_image_urls":{"full":["https:\/\/curva1.com.ar\/wp-content\/uploads\/2016\/12\/DSC_2151.jpg",1024,680,false],"thumbnail":["https:\/\/curva1.com.ar\/wp-content\/uploads\/2016\/12\/DSC_2151-300x169.jpg",300,169,true],"medium":["https:\/\/curva1.com.ar\/wp-content\/uploads\/2016\/12\/DSC_2151-507x337.jpg",507,337,true],"medium_large":["https:\/\/curva1.com.ar\/wp-content\/uploads\/2016\/12\/DSC_2151-768x510.jpg",640,425,true],"large":["https:\/\/curva1.com.ar\/wp-content\/uploads\/2016\/12\/DSC_2151-1024x680.jpg",640,425,true],"1536x1536":["https:\/\/curva1.com.ar\/wp-content\/uploads\/2016\/12\/DSC_2151.jpg",1024,680,false],"2048x2048":["https:\/\/curva1.com.ar\/wp-content\/uploads\/2016\/12\/DSC_2151.jpg",1024,680,false],"chromenews-featured":["https:\/\/curva1.com.ar\/wp-content\/uploads\/2016\/12\/DSC_2151.jpg",1024,680,false],"chromenews-large":["https:\/\/curva1.com.ar\/wp-content\/uploads\/2016\/12\/DSC_2151.jpg",825,548,false],"chromenews-medium":["https:\/\/curva1.com.ar\/wp-content\/uploads\/2016\/12\/DSC_2151.jpg",590,392,false]},"author_info":{"display_name":"Jos\u00e9 Bravo","author_link":"https:\/\/curva1.com.ar\/?author=1"},"category_info":"<a href=\"https:\/\/curva1.com.ar\/?cat=6\" rel=\"category\">Nacionales<\/a>","tag_info":"Nacionales","comment_count":"0","yoast_head":"<!-- This site is optimized with the Yoast SEO Premium plugin v14.7 - https:\/\/yoast.com\/wordpress\/plugins\/seo\/ -->\n<title>Vitar corre la \u00faltima del TN en el Corsa poleman de Bergallo - Curva 1<\/title>\n<meta name=\"robots\" content=\"index, follow\" \/>\n<meta name=\"googlebot\" content=\"index, follow, max-snippet:-1, max-image-preview:large, max-video-preview:-1\" \/>\n<meta name=\"bingbot\" content=\"index, follow, max-snippet:-1, max-image-preview:large, max-video-preview:-1\" \/>\n<link rel=\"canonical\" href=\"https:\/\/curva1.com.ar\/?p=20629\" \/>\n<meta property=\"og:locale\" content=\"en_US\" \/>\n<meta property=\"og:type\" content=\"article\" \/>\n<meta property=\"og:title\" content=\"Vitar corre la \u00faltima del TN en el Corsa poleman de Bergallo - Curva 1\" \/>\n<meta property=\"og:description\" content=\"El piloto mendocino Jorge Vitar afrontar\u00e1 este fin de semana su \u00faltimo compromiso del a\u00f1o\" \/>\n<meta property=\"og:url\" content=\"https:\/\/curva1.com.ar\/?p=20629\" \/>\n<meta property=\"og:site_name\" content=\"Curva 1\" \/>\n<meta property=\"article:publisher\" content=\"https:\/\/www.facebook.com\/revistacurva1\/\" \/>\n<meta property=\"article:published_time\" content=\"2016-12-08T01:03:34+00:00\" \/>\n<meta property=\"article:modified_time\" content=\"2016-12-08T01:04:49+00:00\" \/>\n<meta property=\"og:image\" content=\"https:\/\/curva1.com.ar\/wp-content\/uploads\/2016\/12\/DSC_2151.jpg\" \/>\n\t<meta property=\"og:image:width\" content=\"1024\" \/>\n\t<meta property=\"og:image:height\" content=\"680\" \/>\n<meta property=\"fb:app_id\" content=\"1593067817533208\" \/>\n<meta name=\"twitter:card\" content=\"summary_large_image\" \/>\n<meta name=\"twitter:creator\" content=\"@curva1mendoza\" \/>\n<meta name=\"twitter:site\" content=\"@curva1mendoza\" \/>\n<script type=\"application\/ld+json\" class=\"yoast-schema-graph\">{\"@context\":\"https:\/\/schema.org\",\"@graph\":[{\"@type\":\"WebSite\",\"@id\":\"https:\/\/curva1.com.ar\/#website\",\"url\":\"https:\/\/curva1.com.ar\/\",\"name\":\"Curva 1\",\"description\":\"Automovilismo de Mendoza\",\"potentialAction\":[{\"@type\":\"SearchAction\",\"target\":\"https:\/\/curva1.com.ar\/?s={search_term_string}\",\"query-input\":\"required name=search_term_string\"}],\"inLanguage\":\"en-US\"},{\"@type\":\"ImageObject\",\"@id\":\"https:\/\/curva1.com.ar\/?p=20629#primaryimage\",\"inLanguage\":\"en-US\",\"url\":\"https:\/\/curva1.com.ar\/wp-content\/uploads\/2016\/12\/DSC_2151.jpg\",\"width\":1024,\"height\":680},{\"@type\":\"WebPage\",\"@id\":\"https:\/\/curva1.com.ar\/?p=20629#webpage\",\"url\":\"https:\/\/curva1.com.ar\/?p=20629\",\"name\":\"Vitar corre la \\u00faltima del TN en el Corsa poleman de Bergallo - Curva 1\",\"isPartOf\":{\"@id\":\"https:\/\/curva1.com.ar\/#website\"},\"primaryImageOfPage\":{\"@id\":\"https:\/\/curva1.com.ar\/?p=20629#primaryimage\"},\"datePublished\":\"2016-12-08T01:03:34+00:00\",\"dateModified\":\"2016-12-08T01:04:49+00:00\",\"author\":{\"@id\":\"https:\/\/curva1.com.ar\/#\/schema\/person\/f5fd12984d70df7314fbd9ab42f31033\"},\"inLanguage\":\"en-US\",\"potentialAction\":[{\"@type\":\"ReadAction\",\"target\":[\"https:\/\/curva1.com.ar\/?p=20629\"]}]},{\"@type\":[\"Person\"],\"@id\":\"https:\/\/curva1.com.ar\/#\/schema\/person\/f5fd12984d70df7314fbd9ab42f31033\",\"name\":\"Jos\\u00e9 Bravo\",\"image\":{\"@type\":\"ImageObject\",\"@id\":\"https:\/\/curva1.com.ar\/#personlogo\",\"inLanguage\":\"en-US\",\"url\":\"https:\/\/secure.gravatar.com\/avatar\/3ae0b1fdc6ddeb723a6e6c23609ed39de1d40a94b8112fd2c0c2032e2dabf28b?s=96&d=identicon&r=g\",\"caption\":\"Jos\\u00e9 Bravo\"}}]}<\/script>\n<!-- \/ Yoast SEO Premium plugin. -->","_links":{"self":[{"href":"https:\/\/curva1.com.ar\/index.php?rest_route=\/wp\/v2\/posts\/20629","targetHints":{"allow":["GET"]}}],"collection":[{"href":"https:\/\/curva1.com.ar\/index.php?rest_route=\/wp\/v2\/posts"}],"about":[{"href":"https:\/\/curva1.com.ar\/index.php?rest_route=\/wp\/v2\/types\/post"}],"author":[{"embeddable":true,"href":"https:\/\/curva1.com.ar\/index.php?rest_route=\/wp\/v2\/users\/1"}],"replies":[{"embeddable":true,"href":"https:\/\/curva1.com.ar\/index.php?rest_route=%2Fwp%2Fv2%2Fcomments&post=20629"}],"version-history":[{"count":3,"href":"https:\/\/curva1.com.ar\/index.php?rest_route=\/wp\/v2\/posts\/20629\/revisions"}],"predecessor-version":[{"id":20633,"href":"https:\/\/curva1.com.ar\/index.php?rest_route=\/wp\/v2\/posts\/20629\/revisions\/20633"}],"wp:featuredmedia":[{"embeddable":true,"href":"https:\/\/curva1.com.ar\/index.php?rest_route=\/wp\/v2\/media\/20630"}],"wp:attachment":[{"href":"https:\/\/curva1.com.ar\/index.php?rest_route=%2Fwp%2Fv2%2Fmedia&parent=20629"}],"wp:term":[{"taxonomy":"category","embeddable":true,"href":"https:\/\/curva1.com.ar\/index.php?rest_route=%2Fwp%2Fv2%2Fcategories&post=20629"},{"taxonomy":"post_tag","embeddable":true,"href":"https:\/\/curva1.com.ar\/index.php?rest_route=%2Fwp%2Fv2%2Ftags&post=20629"}],"curies":[{"name":"wp","href":"https:\/\/api.w.org\/{rel}","templated":true}]}}