{"id":20634,"date":"2016-12-09T01:45:30","date_gmt":"2016-12-09T04:45:30","guid":{"rendered":"http:\/\/www.curva1.com.ar\/?p=20634"},"modified":"2016-12-09T02:04:49","modified_gmt":"2016-12-09T05:04:49","slug":"participa-de-la-copa-mendoza-de-karting-a-bajo-costo","status":"publish","type":"post","link":"https:\/\/curva1.com.ar\/?p=20634","title":{"rendered":"Particip\u00e1 de la COPA MENDOZA de karting a bajo costo!!!"},"content":{"rendered":"<p><img loading=\"lazy\" decoding=\"async\" class=\"aligncenter size-full wp-image-20635\" src=\"http:\/\/www.curva1.com.ar\/wp-content\/uploads\/2016\/12\/110...jpg\" alt=\"\" width=\"800\" height=\"513\" srcset=\"https:\/\/curva1.com.ar\/wp-content\/uploads\/2016\/12\/110...jpg 800w, https:\/\/curva1.com.ar\/wp-content\/uploads\/2016\/12\/110..-526x337.jpg 526w, https:\/\/curva1.com.ar\/wp-content\/uploads\/2016\/12\/110..-768x492.jpg 768w\" sizes=\"auto, (max-width: 800px) 100vw, 800px\" \/><\/p>\n<p>El mundo motor de la regi\u00f3n de Cuyo despedir\u00e1 la temporada 2016 con la primera edici\u00f3n de la \u201cCopa Mendoza\u201d de k<span class=\"_5afx\"><span class=\"_58cm\">arting<\/span><\/span>. Una nueva propuesta de car\u00e1cter internacional que promete romper los esquemas.<\/p>\n<p>La COPA MENDOZA ser\u00e1 carrera especial de karting de asfalto \u201cfecha \u00fanica\u201d donde se espera una important\u00edsima convocatoria de karts, para cerrar el a\u00f1o con un excelente show.<\/p>\n<blockquote><p><a href=\"http:\/\/curva1kart.com.ar\/noticias\/?p=69693\" target=\"_blank\"><strong>MAS INFO AQUI<\/strong><\/a><\/p><\/blockquote>\n<p><img loading=\"lazy\" decoding=\"async\" class=\"aligncenter size-full wp-image-20639\" src=\"http:\/\/www.curva1.com.ar\/wp-content\/uploads\/2016\/12\/WhatsApp-Image-2016-12-07-at-19.21.57.jpeg\" alt=\"\" width=\"800\" height=\"560\" srcset=\"https:\/\/curva1.com.ar\/wp-content\/uploads\/2016\/12\/WhatsApp-Image-2016-12-07-at-19.21.57.jpeg 800w, https:\/\/curva1.com.ar\/wp-content\/uploads\/2016\/12\/WhatsApp-Image-2016-12-07-at-19.21.57-481x337.jpeg 481w, https:\/\/curva1.com.ar\/wp-content\/uploads\/2016\/12\/WhatsApp-Image-2016-12-07-at-19.21.57-768x538.jpeg 768w\" sizes=\"auto, (max-width: 800px) 100vw, 800px\" \/><\/p>\n","protected":false},"excerpt":{"rendered":"<p>El mundo motor de la regi\u00f3n de Cuyo despedir\u00e1 la temporada 2016 con la primera<\/p>\n","protected":false},"author":1,"featured_media":20636,"comment_status":"closed","ping_status":"closed","sticky":false,"template":"","format":"standard","meta":{"footnotes":""},"categories":[4],"tags":[],"class_list":["post-20634","post","type-post","status-publish","format-standard","has-post-thumbnail","hentry","category-karting"],"featured_image_urls":{"full":["https:\/\/curva1.com.ar\/wp-content\/uploads\/2016\/12\/IMG_0719.jpg",700,394,false],"thumbnail":["https:\/\/curva1.com.ar\/wp-content\/uploads\/2016\/12\/IMG_0719-300x169.jpg",300,169,true],"medium":["https:\/\/curva1.com.ar\/wp-content\/uploads\/2016\/12\/IMG_0719-600x337.jpg",600,337,true],"medium_large":["https:\/\/curva1.com.ar\/wp-content\/uploads\/2016\/12\/IMG_0719.jpg",640,360,false],"large":["https:\/\/curva1.com.ar\/wp-content\/uploads\/2016\/12\/IMG_0719.jpg",640,360,false],"1536x1536":["https:\/\/curva1.com.ar\/wp-content\/uploads\/2016\/12\/IMG_0719.jpg",700,394,false],"2048x2048":["https:\/\/curva1.com.ar\/wp-content\/uploads\/2016\/12\/IMG_0719.jpg",700,394,false],"chromenews-featured":["https:\/\/curva1.com.ar\/wp-content\/uploads\/2016\/12\/IMG_0719.jpg",700,394,false],"chromenews-large":["https:\/\/curva1.com.ar\/wp-content\/uploads\/2016\/12\/IMG_0719.jpg",700,394,false],"chromenews-medium":["https:\/\/curva1.com.ar\/wp-content\/uploads\/2016\/12\/IMG_0719.jpg",590,332,false]},"author_info":{"display_name":"Jos\u00e9 Bravo","author_link":"https:\/\/curva1.com.ar\/?author=1"},"category_info":"<a href=\"https:\/\/curva1.com.ar\/?cat=4\" rel=\"category\">Karting Asfalto<\/a>","tag_info":"Karting Asfalto","comment_count":"0","yoast_head":"<!-- This site is optimized with the Yoast SEO Premium plugin v14.7 - https:\/\/yoast.com\/wordpress\/plugins\/seo\/ -->\n<title>Particip\u00e1 de la COPA MENDOZA de karting a bajo costo!!! - Curva 1<\/title>\n<meta name=\"robots\" content=\"index, follow\" \/>\n<meta name=\"googlebot\" content=\"index, follow, max-snippet:-1, max-image-preview:large, max-video-preview:-1\" \/>\n<meta name=\"bingbot\" content=\"index, follow, max-snippet:-1, max-image-preview:large, max-video-preview:-1\" \/>\n<link rel=\"canonical\" href=\"https:\/\/curva1.com.ar\/?p=20634\" \/>\n<meta property=\"og:locale\" content=\"en_US\" \/>\n<meta property=\"og:type\" content=\"article\" \/>\n<meta property=\"og:title\" content=\"Particip\u00e1 de la COPA MENDOZA de karting a bajo costo!!! - Curva 1\" \/>\n<meta property=\"og:description\" content=\"El mundo motor de la regi\u00f3n de Cuyo despedir\u00e1 la temporada 2016 con la primera\" \/>\n<meta property=\"og:url\" content=\"https:\/\/curva1.com.ar\/?p=20634\" \/>\n<meta property=\"og:site_name\" content=\"Curva 1\" \/>\n<meta property=\"article:publisher\" content=\"https:\/\/www.facebook.com\/revistacurva1\/\" \/>\n<meta property=\"article:published_time\" content=\"2016-12-09T04:45:30+00:00\" \/>\n<meta property=\"article:modified_time\" content=\"2016-12-09T05:04:49+00:00\" \/>\n<meta property=\"og:image\" content=\"https:\/\/curva1.com.ar\/wp-content\/uploads\/2016\/12\/IMG_0719.jpg\" \/>\n\t<meta property=\"og:image:width\" content=\"700\" \/>\n\t<meta property=\"og:image:height\" content=\"394\" \/>\n<meta property=\"fb:app_id\" content=\"1593067817533208\" \/>\n<meta name=\"twitter:card\" content=\"summary_large_image\" \/>\n<meta name=\"twitter:creator\" content=\"@curva1mendoza\" \/>\n<meta name=\"twitter:site\" content=\"@curva1mendoza\" \/>\n<script type=\"application\/ld+json\" class=\"yoast-schema-graph\">{\"@context\":\"https:\/\/schema.org\",\"@graph\":[{\"@type\":\"WebSite\",\"@id\":\"https:\/\/curva1.com.ar\/#website\",\"url\":\"https:\/\/curva1.com.ar\/\",\"name\":\"Curva 1\",\"description\":\"Automovilismo de Mendoza\",\"potentialAction\":[{\"@type\":\"SearchAction\",\"target\":\"https:\/\/curva1.com.ar\/?s={search_term_string}\",\"query-input\":\"required name=search_term_string\"}],\"inLanguage\":\"en-US\"},{\"@type\":\"ImageObject\",\"@id\":\"https:\/\/curva1.com.ar\/?p=20634#primaryimage\",\"inLanguage\":\"en-US\",\"url\":\"https:\/\/curva1.com.ar\/wp-content\/uploads\/2016\/12\/IMG_0719.jpg\",\"width\":700,\"height\":394},{\"@type\":\"WebPage\",\"@id\":\"https:\/\/curva1.com.ar\/?p=20634#webpage\",\"url\":\"https:\/\/curva1.com.ar\/?p=20634\",\"name\":\"Particip\\u00e1 de la COPA MENDOZA de karting a bajo costo!!! - Curva 1\",\"isPartOf\":{\"@id\":\"https:\/\/curva1.com.ar\/#website\"},\"primaryImageOfPage\":{\"@id\":\"https:\/\/curva1.com.ar\/?p=20634#primaryimage\"},\"datePublished\":\"2016-12-09T04:45:30+00:00\",\"dateModified\":\"2016-12-09T05:04:49+00:00\",\"author\":{\"@id\":\"https:\/\/curva1.com.ar\/#\/schema\/person\/f5fd12984d70df7314fbd9ab42f31033\"},\"inLanguage\":\"en-US\",\"potentialAction\":[{\"@type\":\"ReadAction\",\"target\":[\"https:\/\/curva1.com.ar\/?p=20634\"]}]},{\"@type\":[\"Person\"],\"@id\":\"https:\/\/curva1.com.ar\/#\/schema\/person\/f5fd12984d70df7314fbd9ab42f31033\",\"name\":\"Jos\\u00e9 Bravo\",\"image\":{\"@type\":\"ImageObject\",\"@id\":\"https:\/\/curva1.com.ar\/#personlogo\",\"inLanguage\":\"en-US\",\"url\":\"https:\/\/secure.gravatar.com\/avatar\/3ae0b1fdc6ddeb723a6e6c23609ed39de1d40a94b8112fd2c0c2032e2dabf28b?s=96&d=identicon&r=g\",\"caption\":\"Jos\\u00e9 Bravo\"}}]}<\/script>\n<!-- \/ Yoast SEO Premium plugin. -->","_links":{"self":[{"href":"https:\/\/curva1.com.ar\/index.php?rest_route=\/wp\/v2\/posts\/20634","targetHints":{"allow":["GET"]}}],"collection":[{"href":"https:\/\/curva1.com.ar\/index.php?rest_route=\/wp\/v2\/posts"}],"about":[{"href":"https:\/\/curva1.com.ar\/index.php?rest_route=\/wp\/v2\/types\/post"}],"author":[{"embeddable":true,"href":"https:\/\/curva1.com.ar\/index.php?rest_route=\/wp\/v2\/users\/1"}],"replies":[{"embeddable":true,"href":"https:\/\/curva1.com.ar\/index.php?rest_route=%2Fwp%2Fv2%2Fcomments&post=20634"}],"version-history":[{"count":3,"href":"https:\/\/curva1.com.ar\/index.php?rest_route=\/wp\/v2\/posts\/20634\/revisions"}],"predecessor-version":[{"id":20641,"href":"https:\/\/curva1.com.ar\/index.php?rest_route=\/wp\/v2\/posts\/20634\/revisions\/20641"}],"wp:featuredmedia":[{"embeddable":true,"href":"https:\/\/curva1.com.ar\/index.php?rest_route=\/wp\/v2\/media\/20636"}],"wp:attachment":[{"href":"https:\/\/curva1.com.ar\/index.php?rest_route=%2Fwp%2Fv2%2Fmedia&parent=20634"}],"wp:term":[{"taxonomy":"category","embeddable":true,"href":"https:\/\/curva1.com.ar\/index.php?rest_route=%2Fwp%2Fv2%2Fcategories&post=20634"},{"taxonomy":"post_tag","embeddable":true,"href":"https:\/\/curva1.com.ar\/index.php?rest_route=%2Fwp%2Fv2%2Ftags&post=20634"}],"curies":[{"name":"wp","href":"https:\/\/api.w.org\/{rel}","templated":true}]}}