{"id":20642,"date":"2016-12-09T02:23:47","date_gmt":"2016-12-09T05:23:47","guid":{"rendered":"http:\/\/www.curva1.com.ar\/?p=20642"},"modified":"2016-12-09T02:23:47","modified_gmt":"2016-12-09T05:23:47","slug":"fabri-persia-quiere-el-campeonato-del-top-race-series","status":"publish","type":"post","link":"https:\/\/curva1.com.ar\/?p=20642","title":{"rendered":"Fabri Persia quiere el campeonato del Top Race Series"},"content":{"rendered":"<p><img loading=\"lazy\" decoding=\"async\" class=\"aligncenter size-full wp-image-20644\" src=\"http:\/\/www.curva1.com.ar\/wp-content\/uploads\/2016\/12\/5849697504829_668_376.jpg\" alt=\"\" width=\"668\" height=\"376\" srcset=\"https:\/\/curva1.com.ar\/wp-content\/uploads\/2016\/12\/5849697504829_668_376.jpg 668w, https:\/\/curva1.com.ar\/wp-content\/uploads\/2016\/12\/5849697504829_668_376-300x169.jpg 300w, https:\/\/curva1.com.ar\/wp-content\/uploads\/2016\/12\/5849697504829_668_376-600x337.jpg 600w\" sizes=\"auto, (max-width: 668px) 100vw, 668px\" \/><\/p>\n<p>El sanjuanino del SDE Competici\u00f3n llega a la \u00faltima fecha de Top Race Series como uno de los tres candidatos a la corona, y en Salta deber\u00e1 batallar con Lucas y Maxi Valle.<\/p>\n<p><b>Fabricio Persia<\/b> tendr\u00e1 la posibilidad de coronarse campe\u00f3n de <b>Top Race Series<\/b> el pr\u00f3ximo fin de semana en el aut\u00f3dromo &#8220;Martin Miguel de G\u00fcemes&#8221; de Salta, donde llega empatado con <b>Lucas Valle<\/b>. Ambos tienen cinco unidades producto de dos victorias.<\/p>\n<p><i>&#8220;Llego a Salta con mucha fe porque el auto viene funcionando bien. En las \u00faltimas fechas estuvimos siempre entre los cinco primeros. El objetivo es salir campe\u00f3n&#8221;<\/i>, manifest\u00f3 el sanjuanino.<\/p>\n<p>El piloto del equipo SDE Competici\u00f3n ha sido uno de los grandes protagonistas de la temporada y espera cerrar el a\u00f1o obteniendo el t\u00edtulo.<\/p>\n<p><i>&#8220;Ha sido un a\u00f1o positivo y mejore mucho como piloto. Siempre tuvimos buenos resultados y pudimos ganar dos carreras. Vamos a tratar de coronarlo de la mejor manera&#8221;<\/i>, asegur\u00f3 <b>Persia<\/b>, quien analiza su futuro para la pr\u00f3xima temporada, donde podr\u00eda dar el salto al <b>TRV6<\/b> o podr\u00eda incorporarse al <b>TC2000<\/b>, explicaron en la web Campeones.<\/p>\n","protected":false},"excerpt":{"rendered":"<p>El sanjuanino del SDE Competici\u00f3n llega a la \u00faltima fecha de Top Race Series como<\/p>\n","protected":false},"author":1,"featured_media":20644,"comment_status":"closed","ping_status":"closed","sticky":false,"template":"","format":"standard","meta":{"footnotes":""},"categories":[6],"tags":[],"class_list":["post-20642","post","type-post","status-publish","format-standard","has-post-thumbnail","hentry","category-nacionales"],"featured_image_urls":{"full":["https:\/\/curva1.com.ar\/wp-content\/uploads\/2016\/12\/5849697504829_668_376.jpg",668,376,false],"thumbnail":["https:\/\/curva1.com.ar\/wp-content\/uploads\/2016\/12\/5849697504829_668_376-300x169.jpg",300,169,true],"medium":["https:\/\/curva1.com.ar\/wp-content\/uploads\/2016\/12\/5849697504829_668_376-600x337.jpg",600,337,true],"medium_large":["https:\/\/curva1.com.ar\/wp-content\/uploads\/2016\/12\/5849697504829_668_376.jpg",640,360,false],"large":["https:\/\/curva1.com.ar\/wp-content\/uploads\/2016\/12\/5849697504829_668_376.jpg",640,360,false],"1536x1536":["https:\/\/curva1.com.ar\/wp-content\/uploads\/2016\/12\/5849697504829_668_376.jpg",668,376,false],"2048x2048":["https:\/\/curva1.com.ar\/wp-content\/uploads\/2016\/12\/5849697504829_668_376.jpg",668,376,false],"chromenews-featured":["https:\/\/curva1.com.ar\/wp-content\/uploads\/2016\/12\/5849697504829_668_376.jpg",668,376,false],"chromenews-large":["https:\/\/curva1.com.ar\/wp-content\/uploads\/2016\/12\/5849697504829_668_376.jpg",668,376,false],"chromenews-medium":["https:\/\/curva1.com.ar\/wp-content\/uploads\/2016\/12\/5849697504829_668_376.jpg",590,332,false]},"author_info":{"display_name":"Jos\u00e9 Bravo","author_link":"https:\/\/curva1.com.ar\/?author=1"},"category_info":"<a href=\"https:\/\/curva1.com.ar\/?cat=6\" rel=\"category\">Nacionales<\/a>","tag_info":"Nacionales","comment_count":"0","yoast_head":"<!-- This site is optimized with the Yoast SEO Premium plugin v14.7 - https:\/\/yoast.com\/wordpress\/plugins\/seo\/ -->\n<title>Fabri Persia quiere el campeonato del Top Race Series - Curva 1<\/title>\n<meta name=\"robots\" content=\"index, follow\" \/>\n<meta name=\"googlebot\" content=\"index, follow, max-snippet:-1, max-image-preview:large, max-video-preview:-1\" \/>\n<meta name=\"bingbot\" content=\"index, follow, max-snippet:-1, max-image-preview:large, max-video-preview:-1\" \/>\n<link rel=\"canonical\" href=\"https:\/\/curva1.com.ar\/?p=20642\" \/>\n<meta property=\"og:locale\" content=\"en_US\" \/>\n<meta property=\"og:type\" content=\"article\" \/>\n<meta property=\"og:title\" content=\"Fabri Persia quiere el campeonato del Top Race Series - Curva 1\" \/>\n<meta property=\"og:description\" content=\"El sanjuanino del SDE Competici\u00f3n llega a la \u00faltima fecha de Top Race Series como\" \/>\n<meta property=\"og:url\" content=\"https:\/\/curva1.com.ar\/?p=20642\" \/>\n<meta property=\"og:site_name\" content=\"Curva 1\" \/>\n<meta property=\"article:publisher\" content=\"https:\/\/www.facebook.com\/revistacurva1\/\" \/>\n<meta property=\"article:published_time\" content=\"2016-12-09T05:23:47+00:00\" \/>\n<meta property=\"og:image\" content=\"https:\/\/curva1.com.ar\/wp-content\/uploads\/2016\/12\/5849697504829_668_376.jpg\" \/>\n\t<meta property=\"og:image:width\" content=\"668\" \/>\n\t<meta property=\"og:image:height\" content=\"376\" \/>\n<meta property=\"fb:app_id\" content=\"1593067817533208\" \/>\n<meta name=\"twitter:card\" content=\"summary_large_image\" \/>\n<meta name=\"twitter:creator\" content=\"@curva1mendoza\" \/>\n<meta name=\"twitter:site\" content=\"@curva1mendoza\" \/>\n<script type=\"application\/ld+json\" class=\"yoast-schema-graph\">{\"@context\":\"https:\/\/schema.org\",\"@graph\":[{\"@type\":\"WebSite\",\"@id\":\"https:\/\/curva1.com.ar\/#website\",\"url\":\"https:\/\/curva1.com.ar\/\",\"name\":\"Curva 1\",\"description\":\"Automovilismo de Mendoza\",\"potentialAction\":[{\"@type\":\"SearchAction\",\"target\":\"https:\/\/curva1.com.ar\/?s={search_term_string}\",\"query-input\":\"required name=search_term_string\"}],\"inLanguage\":\"en-US\"},{\"@type\":\"ImageObject\",\"@id\":\"https:\/\/curva1.com.ar\/?p=20642#primaryimage\",\"inLanguage\":\"en-US\",\"url\":\"https:\/\/curva1.com.ar\/wp-content\/uploads\/2016\/12\/5849697504829_668_376.jpg\",\"width\":668,\"height\":376},{\"@type\":\"WebPage\",\"@id\":\"https:\/\/curva1.com.ar\/?p=20642#webpage\",\"url\":\"https:\/\/curva1.com.ar\/?p=20642\",\"name\":\"Fabri Persia quiere el campeonato del Top Race Series - Curva 1\",\"isPartOf\":{\"@id\":\"https:\/\/curva1.com.ar\/#website\"},\"primaryImageOfPage\":{\"@id\":\"https:\/\/curva1.com.ar\/?p=20642#primaryimage\"},\"datePublished\":\"2016-12-09T05:23:47+00:00\",\"dateModified\":\"2016-12-09T05:23:47+00:00\",\"author\":{\"@id\":\"https:\/\/curva1.com.ar\/#\/schema\/person\/f5fd12984d70df7314fbd9ab42f31033\"},\"inLanguage\":\"en-US\",\"potentialAction\":[{\"@type\":\"ReadAction\",\"target\":[\"https:\/\/curva1.com.ar\/?p=20642\"]}]},{\"@type\":[\"Person\"],\"@id\":\"https:\/\/curva1.com.ar\/#\/schema\/person\/f5fd12984d70df7314fbd9ab42f31033\",\"name\":\"Jos\\u00e9 Bravo\",\"image\":{\"@type\":\"ImageObject\",\"@id\":\"https:\/\/curva1.com.ar\/#personlogo\",\"inLanguage\":\"en-US\",\"url\":\"https:\/\/secure.gravatar.com\/avatar\/3ae0b1fdc6ddeb723a6e6c23609ed39de1d40a94b8112fd2c0c2032e2dabf28b?s=96&d=identicon&r=g\",\"caption\":\"Jos\\u00e9 Bravo\"}}]}<\/script>\n<!-- \/ Yoast SEO Premium plugin. -->","_links":{"self":[{"href":"https:\/\/curva1.com.ar\/index.php?rest_route=\/wp\/v2\/posts\/20642","targetHints":{"allow":["GET"]}}],"collection":[{"href":"https:\/\/curva1.com.ar\/index.php?rest_route=\/wp\/v2\/posts"}],"about":[{"href":"https:\/\/curva1.com.ar\/index.php?rest_route=\/wp\/v2\/types\/post"}],"author":[{"embeddable":true,"href":"https:\/\/curva1.com.ar\/index.php?rest_route=\/wp\/v2\/users\/1"}],"replies":[{"embeddable":true,"href":"https:\/\/curva1.com.ar\/index.php?rest_route=%2Fwp%2Fv2%2Fcomments&post=20642"}],"version-history":[{"count":1,"href":"https:\/\/curva1.com.ar\/index.php?rest_route=\/wp\/v2\/posts\/20642\/revisions"}],"predecessor-version":[{"id":20645,"href":"https:\/\/curva1.com.ar\/index.php?rest_route=\/wp\/v2\/posts\/20642\/revisions\/20645"}],"wp:featuredmedia":[{"embeddable":true,"href":"https:\/\/curva1.com.ar\/index.php?rest_route=\/wp\/v2\/media\/20644"}],"wp:attachment":[{"href":"https:\/\/curva1.com.ar\/index.php?rest_route=%2Fwp%2Fv2%2Fmedia&parent=20642"}],"wp:term":[{"taxonomy":"category","embeddable":true,"href":"https:\/\/curva1.com.ar\/index.php?rest_route=%2Fwp%2Fv2%2Fcategories&post=20642"},{"taxonomy":"post_tag","embeddable":true,"href":"https:\/\/curva1.com.ar\/index.php?rest_route=%2Fwp%2Fv2%2Ftags&post=20642"}],"curies":[{"name":"wp","href":"https:\/\/api.w.org\/{rel}","templated":true}]}}