{"id":20665,"date":"2016-12-22T10:02:19","date_gmt":"2016-12-22T13:02:19","guid":{"rendered":"http:\/\/www.curva1.com.ar\/?p=20665"},"modified":"2016-12-23T10:04:58","modified_gmt":"2016-12-23T13:04:58","slug":"mendocino-de-motocross-cerro-el-ano-en-el-carrizal","status":"publish","type":"post","link":"https:\/\/curva1.com.ar\/?p=20665","title":{"rendered":"Mendocino de Motocross cerr\u00f3 el a\u00f1o en El Carrizal"},"content":{"rendered":"<p><img loading=\"lazy\" decoding=\"async\" class=\"aligncenter size-full wp-image-20666\" src=\"http:\/\/www.curva1.com.ar\/wp-content\/uploads\/2016\/12\/image5859e91ae9d5f9.10911302.jpg\" alt=\"\" width=\"1401\" height=\"650\" srcset=\"https:\/\/curva1.com.ar\/wp-content\/uploads\/2016\/12\/image5859e91ae9d5f9.10911302.jpg 1401w, https:\/\/curva1.com.ar\/wp-content\/uploads\/2016\/12\/image5859e91ae9d5f9.10911302-600x278.jpg 600w, https:\/\/curva1.com.ar\/wp-content\/uploads\/2016\/12\/image5859e91ae9d5f9.10911302-768x356.jpg 768w, https:\/\/curva1.com.ar\/wp-content\/uploads\/2016\/12\/image5859e91ae9d5f9.10911302-1024x475.jpg 1024w\" sizes=\"auto, (max-width: 1401px) 100vw, 1401px\" \/><\/p>\n<p>El circuito El Gringo Loco fue escenario del \u00faltimo compromiso para el campeonato mendocino de motocross.<\/p>\n<p>El circuito El Gringo Loco de El Carrizal fue escenario del \u00faltimo compromiso para el campeonato mendocino de motocross, desarroll\u00e1ndose dos mangas para las ocho categor\u00edas participantes.<\/p>\n<p>En la divisional para los m\u00e1s peque\u00f1os, es decir la 85 cc, Marco Bisole se llev\u00f3 la primera manga por encima de Lautaro Cosimano y Santiago Amaya. Mientras que la segunda tambi\u00e9n fue dominada por Bisole con Lautaro Cosimano y Nicol\u00e1s Climent como escoltas.<\/p>\n<p>Entre los Master, Julio Quiroga y Carlos Carrivale escoltaron a Dalmiro Mur en la primera manga de los A. Luego, el mejor fue Quiroga al derrotar a Carrivale y Luis Amaya.<\/p>\n<p>En la divisi\u00f3n B, Roque Contardi releg\u00f3 a Ra\u00fal M\u00e1rquez y Mario Quiroga. Lo mismo sucedi\u00f3 en la segunda carrera, aunque Gabriel Paz ocup\u00f3 el \u00faltimo escal\u00f3n del podio para celebrar con Contardi y M\u00e1rquez.<\/p>\n<p>Leandro Sosa, Emiliano Carleti y Eber Vergara \u00a0fueron los que hicieron podio en la primera competencia de Junior. En la segunda fue el mismo vencedor pero Vergara y Carleti invirtieron sus puestos.<\/p>\n<p>En Open A sobresalieron los hermanos Castillo: primero venci\u00f3 Mat\u00edas por delante de Emiliano y Gabriel Fern\u00e1ndez, mientras que Emiliano festej\u00f3 en la segunda con Mat\u00edas y Fern\u00e1ndez completando el podio.<\/p>\n<p>En la primera manga de Open B, Nahuel Morici venci\u00f3 a Mat\u00edas Mir\u00e1bile y \u00c1ngelo Sgobba, quienes tampoco pudieron con Morici en el segundo parcial.<\/p>\n<p>Luis Varalta dej\u00f3 atr\u00e1s a Leonardo L\u00f3pez y Edgardo Broncini en la manga inicial de Principiante. Despu\u00e9s fue Broncini el triunfador con L\u00f3pez y Varalta detr\u00e1s.<\/p>\n<p>Por \u00faltimo, en Promocional, Daniel Daniele consigui\u00f3 la victoria en el primer parcial tras aventajar a Dami\u00e1n Moreno y Brian Beiza. La segunda carrera qued\u00f3 en manos de Valentino Cortez con Moreno y Daniele completando el podio.<\/p>\n<p style=\"padding-left: 30px;\">M\u00e1s Deportes<\/p>\n","protected":false},"excerpt":{"rendered":"<p>El circuito El Gringo Loco fue escenario del \u00faltimo compromiso para el campeonato mendocino de<\/p>\n","protected":false},"author":1,"featured_media":20666,"comment_status":"closed","ping_status":"closed","sticky":false,"template":"","format":"standard","meta":{"footnotes":""},"categories":[10],"tags":[],"class_list":["post-20665","post","type-post","status-publish","format-standard","has-post-thumbnail","hentry","category-motos"],"featured_image_urls":{"full":["https:\/\/curva1.com.ar\/wp-content\/uploads\/2016\/12\/image5859e91ae9d5f9.10911302.jpg",1401,650,false],"thumbnail":["https:\/\/curva1.com.ar\/wp-content\/uploads\/2016\/12\/image5859e91ae9d5f9.10911302-300x169.jpg",300,169,true],"medium":["https:\/\/curva1.com.ar\/wp-content\/uploads\/2016\/12\/image5859e91ae9d5f9.10911302-600x278.jpg",600,278,true],"medium_large":["https:\/\/curva1.com.ar\/wp-content\/uploads\/2016\/12\/image5859e91ae9d5f9.10911302-768x356.jpg",640,297,true],"large":["https:\/\/curva1.com.ar\/wp-content\/uploads\/2016\/12\/image5859e91ae9d5f9.10911302-1024x475.jpg",640,297,true],"1536x1536":["https:\/\/curva1.com.ar\/wp-content\/uploads\/2016\/12\/image5859e91ae9d5f9.10911302.jpg",1401,650,false],"2048x2048":["https:\/\/curva1.com.ar\/wp-content\/uploads\/2016\/12\/image5859e91ae9d5f9.10911302.jpg",1401,650,false],"chromenews-featured":["https:\/\/curva1.com.ar\/wp-content\/uploads\/2016\/12\/image5859e91ae9d5f9.10911302.jpg",1024,475,false],"chromenews-large":["https:\/\/curva1.com.ar\/wp-content\/uploads\/2016\/12\/image5859e91ae9d5f9.10911302.jpg",825,383,false],"chromenews-medium":["https:\/\/curva1.com.ar\/wp-content\/uploads\/2016\/12\/image5859e91ae9d5f9.10911302.jpg",590,274,false]},"author_info":{"display_name":"Jos\u00e9 Bravo","author_link":"https:\/\/curva1.com.ar\/?author=1"},"category_info":"<a href=\"https:\/\/curva1.com.ar\/?cat=10\" rel=\"category\">Motos<\/a>","tag_info":"Motos","comment_count":"0","yoast_head":"<!-- This site is optimized with the Yoast SEO Premium plugin v14.7 - https:\/\/yoast.com\/wordpress\/plugins\/seo\/ -->\n<title>Mendocino de Motocross cerr\u00f3 el a\u00f1o en El Carrizal - Curva 1<\/title>\n<meta name=\"robots\" content=\"index, follow\" \/>\n<meta name=\"googlebot\" content=\"index, follow, max-snippet:-1, max-image-preview:large, max-video-preview:-1\" \/>\n<meta name=\"bingbot\" content=\"index, follow, max-snippet:-1, max-image-preview:large, max-video-preview:-1\" \/>\n<link rel=\"canonical\" href=\"https:\/\/curva1.com.ar\/?p=20665\" \/>\n<meta property=\"og:locale\" content=\"en_US\" \/>\n<meta property=\"og:type\" content=\"article\" \/>\n<meta property=\"og:title\" content=\"Mendocino de Motocross cerr\u00f3 el a\u00f1o en El Carrizal - Curva 1\" \/>\n<meta property=\"og:description\" content=\"El circuito El Gringo Loco fue escenario del \u00faltimo compromiso para el campeonato mendocino de\" \/>\n<meta property=\"og:url\" content=\"https:\/\/curva1.com.ar\/?p=20665\" \/>\n<meta property=\"og:site_name\" content=\"Curva 1\" \/>\n<meta property=\"article:publisher\" content=\"https:\/\/www.facebook.com\/revistacurva1\/\" \/>\n<meta property=\"article:published_time\" content=\"2016-12-22T13:02:19+00:00\" \/>\n<meta property=\"article:modified_time\" content=\"2016-12-23T13:04:58+00:00\" \/>\n<meta property=\"og:image\" content=\"https:\/\/curva1.com.ar\/wp-content\/uploads\/2016\/12\/image5859e91ae9d5f9.10911302.jpg\" \/>\n\t<meta property=\"og:image:width\" content=\"1401\" \/>\n\t<meta property=\"og:image:height\" content=\"650\" \/>\n<meta property=\"fb:app_id\" content=\"1593067817533208\" \/>\n<meta name=\"twitter:card\" content=\"summary_large_image\" \/>\n<meta name=\"twitter:creator\" content=\"@curva1mendoza\" \/>\n<meta name=\"twitter:site\" content=\"@curva1mendoza\" \/>\n<script type=\"application\/ld+json\" class=\"yoast-schema-graph\">{\"@context\":\"https:\/\/schema.org\",\"@graph\":[{\"@type\":\"WebSite\",\"@id\":\"https:\/\/curva1.com.ar\/#website\",\"url\":\"https:\/\/curva1.com.ar\/\",\"name\":\"Curva 1\",\"description\":\"Automovilismo de Mendoza\",\"potentialAction\":[{\"@type\":\"SearchAction\",\"target\":\"https:\/\/curva1.com.ar\/?s={search_term_string}\",\"query-input\":\"required name=search_term_string\"}],\"inLanguage\":\"en-US\"},{\"@type\":\"ImageObject\",\"@id\":\"https:\/\/curva1.com.ar\/?p=20665#primaryimage\",\"inLanguage\":\"en-US\",\"url\":\"https:\/\/curva1.com.ar\/wp-content\/uploads\/2016\/12\/image5859e91ae9d5f9.10911302.jpg\",\"width\":1401,\"height\":650},{\"@type\":\"WebPage\",\"@id\":\"https:\/\/curva1.com.ar\/?p=20665#webpage\",\"url\":\"https:\/\/curva1.com.ar\/?p=20665\",\"name\":\"Mendocino de Motocross cerr\\u00f3 el a\\u00f1o en El Carrizal - Curva 1\",\"isPartOf\":{\"@id\":\"https:\/\/curva1.com.ar\/#website\"},\"primaryImageOfPage\":{\"@id\":\"https:\/\/curva1.com.ar\/?p=20665#primaryimage\"},\"datePublished\":\"2016-12-22T13:02:19+00:00\",\"dateModified\":\"2016-12-23T13:04:58+00:00\",\"author\":{\"@id\":\"https:\/\/curva1.com.ar\/#\/schema\/person\/f5fd12984d70df7314fbd9ab42f31033\"},\"inLanguage\":\"en-US\",\"potentialAction\":[{\"@type\":\"ReadAction\",\"target\":[\"https:\/\/curva1.com.ar\/?p=20665\"]}]},{\"@type\":[\"Person\"],\"@id\":\"https:\/\/curva1.com.ar\/#\/schema\/person\/f5fd12984d70df7314fbd9ab42f31033\",\"name\":\"Jos\\u00e9 Bravo\",\"image\":{\"@type\":\"ImageObject\",\"@id\":\"https:\/\/curva1.com.ar\/#personlogo\",\"inLanguage\":\"en-US\",\"url\":\"https:\/\/secure.gravatar.com\/avatar\/3ae0b1fdc6ddeb723a6e6c23609ed39de1d40a94b8112fd2c0c2032e2dabf28b?s=96&d=identicon&r=g\",\"caption\":\"Jos\\u00e9 Bravo\"}}]}<\/script>\n<!-- \/ Yoast SEO Premium plugin. -->","_links":{"self":[{"href":"https:\/\/curva1.com.ar\/index.php?rest_route=\/wp\/v2\/posts\/20665","targetHints":{"allow":["GET"]}}],"collection":[{"href":"https:\/\/curva1.com.ar\/index.php?rest_route=\/wp\/v2\/posts"}],"about":[{"href":"https:\/\/curva1.com.ar\/index.php?rest_route=\/wp\/v2\/types\/post"}],"author":[{"embeddable":true,"href":"https:\/\/curva1.com.ar\/index.php?rest_route=\/wp\/v2\/users\/1"}],"replies":[{"embeddable":true,"href":"https:\/\/curva1.com.ar\/index.php?rest_route=%2Fwp%2Fv2%2Fcomments&post=20665"}],"version-history":[{"count":1,"href":"https:\/\/curva1.com.ar\/index.php?rest_route=\/wp\/v2\/posts\/20665\/revisions"}],"predecessor-version":[{"id":20667,"href":"https:\/\/curva1.com.ar\/index.php?rest_route=\/wp\/v2\/posts\/20665\/revisions\/20667"}],"wp:featuredmedia":[{"embeddable":true,"href":"https:\/\/curva1.com.ar\/index.php?rest_route=\/wp\/v2\/media\/20666"}],"wp:attachment":[{"href":"https:\/\/curva1.com.ar\/index.php?rest_route=%2Fwp%2Fv2%2Fmedia&parent=20665"}],"wp:term":[{"taxonomy":"category","embeddable":true,"href":"https:\/\/curva1.com.ar\/index.php?rest_route=%2Fwp%2Fv2%2Fcategories&post=20665"},{"taxonomy":"post_tag","embeddable":true,"href":"https:\/\/curva1.com.ar\/index.php?rest_route=%2Fwp%2Fv2%2Ftags&post=20665"}],"curies":[{"name":"wp","href":"https:\/\/api.w.org\/{rel}","templated":true}]}}