{"id":20677,"date":"2016-12-23T21:14:13","date_gmt":"2016-12-24T00:14:13","guid":{"rendered":"http:\/\/www.curva1.com.ar\/?p=20677"},"modified":"2016-12-23T21:14:13","modified_gmt":"2016-12-24T00:14:13","slug":"pilotos-solidarios-con-los-chicos-del-hospital-de-san-martin","status":"publish","type":"post","link":"https:\/\/curva1.com.ar\/?p=20677","title":{"rendered":"Pilotos solidarios con los chicos del Hospital de San Mart\u00edn"},"content":{"rendered":"<p><img loading=\"lazy\" decoding=\"async\" class=\"aligncenter size-full wp-image-20680\" src=\"http:\/\/www.curva1.com.ar\/wp-content\/uploads\/2016\/12\/IMG_3451.jpg\" alt=\"\" width=\"700\" height=\"467\" srcset=\"https:\/\/curva1.com.ar\/wp-content\/uploads\/2016\/12\/IMG_3451.jpg 700w, https:\/\/curva1.com.ar\/wp-content\/uploads\/2016\/12\/IMG_3451-505x337.jpg 505w\" sizes=\"auto, (max-width: 700px) 100vw, 700px\" \/><\/p>\n<p>En la ma\u00f1ana del viernes 23 de diciembre, la fundaci\u00f3n Cadena de Favores que dirige el sanmartiniano <strong>Facundo Aguilera<\/strong> entreg\u00f3 juguetes y regalos a los ni\u00f1os del Hospital Perrupato de la ciudad de San Mart\u00edn, Mendoza.<\/p>\n<p>Por s\u00e9ptimo a\u00f1o consecutivo, esta ONG realiza una acci\u00f3n solidaria junto a deportistas mendocinos destacados de diferentes ramas.<\/p>\n<p>Acompa\u00f1aron la acci\u00f3n los pilotos <strong>Matias Jalaf<\/strong> y <strong>Juli\u00e1n Santero<\/strong> (Turismo Carretera), <strong>Bernardo Llaver<\/strong> (S\u00faper TC2000), <strong>Peluche C\u00e1ceres<\/strong> (TC2000), <strong>Roberto Bullares<\/strong> (CaNav) y <strong>Emiliano Carbonero<\/strong> (Dakar).<\/p>\n<p>Tambi\u00e9n estuvo presente <strong>Hern\u00e1n Misetich<\/strong>, en representaci\u00f3n de <strong>APATC<\/strong>, entidad organizadora del Zonal Cuyano de Automovilismo, que junto con Cadena de Favores ha realizado distintos actos de solidaridad durante 2016.<\/p>\n<p><strong>Curva 1 acompa\u00f1\u00f3 por sexto a\u00f1o consecutivo esta acci\u00f3n<\/strong>, a la vez que habl\u00f3 con protagonistas.<\/p>\n<p>EMILIANO CARBONERO &#8211; Dakar<\/p>\n<audio class=\"wp-audio-shortcode\" id=\"audio-20677-1\" preload=\"none\" style=\"width: 100%;\" controls=\"controls\"><source type=\"audio\/mpeg\" src=\"http:\/\/www.curva1.com.ar\/wp-content\/uploads\/2016\/12\/Carboneroooo.mp3?_=1\" \/><a href=\"http:\/\/www.curva1.com.ar\/wp-content\/uploads\/2016\/12\/Carboneroooo.mp3\">http:\/\/www.curva1.com.ar\/wp-content\/uploads\/2016\/12\/Carboneroooo.mp3<\/a><\/audio>\n<p>.<\/p>\n<p>TATO AGUILERA &#8211; Periodista TyC Sport \/ Radio Mitre<\/p>\n<audio class=\"wp-audio-shortcode\" id=\"audio-20677-2\" preload=\"none\" style=\"width: 100%;\" controls=\"controls\"><source type=\"audio\/mpeg\" src=\"http:\/\/www.curva1.com.ar\/wp-content\/uploads\/2016\/12\/Tati.mp3?_=2\" \/><a href=\"http:\/\/www.curva1.com.ar\/wp-content\/uploads\/2016\/12\/Tati.mp3\">http:\/\/www.curva1.com.ar\/wp-content\/uploads\/2016\/12\/Tati.mp3<\/a><\/audio>\n<p>.<\/p>\n<p><img loading=\"lazy\" decoding=\"async\" class=\"aligncenter size-full wp-image-20681\" src=\"http:\/\/www.curva1.com.ar\/wp-content\/uploads\/2016\/12\/IMG_3464.jpg\" alt=\"\" width=\"700\" height=\"467\" srcset=\"https:\/\/curva1.com.ar\/wp-content\/uploads\/2016\/12\/IMG_3464.jpg 700w, https:\/\/curva1.com.ar\/wp-content\/uploads\/2016\/12\/IMG_3464-505x337.jpg 505w\" sizes=\"auto, (max-width: 700px) 100vw, 700px\" \/> <img loading=\"lazy\" decoding=\"async\" class=\"aligncenter size-full wp-image-20682\" src=\"http:\/\/www.curva1.com.ar\/wp-content\/uploads\/2016\/12\/IMG_3450.jpg\" alt=\"\" width=\"700\" height=\"467\" srcset=\"https:\/\/curva1.com.ar\/wp-content\/uploads\/2016\/12\/IMG_3450.jpg 700w, https:\/\/curva1.com.ar\/wp-content\/uploads\/2016\/12\/IMG_3450-505x337.jpg 505w\" sizes=\"auto, (max-width: 700px) 100vw, 700px\" \/> <img loading=\"lazy\" decoding=\"async\" class=\"aligncenter size-full wp-image-20683\" src=\"http:\/\/www.curva1.com.ar\/wp-content\/uploads\/2016\/12\/IMG_3452.jpg\" alt=\"\" width=\"700\" height=\"467\" srcset=\"https:\/\/curva1.com.ar\/wp-content\/uploads\/2016\/12\/IMG_3452.jpg 700w, https:\/\/curva1.com.ar\/wp-content\/uploads\/2016\/12\/IMG_3452-505x337.jpg 505w\" sizes=\"auto, (max-width: 700px) 100vw, 700px\" \/> <img loading=\"lazy\" decoding=\"async\" class=\"aligncenter size-full wp-image-20684\" src=\"http:\/\/www.curva1.com.ar\/wp-content\/uploads\/2016\/12\/IMG_3454.jpg\" alt=\"\" width=\"700\" height=\"467\" srcset=\"https:\/\/curva1.com.ar\/wp-content\/uploads\/2016\/12\/IMG_3454.jpg 700w, https:\/\/curva1.com.ar\/wp-content\/uploads\/2016\/12\/IMG_3454-505x337.jpg 505w\" sizes=\"auto, (max-width: 700px) 100vw, 700px\" \/> <img loading=\"lazy\" decoding=\"async\" class=\"aligncenter size-full wp-image-20685\" src=\"http:\/\/www.curva1.com.ar\/wp-content\/uploads\/2016\/12\/IMG_3463.jpg\" alt=\"\" width=\"700\" height=\"467\" srcset=\"https:\/\/curva1.com.ar\/wp-content\/uploads\/2016\/12\/IMG_3463.jpg 700w, https:\/\/curva1.com.ar\/wp-content\/uploads\/2016\/12\/IMG_3463-505x337.jpg 505w\" sizes=\"auto, (max-width: 700px) 100vw, 700px\" \/> <img loading=\"lazy\" decoding=\"async\" class=\"aligncenter size-full wp-image-20686\" src=\"http:\/\/www.curva1.com.ar\/wp-content\/uploads\/2016\/12\/IMG_3473.jpg\" alt=\"\" width=\"700\" height=\"467\" srcset=\"https:\/\/curva1.com.ar\/wp-content\/uploads\/2016\/12\/IMG_3473.jpg 700w, https:\/\/curva1.com.ar\/wp-content\/uploads\/2016\/12\/IMG_3473-505x337.jpg 505w\" sizes=\"auto, (max-width: 700px) 100vw, 700px\" \/> <img loading=\"lazy\" decoding=\"async\" class=\"aligncenter size-full wp-image-20687\" src=\"http:\/\/www.curva1.com.ar\/wp-content\/uploads\/2016\/12\/IMG_3488.jpg\" alt=\"\" width=\"700\" height=\"467\" srcset=\"https:\/\/curva1.com.ar\/wp-content\/uploads\/2016\/12\/IMG_3488.jpg 700w, https:\/\/curva1.com.ar\/wp-content\/uploads\/2016\/12\/IMG_3488-505x337.jpg 505w\" sizes=\"auto, (max-width: 700px) 100vw, 700px\" \/> <img loading=\"lazy\" decoding=\"async\" class=\"aligncenter size-full wp-image-20688\" src=\"http:\/\/www.curva1.com.ar\/wp-content\/uploads\/2016\/12\/IMG_3495.jpg\" alt=\"\" width=\"700\" height=\"467\" srcset=\"https:\/\/curva1.com.ar\/wp-content\/uploads\/2016\/12\/IMG_3495.jpg 700w, https:\/\/curva1.com.ar\/wp-content\/uploads\/2016\/12\/IMG_3495-505x337.jpg 505w\" sizes=\"auto, (max-width: 700px) 100vw, 700px\" \/> <img loading=\"lazy\" decoding=\"async\" class=\"aligncenter size-full wp-image-20689\" src=\"http:\/\/www.curva1.com.ar\/wp-content\/uploads\/2016\/12\/IMG_3501.jpg\" alt=\"\" width=\"700\" height=\"467\" srcset=\"https:\/\/curva1.com.ar\/wp-content\/uploads\/2016\/12\/IMG_3501.jpg 700w, https:\/\/curva1.com.ar\/wp-content\/uploads\/2016\/12\/IMG_3501-505x337.jpg 505w\" sizes=\"auto, (max-width: 700px) 100vw, 700px\" \/> <img loading=\"lazy\" decoding=\"async\" class=\"aligncenter size-full wp-image-20690\" src=\"http:\/\/www.curva1.com.ar\/wp-content\/uploads\/2016\/12\/IMG_3504.jpg\" alt=\"\" width=\"700\" height=\"467\" srcset=\"https:\/\/curva1.com.ar\/wp-content\/uploads\/2016\/12\/IMG_3504.jpg 700w, https:\/\/curva1.com.ar\/wp-content\/uploads\/2016\/12\/IMG_3504-505x337.jpg 505w\" sizes=\"auto, (max-width: 700px) 100vw, 700px\" \/><\/p>\n","protected":false},"excerpt":{"rendered":"<p>En la ma\u00f1ana del viernes 23 de diciembre, la fundaci\u00f3n Cadena de Favores que dirige<\/p>\n","protected":false},"author":1,"featured_media":20680,"comment_status":"closed","ping_status":"closed","sticky":false,"template":"","format":"standard","meta":{"footnotes":""},"categories":[11],"tags":[],"class_list":["post-20677","post","type-post","status-publish","format-standard","has-post-thumbnail","hentry","category-mas-noticias"],"featured_image_urls":{"full":["https:\/\/curva1.com.ar\/wp-content\/uploads\/2016\/12\/IMG_3451.jpg",700,467,false],"thumbnail":["https:\/\/curva1.com.ar\/wp-content\/uploads\/2016\/12\/IMG_3451-300x169.jpg",300,169,true],"medium":["https:\/\/curva1.com.ar\/wp-content\/uploads\/2016\/12\/IMG_3451-505x337.jpg",505,337,true],"medium_large":["https:\/\/curva1.com.ar\/wp-content\/uploads\/2016\/12\/IMG_3451.jpg",640,427,false],"large":["https:\/\/curva1.com.ar\/wp-content\/uploads\/2016\/12\/IMG_3451.jpg",640,427,false],"1536x1536":["https:\/\/curva1.com.ar\/wp-content\/uploads\/2016\/12\/IMG_3451.jpg",700,467,false],"2048x2048":["https:\/\/curva1.com.ar\/wp-content\/uploads\/2016\/12\/IMG_3451.jpg",700,467,false],"chromenews-featured":["https:\/\/curva1.com.ar\/wp-content\/uploads\/2016\/12\/IMG_3451.jpg",700,467,false],"chromenews-large":["https:\/\/curva1.com.ar\/wp-content\/uploads\/2016\/12\/IMG_3451.jpg",700,467,false],"chromenews-medium":["https:\/\/curva1.com.ar\/wp-content\/uploads\/2016\/12\/IMG_3451.jpg",590,394,false]},"author_info":{"display_name":"Jos\u00e9 Bravo","author_link":"https:\/\/curva1.com.ar\/?author=1"},"category_info":"<a href=\"https:\/\/curva1.com.ar\/?cat=11\" rel=\"category\">M\u00e1s Noticias<\/a>","tag_info":"M\u00e1s Noticias","comment_count":"0","yoast_head":"<!-- This site is optimized with the Yoast SEO Premium plugin v14.7 - https:\/\/yoast.com\/wordpress\/plugins\/seo\/ -->\n<title>Pilotos solidarios con los chicos del Hospital de San Mart\u00edn - Curva 1<\/title>\n<meta name=\"robots\" content=\"index, follow\" \/>\n<meta name=\"googlebot\" content=\"index, follow, max-snippet:-1, max-image-preview:large, max-video-preview:-1\" \/>\n<meta name=\"bingbot\" content=\"index, follow, max-snippet:-1, max-image-preview:large, max-video-preview:-1\" \/>\n<link rel=\"canonical\" href=\"https:\/\/curva1.com.ar\/?p=20677\" \/>\n<meta property=\"og:locale\" content=\"en_US\" \/>\n<meta property=\"og:type\" content=\"article\" \/>\n<meta property=\"og:title\" content=\"Pilotos solidarios con los chicos del Hospital de San Mart\u00edn - Curva 1\" \/>\n<meta property=\"og:description\" content=\"En la ma\u00f1ana del viernes 23 de diciembre, la fundaci\u00f3n Cadena de Favores que dirige\" \/>\n<meta property=\"og:url\" content=\"https:\/\/curva1.com.ar\/?p=20677\" \/>\n<meta property=\"og:site_name\" content=\"Curva 1\" \/>\n<meta property=\"article:publisher\" content=\"https:\/\/www.facebook.com\/revistacurva1\/\" \/>\n<meta property=\"article:published_time\" content=\"2016-12-24T00:14:13+00:00\" \/>\n<meta property=\"og:image\" content=\"https:\/\/curva1.com.ar\/wp-content\/uploads\/2016\/12\/IMG_3451.jpg\" \/>\n\t<meta property=\"og:image:width\" content=\"700\" \/>\n\t<meta property=\"og:image:height\" content=\"467\" \/>\n<meta property=\"fb:app_id\" content=\"1593067817533208\" \/>\n<meta name=\"twitter:card\" content=\"summary_large_image\" \/>\n<meta name=\"twitter:creator\" content=\"@curva1mendoza\" \/>\n<meta name=\"twitter:site\" content=\"@curva1mendoza\" \/>\n<script type=\"application\/ld+json\" class=\"yoast-schema-graph\">{\"@context\":\"https:\/\/schema.org\",\"@graph\":[{\"@type\":\"WebSite\",\"@id\":\"https:\/\/curva1.com.ar\/#website\",\"url\":\"https:\/\/curva1.com.ar\/\",\"name\":\"Curva 1\",\"description\":\"Automovilismo de Mendoza\",\"potentialAction\":[{\"@type\":\"SearchAction\",\"target\":\"https:\/\/curva1.com.ar\/?s={search_term_string}\",\"query-input\":\"required name=search_term_string\"}],\"inLanguage\":\"en-US\"},{\"@type\":\"ImageObject\",\"@id\":\"https:\/\/curva1.com.ar\/?p=20677#primaryimage\",\"inLanguage\":\"en-US\",\"url\":\"https:\/\/curva1.com.ar\/wp-content\/uploads\/2016\/12\/IMG_3451.jpg\",\"width\":700,\"height\":467},{\"@type\":\"WebPage\",\"@id\":\"https:\/\/curva1.com.ar\/?p=20677#webpage\",\"url\":\"https:\/\/curva1.com.ar\/?p=20677\",\"name\":\"Pilotos solidarios con los chicos del Hospital de San Mart\\u00edn - Curva 1\",\"isPartOf\":{\"@id\":\"https:\/\/curva1.com.ar\/#website\"},\"primaryImageOfPage\":{\"@id\":\"https:\/\/curva1.com.ar\/?p=20677#primaryimage\"},\"datePublished\":\"2016-12-24T00:14:13+00:00\",\"dateModified\":\"2016-12-24T00:14:13+00:00\",\"author\":{\"@id\":\"https:\/\/curva1.com.ar\/#\/schema\/person\/f5fd12984d70df7314fbd9ab42f31033\"},\"inLanguage\":\"en-US\",\"potentialAction\":[{\"@type\":\"ReadAction\",\"target\":[\"https:\/\/curva1.com.ar\/?p=20677\"]}]},{\"@type\":[\"Person\"],\"@id\":\"https:\/\/curva1.com.ar\/#\/schema\/person\/f5fd12984d70df7314fbd9ab42f31033\",\"name\":\"Jos\\u00e9 Bravo\",\"image\":{\"@type\":\"ImageObject\",\"@id\":\"https:\/\/curva1.com.ar\/#personlogo\",\"inLanguage\":\"en-US\",\"url\":\"https:\/\/secure.gravatar.com\/avatar\/3ae0b1fdc6ddeb723a6e6c23609ed39de1d40a94b8112fd2c0c2032e2dabf28b?s=96&d=identicon&r=g\",\"caption\":\"Jos\\u00e9 Bravo\"}}]}<\/script>\n<!-- \/ Yoast SEO Premium plugin. -->","_links":{"self":[{"href":"https:\/\/curva1.com.ar\/index.php?rest_route=\/wp\/v2\/posts\/20677","targetHints":{"allow":["GET"]}}],"collection":[{"href":"https:\/\/curva1.com.ar\/index.php?rest_route=\/wp\/v2\/posts"}],"about":[{"href":"https:\/\/curva1.com.ar\/index.php?rest_route=\/wp\/v2\/types\/post"}],"author":[{"embeddable":true,"href":"https:\/\/curva1.com.ar\/index.php?rest_route=\/wp\/v2\/users\/1"}],"replies":[{"embeddable":true,"href":"https:\/\/curva1.com.ar\/index.php?rest_route=%2Fwp%2Fv2%2Fcomments&post=20677"}],"version-history":[{"count":1,"href":"https:\/\/curva1.com.ar\/index.php?rest_route=\/wp\/v2\/posts\/20677\/revisions"}],"predecessor-version":[{"id":20691,"href":"https:\/\/curva1.com.ar\/index.php?rest_route=\/wp\/v2\/posts\/20677\/revisions\/20691"}],"wp:featuredmedia":[{"embeddable":true,"href":"https:\/\/curva1.com.ar\/index.php?rest_route=\/wp\/v2\/media\/20680"}],"wp:attachment":[{"href":"https:\/\/curva1.com.ar\/index.php?rest_route=%2Fwp%2Fv2%2Fmedia&parent=20677"}],"wp:term":[{"taxonomy":"category","embeddable":true,"href":"https:\/\/curva1.com.ar\/index.php?rest_route=%2Fwp%2Fv2%2Fcategories&post=20677"},{"taxonomy":"post_tag","embeddable":true,"href":"https:\/\/curva1.com.ar\/index.php?rest_route=%2Fwp%2Fv2%2Ftags&post=20677"}],"curies":[{"name":"wp","href":"https:\/\/api.w.org\/{rel}","templated":true}]}}