{"id":20714,"date":"2016-12-26T12:05:59","date_gmt":"2016-12-26T15:05:59","guid":{"rendered":"http:\/\/www.curva1.com.ar\/?p=20714"},"modified":"2016-12-26T12:05:59","modified_gmt":"2016-12-26T15:05:59","slug":"aguilera-apatc-y-la-gente-del-karting-colaboro-muchisimo","status":"publish","type":"post","link":"https:\/\/curva1.com.ar\/?p=20714","title":{"rendered":"Aguilera &#8220;APATC y la gente del karting colabor\u00f3 much\u00edsimo&#8221;"},"content":{"rendered":"<p><img loading=\"lazy\" decoding=\"async\" class=\"aligncenter size-full wp-image-20716\" src=\"http:\/\/www.curva1.com.ar\/wp-content\/uploads\/2016\/12\/IMG_3496.jpg\" alt=\"\" width=\"1280\" height=\"853\" srcset=\"https:\/\/curva1.com.ar\/wp-content\/uploads\/2016\/12\/IMG_3496.jpg 1280w, https:\/\/curva1.com.ar\/wp-content\/uploads\/2016\/12\/IMG_3496-506x337.jpg 506w, https:\/\/curva1.com.ar\/wp-content\/uploads\/2016\/12\/IMG_3496-768x512.jpg 768w, https:\/\/curva1.com.ar\/wp-content\/uploads\/2016\/12\/IMG_3496-1024x682.jpg 1024w\" sizes=\"auto, (max-width: 1280px) 100vw, 1280px\" \/><\/p>\n<p>Luego de la acci\u00f3n de solidaridad que todos los diciembre de cada a\u00f1o se realiza en el Hospital de San Mart\u00edn, Facundo Aguilera habl\u00f3 con Curva 1.<\/p>\n<p>NOTA DE AUDIO<\/p>\n<audio class=\"wp-audio-shortcode\" id=\"audio-20714-1\" preload=\"none\" style=\"width: 100%;\" controls=\"controls\"><source type=\"audio\/mpeg\" src=\"http:\/\/www.curva1.com.ar\/wp-content\/uploads\/2016\/12\/Facuuu.mp3?_=1\" \/><a href=\"http:\/\/www.curva1.com.ar\/wp-content\/uploads\/2016\/12\/Facuuu.mp3\">http:\/\/www.curva1.com.ar\/wp-content\/uploads\/2016\/12\/Facuuu.mp3<\/a><\/audio>\n<p>.<\/p>\n<p><img loading=\"lazy\" decoding=\"async\" class=\"aligncenter size-full wp-image-20717\" src=\"http:\/\/www.curva1.com.ar\/wp-content\/uploads\/2016\/12\/IMG_3450-1.jpg\" alt=\"\" width=\"1280\" height=\"853\" srcset=\"https:\/\/curva1.com.ar\/wp-content\/uploads\/2016\/12\/IMG_3450-1.jpg 1280w, https:\/\/curva1.com.ar\/wp-content\/uploads\/2016\/12\/IMG_3450-1-506x337.jpg 506w, https:\/\/curva1.com.ar\/wp-content\/uploads\/2016\/12\/IMG_3450-1-768x512.jpg 768w, https:\/\/curva1.com.ar\/wp-content\/uploads\/2016\/12\/IMG_3450-1-1024x682.jpg 1024w\" sizes=\"auto, (max-width: 1280px) 100vw, 1280px\" \/> <img loading=\"lazy\" decoding=\"async\" class=\"aligncenter size-full wp-image-20718\" src=\"http:\/\/www.curva1.com.ar\/wp-content\/uploads\/2016\/12\/IMG_3495-1.jpg\" alt=\"\" width=\"1280\" height=\"853\" srcset=\"https:\/\/curva1.com.ar\/wp-content\/uploads\/2016\/12\/IMG_3495-1.jpg 1280w, https:\/\/curva1.com.ar\/wp-content\/uploads\/2016\/12\/IMG_3495-1-506x337.jpg 506w, https:\/\/curva1.com.ar\/wp-content\/uploads\/2016\/12\/IMG_3495-1-768x512.jpg 768w, https:\/\/curva1.com.ar\/wp-content\/uploads\/2016\/12\/IMG_3495-1-1024x682.jpg 1024w\" sizes=\"auto, (max-width: 1280px) 100vw, 1280px\" \/><\/p>\n","protected":false},"excerpt":{"rendered":"<p>Luego de la acci\u00f3n de solidaridad que todos los diciembre de cada a\u00f1o se realiza<\/p>\n","protected":false},"author":1,"featured_media":20716,"comment_status":"closed","ping_status":"closed","sticky":false,"template":"","format":"standard","meta":{"footnotes":""},"categories":[11],"tags":[],"class_list":["post-20714","post","type-post","status-publish","format-standard","has-post-thumbnail","hentry","category-mas-noticias"],"featured_image_urls":{"full":["https:\/\/curva1.com.ar\/wp-content\/uploads\/2016\/12\/IMG_3496.jpg",1280,853,false],"thumbnail":["https:\/\/curva1.com.ar\/wp-content\/uploads\/2016\/12\/IMG_3496-300x169.jpg",300,169,true],"medium":["https:\/\/curva1.com.ar\/wp-content\/uploads\/2016\/12\/IMG_3496-506x337.jpg",506,337,true],"medium_large":["https:\/\/curva1.com.ar\/wp-content\/uploads\/2016\/12\/IMG_3496-768x512.jpg",640,427,true],"large":["https:\/\/curva1.com.ar\/wp-content\/uploads\/2016\/12\/IMG_3496-1024x682.jpg",640,426,true],"1536x1536":["https:\/\/curva1.com.ar\/wp-content\/uploads\/2016\/12\/IMG_3496.jpg",1280,853,false],"2048x2048":["https:\/\/curva1.com.ar\/wp-content\/uploads\/2016\/12\/IMG_3496.jpg",1280,853,false],"chromenews-featured":["https:\/\/curva1.com.ar\/wp-content\/uploads\/2016\/12\/IMG_3496.jpg",1024,682,false],"chromenews-large":["https:\/\/curva1.com.ar\/wp-content\/uploads\/2016\/12\/IMG_3496.jpg",825,550,false],"chromenews-medium":["https:\/\/curva1.com.ar\/wp-content\/uploads\/2016\/12\/IMG_3496.jpg",590,393,false]},"author_info":{"display_name":"Jos\u00e9 Bravo","author_link":"https:\/\/curva1.com.ar\/?author=1"},"category_info":"<a href=\"https:\/\/curva1.com.ar\/?cat=11\" rel=\"category\">M\u00e1s Noticias<\/a>","tag_info":"M\u00e1s Noticias","comment_count":"0","yoast_head":"<!-- This site is optimized with the Yoast SEO Premium plugin v14.7 - https:\/\/yoast.com\/wordpress\/plugins\/seo\/ -->\n<title>Aguilera &quot;APATC y la gente del karting colabor\u00f3 much\u00edsimo&quot; - Curva 1<\/title>\n<meta name=\"robots\" content=\"index, follow\" \/>\n<meta name=\"googlebot\" content=\"index, follow, max-snippet:-1, max-image-preview:large, max-video-preview:-1\" \/>\n<meta name=\"bingbot\" content=\"index, follow, max-snippet:-1, max-image-preview:large, max-video-preview:-1\" \/>\n<link rel=\"canonical\" href=\"https:\/\/curva1.com.ar\/?p=20714\" \/>\n<meta property=\"og:locale\" content=\"en_US\" \/>\n<meta property=\"og:type\" content=\"article\" \/>\n<meta property=\"og:title\" content=\"Aguilera &quot;APATC y la gente del karting colabor\u00f3 much\u00edsimo&quot; - Curva 1\" \/>\n<meta property=\"og:description\" content=\"Luego de la acci\u00f3n de solidaridad que todos los diciembre de cada a\u00f1o se realiza\" \/>\n<meta property=\"og:url\" content=\"https:\/\/curva1.com.ar\/?p=20714\" \/>\n<meta property=\"og:site_name\" content=\"Curva 1\" \/>\n<meta property=\"article:publisher\" content=\"https:\/\/www.facebook.com\/revistacurva1\/\" \/>\n<meta property=\"article:published_time\" content=\"2016-12-26T15:05:59+00:00\" \/>\n<meta property=\"og:image\" content=\"https:\/\/curva1.com.ar\/wp-content\/uploads\/2016\/12\/IMG_3496.jpg\" \/>\n\t<meta property=\"og:image:width\" content=\"1280\" \/>\n\t<meta property=\"og:image:height\" content=\"853\" \/>\n<meta property=\"fb:app_id\" content=\"1593067817533208\" \/>\n<meta name=\"twitter:card\" content=\"summary_large_image\" \/>\n<meta name=\"twitter:creator\" content=\"@curva1mendoza\" \/>\n<meta name=\"twitter:site\" content=\"@curva1mendoza\" \/>\n<script type=\"application\/ld+json\" class=\"yoast-schema-graph\">{\"@context\":\"https:\/\/schema.org\",\"@graph\":[{\"@type\":\"WebSite\",\"@id\":\"https:\/\/curva1.com.ar\/#website\",\"url\":\"https:\/\/curva1.com.ar\/\",\"name\":\"Curva 1\",\"description\":\"Automovilismo de Mendoza\",\"potentialAction\":[{\"@type\":\"SearchAction\",\"target\":\"https:\/\/curva1.com.ar\/?s={search_term_string}\",\"query-input\":\"required name=search_term_string\"}],\"inLanguage\":\"en-US\"},{\"@type\":\"ImageObject\",\"@id\":\"https:\/\/curva1.com.ar\/?p=20714#primaryimage\",\"inLanguage\":\"en-US\",\"url\":\"https:\/\/curva1.com.ar\/wp-content\/uploads\/2016\/12\/IMG_3496.jpg\",\"width\":1280,\"height\":853},{\"@type\":\"WebPage\",\"@id\":\"https:\/\/curva1.com.ar\/?p=20714#webpage\",\"url\":\"https:\/\/curva1.com.ar\/?p=20714\",\"name\":\"Aguilera \\\"APATC y la gente del karting colabor\\u00f3 much\\u00edsimo\\\" - Curva 1\",\"isPartOf\":{\"@id\":\"https:\/\/curva1.com.ar\/#website\"},\"primaryImageOfPage\":{\"@id\":\"https:\/\/curva1.com.ar\/?p=20714#primaryimage\"},\"datePublished\":\"2016-12-26T15:05:59+00:00\",\"dateModified\":\"2016-12-26T15:05:59+00:00\",\"author\":{\"@id\":\"https:\/\/curva1.com.ar\/#\/schema\/person\/f5fd12984d70df7314fbd9ab42f31033\"},\"inLanguage\":\"en-US\",\"potentialAction\":[{\"@type\":\"ReadAction\",\"target\":[\"https:\/\/curva1.com.ar\/?p=20714\"]}]},{\"@type\":[\"Person\"],\"@id\":\"https:\/\/curva1.com.ar\/#\/schema\/person\/f5fd12984d70df7314fbd9ab42f31033\",\"name\":\"Jos\\u00e9 Bravo\",\"image\":{\"@type\":\"ImageObject\",\"@id\":\"https:\/\/curva1.com.ar\/#personlogo\",\"inLanguage\":\"en-US\",\"url\":\"https:\/\/secure.gravatar.com\/avatar\/3ae0b1fdc6ddeb723a6e6c23609ed39de1d40a94b8112fd2c0c2032e2dabf28b?s=96&d=identicon&r=g\",\"caption\":\"Jos\\u00e9 Bravo\"}}]}<\/script>\n<!-- \/ Yoast SEO Premium plugin. -->","_links":{"self":[{"href":"https:\/\/curva1.com.ar\/index.php?rest_route=\/wp\/v2\/posts\/20714","targetHints":{"allow":["GET"]}}],"collection":[{"href":"https:\/\/curva1.com.ar\/index.php?rest_route=\/wp\/v2\/posts"}],"about":[{"href":"https:\/\/curva1.com.ar\/index.php?rest_route=\/wp\/v2\/types\/post"}],"author":[{"embeddable":true,"href":"https:\/\/curva1.com.ar\/index.php?rest_route=\/wp\/v2\/users\/1"}],"replies":[{"embeddable":true,"href":"https:\/\/curva1.com.ar\/index.php?rest_route=%2Fwp%2Fv2%2Fcomments&post=20714"}],"version-history":[{"count":2,"href":"https:\/\/curva1.com.ar\/index.php?rest_route=\/wp\/v2\/posts\/20714\/revisions"}],"predecessor-version":[{"id":20720,"href":"https:\/\/curva1.com.ar\/index.php?rest_route=\/wp\/v2\/posts\/20714\/revisions\/20720"}],"wp:featuredmedia":[{"embeddable":true,"href":"https:\/\/curva1.com.ar\/index.php?rest_route=\/wp\/v2\/media\/20716"}],"wp:attachment":[{"href":"https:\/\/curva1.com.ar\/index.php?rest_route=%2Fwp%2Fv2%2Fmedia&parent=20714"}],"wp:term":[{"taxonomy":"category","embeddable":true,"href":"https:\/\/curva1.com.ar\/index.php?rest_route=%2Fwp%2Fv2%2Fcategories&post=20714"},{"taxonomy":"post_tag","embeddable":true,"href":"https:\/\/curva1.com.ar\/index.php?rest_route=%2Fwp%2Fv2%2Ftags&post=20714"}],"curies":[{"name":"wp","href":"https:\/\/api.w.org\/{rel}","templated":true}]}}