{"id":20725,"date":"2016-12-26T13:05:54","date_gmt":"2016-12-26T16:05:54","guid":{"rendered":"http:\/\/www.curva1.com.ar\/?p=20725"},"modified":"2016-12-29T11:02:44","modified_gmt":"2016-12-29T14:02:44","slug":"fernando-persia-faltan-conocimientos-e-idoneidad-para-manejar-una-carrera","status":"publish","type":"post","link":"https:\/\/curva1.com.ar\/?p=20725","title":{"rendered":"Persia &#8220;falta idoneidad para manejar una carrera&#8221;"},"content":{"rendered":"<p><img loading=\"lazy\" decoding=\"async\" class=\"aligncenter size-full wp-image-20727\" src=\"http:\/\/www.curva1.com.ar\/wp-content\/uploads\/2016\/12\/IMG_5876.jpg\" alt=\"\" width=\"700\" height=\"394\" srcset=\"https:\/\/curva1.com.ar\/wp-content\/uploads\/2016\/12\/IMG_5876.jpg 700w, https:\/\/curva1.com.ar\/wp-content\/uploads\/2016\/12\/IMG_5876-300x169.jpg 300w, https:\/\/curva1.com.ar\/wp-content\/uploads\/2016\/12\/IMG_5876-600x337.jpg 600w\" sizes=\"auto, (max-width: 700px) 100vw, 700px\" \/><\/p>\n<p>El campe\u00f3n actual de la Clase 1 del Zonal Cuyano analiz\u00f3 la actualidad de la dirigencia que comanda el automovilismo cuyano.<\/p>\n<p>Fernando Persia escribi\u00f3 lo siguiente en su cuenta persoal de Facebook:<\/p>\n<blockquote><p>\u00a1\u00a1\u00a1 Hola queridos amigos del automovilismo !!!<\/p>\n<p>Este es un d\u00eda de reflexi\u00f3n por lo que voy a comentar mis sentimientos.<\/p>\n<p>Estoy muy decepcionado con lo que est\u00e1 ocurriendo con nuestro zonal Mendocino.<\/p>\n<p>Estamos pensando seriamente un grupo de pilotos y empresarios en armar un Campeonato Zonal Cuyano de verdad como fue en su \u00e9poca.En esos tiempos no se cobraba inscripci\u00f3n,hab\u00eda premios en efectivo para los 5 primeros,vi\u00e1ticos para los que les quedaba lejos, en fin una serie de beneficios que atra\u00edan al piloto y los clubes organizadores se preocupaban por conseguir sponsor para paliar gastos y tener su beneficio. La federaci\u00f3n se dedicaba exclusivamente con gente id\u00f3nea a dirigir la prueba,f iscalizar y tener t\u00e9cnicos que controlar\u00e1n a todas las categor\u00edas. Parece ser A\u00f1os Verdes.<\/p>\n<p>Con el trabajo que realiz\u00f3 la agrupaci\u00f3n de Pilotos mancomunado con los clubes hicieron revivir el Zonal.<\/p>\n<p>Lo que veo que no est\u00e1 a la altura de las circunstancias es la dirigencia de Federaci\u00f3n.<\/p>\n<p>Falta total de conocimientos e idoneidad para manejar una carrera.Una tecnica resistida y falta de confianza hacia sus tecnicos.A la semana de terminar una carrera la que se dio clasificacion y solamente verificar la parte t\u00e9cnica se lo distancia a un piloto por algo que no comunicaron nunca.Eso si una multa de 2000 por pasar boxes y tirar el auto por la parte de salida.<\/p>\n<p>Errores que se toman la cabeza la CDA que rige nuestros destinos a nivel nacional. La intervenci\u00f3n esta a un paso. Creo que llego un l\u00edmite. Con el mayor de los respetos a los dirigentes de Federaci\u00f3n esto no va m\u00e1s.<\/p>\n<p>No tengo deseos de ir a retirar el trofeo de Campe\u00f3n que gane por 8\u00b0vez en mi historia deportiva porque an\u00edmica mente no lo siento.<\/p>\n<p>Mil disculpas para los que no compartan mi exposici\u00f3n pero a mis 62 a\u00f1os vi muchas cosas pero esto paso los l\u00edmites de falta de idoneidad.<\/p>\n<p>Afectuoso saludo para todos. Feliz Navidad y pr\u00f3spero A\u00f1o Nuevo.<\/p><\/blockquote>\n","protected":false},"excerpt":{"rendered":"<p>El campe\u00f3n actual de la Clase 1 del Zonal Cuyano analiz\u00f3 la actualidad de la<\/p>\n","protected":false},"author":1,"featured_media":20727,"comment_status":"closed","ping_status":"closed","sticky":false,"template":"","format":"standard","meta":{"footnotes":""},"categories":[1],"tags":[],"class_list":["post-20725","post","type-post","status-publish","format-standard","has-post-thumbnail","hentry","category-zonal-cuyano"],"featured_image_urls":{"full":["https:\/\/curva1.com.ar\/wp-content\/uploads\/2016\/12\/IMG_5876.jpg",700,394,false],"thumbnail":["https:\/\/curva1.com.ar\/wp-content\/uploads\/2016\/12\/IMG_5876-300x169.jpg",300,169,true],"medium":["https:\/\/curva1.com.ar\/wp-content\/uploads\/2016\/12\/IMG_5876-600x337.jpg",600,337,true],"medium_large":["https:\/\/curva1.com.ar\/wp-content\/uploads\/2016\/12\/IMG_5876.jpg",640,360,false],"large":["https:\/\/curva1.com.ar\/wp-content\/uploads\/2016\/12\/IMG_5876.jpg",640,360,false],"1536x1536":["https:\/\/curva1.com.ar\/wp-content\/uploads\/2016\/12\/IMG_5876.jpg",700,394,false],"2048x2048":["https:\/\/curva1.com.ar\/wp-content\/uploads\/2016\/12\/IMG_5876.jpg",700,394,false],"chromenews-featured":["https:\/\/curva1.com.ar\/wp-content\/uploads\/2016\/12\/IMG_5876.jpg",700,394,false],"chromenews-large":["https:\/\/curva1.com.ar\/wp-content\/uploads\/2016\/12\/IMG_5876.jpg",700,394,false],"chromenews-medium":["https:\/\/curva1.com.ar\/wp-content\/uploads\/2016\/12\/IMG_5876.jpg",590,332,false]},"author_info":{"display_name":"Jos\u00e9 Bravo","author_link":"https:\/\/curva1.com.ar\/?author=1"},"category_info":"<a href=\"https:\/\/curva1.com.ar\/?cat=1\" rel=\"category\">Zonal Cuyano<\/a>","tag_info":"Zonal Cuyano","comment_count":"0","yoast_head":"<!-- This site is optimized with the Yoast SEO Premium plugin v14.7 - https:\/\/yoast.com\/wordpress\/plugins\/seo\/ -->\n<title>Persia &quot;falta idoneidad para manejar una carrera&quot; - Curva 1<\/title>\n<meta name=\"robots\" content=\"index, follow\" \/>\n<meta name=\"googlebot\" content=\"index, follow, max-snippet:-1, max-image-preview:large, max-video-preview:-1\" \/>\n<meta name=\"bingbot\" content=\"index, follow, max-snippet:-1, max-image-preview:large, max-video-preview:-1\" \/>\n<link rel=\"canonical\" href=\"https:\/\/curva1.com.ar\/?p=20725\" \/>\n<meta property=\"og:locale\" content=\"en_US\" \/>\n<meta property=\"og:type\" content=\"article\" \/>\n<meta property=\"og:title\" content=\"Persia &quot;falta idoneidad para manejar una carrera&quot; - Curva 1\" \/>\n<meta property=\"og:description\" content=\"El campe\u00f3n actual de la Clase 1 del Zonal Cuyano analiz\u00f3 la actualidad de la\" \/>\n<meta property=\"og:url\" content=\"https:\/\/curva1.com.ar\/?p=20725\" \/>\n<meta property=\"og:site_name\" content=\"Curva 1\" \/>\n<meta property=\"article:publisher\" content=\"https:\/\/www.facebook.com\/revistacurva1\/\" \/>\n<meta property=\"article:published_time\" content=\"2016-12-26T16:05:54+00:00\" \/>\n<meta property=\"article:modified_time\" content=\"2016-12-29T14:02:44+00:00\" \/>\n<meta property=\"og:image\" content=\"https:\/\/curva1.com.ar\/wp-content\/uploads\/2016\/12\/IMG_5876.jpg\" \/>\n\t<meta property=\"og:image:width\" content=\"700\" \/>\n\t<meta property=\"og:image:height\" content=\"394\" \/>\n<meta property=\"fb:app_id\" content=\"1593067817533208\" \/>\n<meta name=\"twitter:card\" content=\"summary_large_image\" \/>\n<meta name=\"twitter:creator\" content=\"@curva1mendoza\" \/>\n<meta name=\"twitter:site\" content=\"@curva1mendoza\" \/>\n<script type=\"application\/ld+json\" class=\"yoast-schema-graph\">{\"@context\":\"https:\/\/schema.org\",\"@graph\":[{\"@type\":\"WebSite\",\"@id\":\"https:\/\/curva1.com.ar\/#website\",\"url\":\"https:\/\/curva1.com.ar\/\",\"name\":\"Curva 1\",\"description\":\"Automovilismo de Mendoza\",\"potentialAction\":[{\"@type\":\"SearchAction\",\"target\":\"https:\/\/curva1.com.ar\/?s={search_term_string}\",\"query-input\":\"required name=search_term_string\"}],\"inLanguage\":\"en-US\"},{\"@type\":\"ImageObject\",\"@id\":\"https:\/\/curva1.com.ar\/?p=20725#primaryimage\",\"inLanguage\":\"en-US\",\"url\":\"https:\/\/curva1.com.ar\/wp-content\/uploads\/2016\/12\/IMG_5876.jpg\",\"width\":700,\"height\":394},{\"@type\":\"WebPage\",\"@id\":\"https:\/\/curva1.com.ar\/?p=20725#webpage\",\"url\":\"https:\/\/curva1.com.ar\/?p=20725\",\"name\":\"Persia \\\"falta idoneidad para manejar una carrera\\\" - Curva 1\",\"isPartOf\":{\"@id\":\"https:\/\/curva1.com.ar\/#website\"},\"primaryImageOfPage\":{\"@id\":\"https:\/\/curva1.com.ar\/?p=20725#primaryimage\"},\"datePublished\":\"2016-12-26T16:05:54+00:00\",\"dateModified\":\"2016-12-29T14:02:44+00:00\",\"author\":{\"@id\":\"https:\/\/curva1.com.ar\/#\/schema\/person\/f5fd12984d70df7314fbd9ab42f31033\"},\"inLanguage\":\"en-US\",\"potentialAction\":[{\"@type\":\"ReadAction\",\"target\":[\"https:\/\/curva1.com.ar\/?p=20725\"]}]},{\"@type\":[\"Person\"],\"@id\":\"https:\/\/curva1.com.ar\/#\/schema\/person\/f5fd12984d70df7314fbd9ab42f31033\",\"name\":\"Jos\\u00e9 Bravo\",\"image\":{\"@type\":\"ImageObject\",\"@id\":\"https:\/\/curva1.com.ar\/#personlogo\",\"inLanguage\":\"en-US\",\"url\":\"https:\/\/secure.gravatar.com\/avatar\/3ae0b1fdc6ddeb723a6e6c23609ed39de1d40a94b8112fd2c0c2032e2dabf28b?s=96&d=identicon&r=g\",\"caption\":\"Jos\\u00e9 Bravo\"}}]}<\/script>\n<!-- \/ Yoast SEO Premium plugin. -->","_links":{"self":[{"href":"https:\/\/curva1.com.ar\/index.php?rest_route=\/wp\/v2\/posts\/20725","targetHints":{"allow":["GET"]}}],"collection":[{"href":"https:\/\/curva1.com.ar\/index.php?rest_route=\/wp\/v2\/posts"}],"about":[{"href":"https:\/\/curva1.com.ar\/index.php?rest_route=\/wp\/v2\/types\/post"}],"author":[{"embeddable":true,"href":"https:\/\/curva1.com.ar\/index.php?rest_route=\/wp\/v2\/users\/1"}],"replies":[{"embeddable":true,"href":"https:\/\/curva1.com.ar\/index.php?rest_route=%2Fwp%2Fv2%2Fcomments&post=20725"}],"version-history":[{"count":4,"href":"https:\/\/curva1.com.ar\/index.php?rest_route=\/wp\/v2\/posts\/20725\/revisions"}],"predecessor-version":[{"id":20757,"href":"https:\/\/curva1.com.ar\/index.php?rest_route=\/wp\/v2\/posts\/20725\/revisions\/20757"}],"wp:featuredmedia":[{"embeddable":true,"href":"https:\/\/curva1.com.ar\/index.php?rest_route=\/wp\/v2\/media\/20727"}],"wp:attachment":[{"href":"https:\/\/curva1.com.ar\/index.php?rest_route=%2Fwp%2Fv2%2Fmedia&parent=20725"}],"wp:term":[{"taxonomy":"category","embeddable":true,"href":"https:\/\/curva1.com.ar\/index.php?rest_route=%2Fwp%2Fv2%2Fcategories&post=20725"},{"taxonomy":"post_tag","embeddable":true,"href":"https:\/\/curva1.com.ar\/index.php?rest_route=%2Fwp%2Fv2%2Ftags&post=20725"}],"curies":[{"name":"wp","href":"https:\/\/api.w.org\/{rel}","templated":true}]}}