{"id":20730,"date":"2016-12-26T11:07:13","date_gmt":"2016-12-26T14:07:13","guid":{"rendered":"http:\/\/www.curva1.com.ar\/?p=20730"},"modified":"2016-12-26T13:23:06","modified_gmt":"2016-12-26T16:23:06","slug":"estrada-probo-un-auto-de-la-blancpain-gt-series-en-valencia","status":"publish","type":"post","link":"https:\/\/curva1.com.ar\/?p=20730","title":{"rendered":"Estrada prob\u00f3 un BMW de la Blancpain GT Series en Valencia"},"content":{"rendered":"<p><img loading=\"lazy\" decoding=\"async\" class=\"aligncenter size-full wp-image-20731\" src=\"http:\/\/www.curva1.com.ar\/wp-content\/uploads\/2016\/12\/image585df789955e27.24127880.jpg\" alt=\"\" width=\"1629\" height=\"913\" srcset=\"https:\/\/curva1.com.ar\/wp-content\/uploads\/2016\/12\/image585df789955e27.24127880.jpg 1629w, https:\/\/curva1.com.ar\/wp-content\/uploads\/2016\/12\/image585df789955e27.24127880-300x169.jpg 300w, https:\/\/curva1.com.ar\/wp-content\/uploads\/2016\/12\/image585df789955e27.24127880-600x337.jpg 600w, https:\/\/curva1.com.ar\/wp-content\/uploads\/2016\/12\/image585df789955e27.24127880-768x430.jpg 768w, https:\/\/curva1.com.ar\/wp-content\/uploads\/2016\/12\/image585df789955e27.24127880-1024x574.jpg 1024w\" sizes=\"auto, (max-width: 1629px) 100vw, 1629px\" \/><\/p>\n<p>Se sac\u00f3 las ganas. Cumpli\u00f3 el sue\u00f1o de todo piloto: girar sobre un circuito del Viejo Continente. Adem\u00e1s, lo hizo con una de las marcas de autom\u00f3viles m\u00e1s reconocidas del planeta.<\/p>\n<p>Ahora, regresar\u00e1 de Europa con el bolso lleno de ilusiones, a la espera de reunir el presupuesto que necesita para ser parte de la Blancpain GT Series, una categor\u00eda de autos prototipo de turismo que recorre m\u00edticos aut\u00f3dromos.<\/p>\n<p>Aceler\u00f3 un BMW en el Ricardo Tormo de Valencia, algo que meses atr\u00e1s ni pensaba despu\u00e9s de haber incursionado en las primeras fechas de TC 2000 y regresar al Zonal Cuyano.<\/p>\n<p>La posibilidad surgi\u00f3 mediante un contacto con el arrecife\u00f1o Juan Cruz \u00c1lvarez, quien tambi\u00e9n viaj\u00f3 a Espa\u00f1a para probar suerte con la misma escuadra. As\u00ed, Lautaro Estrada emprendi\u00f3 rumbo para reunirse con los integrantes del Mart\u00edn Motorsport BMW.<\/p>\n<p>El mendocino se subi\u00f3 a un M6 GT3 con motor V8 de 4.395 cc y 585 caballos de fuerza. Un verdadero pura sangre. Desde Madrid, el volante de Godoy Cruz habl\u00f3 con M\u00e1s Deportes sobre la experiencia y lo que viene para tratar de conseguir una butaca en el pr\u00f3ximo a\u00f1o.<\/p>\n<p><strong>\u201cMe fue muy bien. Qued\u00e9 a un segundo y medio del mejor registro entre cinco pilotos. Uno de ellos es el piloto oficial BMW del equipo, otro es F\u00e9lix da Costa, que corri\u00f3 en DTM, fue tercer piloto de Red Bull en F\u00f3rmula 1 y actualmente est\u00e1 en F\u00f3rmula E\u201d,<\/strong> comenz\u00f3 diciendo el ex F\u00f3rmula Plus.<\/p>\n<p>M\u00e1s adelante, Bocha agreg\u00f3 que<strong> \u201cl\u00f3gicamente que Juan Cruz gir\u00f3 y tambi\u00e9n lo hizo Jimmie Eriksson, el hermano de Marcus que corre en F\u00f3rmula 1 con Sauber. Adem\u00e1s gir\u00f3 \u2018Speedy\u2019 Gonz\u00e1lez, un venezolano que estuvo como tester de F\u00f3rmula 1. Todos los pilotos me ayudaron much\u00edsimo; estuvieron abiertos al di\u00e1logo siempre y da Costa me impresion\u00f3 por su amabilidad\u201d.<\/strong><\/p>\n<h3><strong>Recibiendo felicitaciones<\/strong><\/h3>\n<p>Al momento de sentarse a hablar con el propietario de la escuadra, Estrada manifest\u00f3 que<strong> \u201cTeo Mart\u00edn me coment\u00f3 que uno, cuando no conoce el auto, est\u00e1 a tres segundos del mejor registro. Yo, con 20 vueltas menos que los dem\u00e1s y sin conocer la pista y el auto, finalic\u00e9 cerca de los otros tiempos\u201d.<\/strong><\/p>\n<p>Mientras descansaba en los boxes, Estrada analiz\u00f3 sus registros junto a \u00c1lvarez.<strong> \u201cMe felicito y lo compar\u00f3 con lo realizado por Esteban Gini (ex monarca de TC Pista y actual piloto de Turismo Carretera), que ya hab\u00eda corrido en \u00e9sta categor\u00eda. \u00c9l estuvo m\u00e1s lejos de mis tiempos y eso me deja tranquilo; lo hubiese bajado si ten\u00eda m\u00e1s minutos de sesi\u00f3n\u201d.<\/strong><\/p>\n<p>A su vez, expres\u00f3 que <strong>\u201cvuelta tras vuelta fui mejorando, por eso estoy muy conforme y feliz por lo vivido. Es un sue\u00f1o hecho realidad; fue incre\u00edble manejar un BMW de tanta potencia en un trazado b\u00e1rbaro\u201d.<\/strong><\/p>\n<p><img loading=\"lazy\" decoding=\"async\" class=\"aligncenter size-full wp-image-20732\" src=\"http:\/\/www.curva1.com.ar\/wp-content\/uploads\/2016\/12\/image585df71233b394.42678409.jpg\" alt=\"\" width=\"1629\" height=\"1212\" srcset=\"https:\/\/curva1.com.ar\/wp-content\/uploads\/2016\/12\/image585df71233b394.42678409.jpg 1629w, https:\/\/curva1.com.ar\/wp-content\/uploads\/2016\/12\/image585df71233b394.42678409-453x337.jpg 453w, https:\/\/curva1.com.ar\/wp-content\/uploads\/2016\/12\/image585df71233b394.42678409-768x571.jpg 768w, https:\/\/curva1.com.ar\/wp-content\/uploads\/2016\/12\/image585df71233b394.42678409-1024x762.jpg 1024w\" sizes=\"auto, (max-width: 1629px) 100vw, 1629px\" \/><\/p>\n<p><img loading=\"lazy\" decoding=\"async\" class=\"aligncenter size-full wp-image-20732\" src=\"http:\/\/www.curva1.com.ar\/wp-content\/uploads\/2016\/12\/image585df71233b394.42678409.jpg\" alt=\"\" width=\"1629\" height=\"1212\" srcset=\"https:\/\/curva1.com.ar\/wp-content\/uploads\/2016\/12\/image585df71233b394.42678409.jpg 1629w, https:\/\/curva1.com.ar\/wp-content\/uploads\/2016\/12\/image585df71233b394.42678409-453x337.jpg 453w, https:\/\/curva1.com.ar\/wp-content\/uploads\/2016\/12\/image585df71233b394.42678409-768x571.jpg 768w, https:\/\/curva1.com.ar\/wp-content\/uploads\/2016\/12\/image585df71233b394.42678409-1024x762.jpg 1024w\" sizes=\"auto, (max-width: 1629px) 100vw, 1629px\" \/><\/p>\n<h3><strong>Vuelve y no descansa<\/strong><\/h3>\n<p>Quien tambi\u00e9n compiti\u00f3 en la F\u00f3rmula Renault emprendi\u00f3 viaje de regreso anoche. <strong>\u201cLlegar\u00e9 ma\u00f1ana (por hoy) a Mendoza. Despu\u00e9s de las fiestas no quedar\u00e1 otra que trabajar en el presupuesto con el fin de estar corriendo en 2017\u201d<\/strong>, afirm\u00f3.<\/p>\n<p>Seg\u00fan los n\u00fameros, ser parte de la GT Series <strong>\u201ces m\u00e1s barato que afrontar el S\u00faper TC 2000. El presupuesto es similar al de TC 2000, as\u00ed que ahora no habr\u00e1 descanso con el objetivo de sumar patrocinadores\u201d.<\/strong><\/p>\n<p>La temporada arrancar\u00e1 el 13 de marzo. <strong>\u201cTengo tiempo, pero mucha ansiedad para definir mi futuro\u201d<\/strong>, cerr\u00f3 Bocha.<\/p>\n<p style=\"padding-left: 30px;\"><em>Diego Rafael Esp\u00f3sito &#8211; desposito@losandes.com.ar<\/em><\/p>\n","protected":false},"excerpt":{"rendered":"<p>Se sac\u00f3 las ganas. Cumpli\u00f3 el sue\u00f1o de todo piloto: girar sobre un circuito del<\/p>\n","protected":false},"author":1,"featured_media":20731,"comment_status":"closed","ping_status":"closed","sticky":false,"template":"","format":"standard","meta":{"footnotes":""},"categories":[6],"tags":[],"class_list":["post-20730","post","type-post","status-publish","format-standard","has-post-thumbnail","hentry","category-nacionales"],"featured_image_urls":{"full":["https:\/\/curva1.com.ar\/wp-content\/uploads\/2016\/12\/image585df789955e27.24127880.jpg",1629,913,false],"thumbnail":["https:\/\/curva1.com.ar\/wp-content\/uploads\/2016\/12\/image585df789955e27.24127880-300x169.jpg",300,169,true],"medium":["https:\/\/curva1.com.ar\/wp-content\/uploads\/2016\/12\/image585df789955e27.24127880-600x337.jpg",600,337,true],"medium_large":["https:\/\/curva1.com.ar\/wp-content\/uploads\/2016\/12\/image585df789955e27.24127880-768x430.jpg",640,358,true],"large":["https:\/\/curva1.com.ar\/wp-content\/uploads\/2016\/12\/image585df789955e27.24127880-1024x574.jpg",640,359,true],"1536x1536":["https:\/\/curva1.com.ar\/wp-content\/uploads\/2016\/12\/image585df789955e27.24127880.jpg",1536,861,false],"2048x2048":["https:\/\/curva1.com.ar\/wp-content\/uploads\/2016\/12\/image585df789955e27.24127880.jpg",1629,913,false],"chromenews-featured":["https:\/\/curva1.com.ar\/wp-content\/uploads\/2016\/12\/image585df789955e27.24127880.jpg",1024,574,false],"chromenews-large":["https:\/\/curva1.com.ar\/wp-content\/uploads\/2016\/12\/image585df789955e27.24127880.jpg",825,462,false],"chromenews-medium":["https:\/\/curva1.com.ar\/wp-content\/uploads\/2016\/12\/image585df789955e27.24127880.jpg",590,331,false]},"author_info":{"display_name":"Jos\u00e9 Bravo","author_link":"https:\/\/curva1.com.ar\/?author=1"},"category_info":"<a href=\"https:\/\/curva1.com.ar\/?cat=6\" rel=\"category\">Nacionales<\/a>","tag_info":"Nacionales","comment_count":"0","yoast_head":"<!-- This site is optimized with the Yoast SEO Premium plugin v14.7 - https:\/\/yoast.com\/wordpress\/plugins\/seo\/ -->\n<title>Estrada prob\u00f3 un BMW de la Blancpain GT Series en Valencia - Curva 1<\/title>\n<meta name=\"robots\" content=\"index, follow\" \/>\n<meta name=\"googlebot\" content=\"index, follow, max-snippet:-1, max-image-preview:large, max-video-preview:-1\" \/>\n<meta name=\"bingbot\" content=\"index, follow, max-snippet:-1, max-image-preview:large, max-video-preview:-1\" \/>\n<link rel=\"canonical\" href=\"https:\/\/curva1.com.ar\/?p=20730\" \/>\n<meta property=\"og:locale\" content=\"en_US\" \/>\n<meta property=\"og:type\" content=\"article\" \/>\n<meta property=\"og:title\" content=\"Estrada prob\u00f3 un BMW de la Blancpain GT Series en Valencia - Curva 1\" \/>\n<meta property=\"og:description\" content=\"Se sac\u00f3 las ganas. Cumpli\u00f3 el sue\u00f1o de todo piloto: girar sobre un circuito del\" \/>\n<meta property=\"og:url\" content=\"https:\/\/curva1.com.ar\/?p=20730\" \/>\n<meta property=\"og:site_name\" content=\"Curva 1\" \/>\n<meta property=\"article:publisher\" content=\"https:\/\/www.facebook.com\/revistacurva1\/\" \/>\n<meta property=\"article:published_time\" content=\"2016-12-26T14:07:13+00:00\" \/>\n<meta property=\"article:modified_time\" content=\"2016-12-26T16:23:06+00:00\" \/>\n<meta property=\"og:image\" content=\"https:\/\/curva1.com.ar\/wp-content\/uploads\/2016\/12\/image585df789955e27.24127880.jpg\" \/>\n\t<meta property=\"og:image:width\" content=\"1629\" \/>\n\t<meta property=\"og:image:height\" content=\"913\" \/>\n<meta property=\"fb:app_id\" content=\"1593067817533208\" \/>\n<meta name=\"twitter:card\" content=\"summary_large_image\" \/>\n<meta name=\"twitter:creator\" content=\"@curva1mendoza\" \/>\n<meta name=\"twitter:site\" content=\"@curva1mendoza\" \/>\n<script type=\"application\/ld+json\" class=\"yoast-schema-graph\">{\"@context\":\"https:\/\/schema.org\",\"@graph\":[{\"@type\":\"WebSite\",\"@id\":\"https:\/\/curva1.com.ar\/#website\",\"url\":\"https:\/\/curva1.com.ar\/\",\"name\":\"Curva 1\",\"description\":\"Automovilismo de Mendoza\",\"potentialAction\":[{\"@type\":\"SearchAction\",\"target\":\"https:\/\/curva1.com.ar\/?s={search_term_string}\",\"query-input\":\"required name=search_term_string\"}],\"inLanguage\":\"en-US\"},{\"@type\":\"ImageObject\",\"@id\":\"https:\/\/curva1.com.ar\/?p=20730#primaryimage\",\"inLanguage\":\"en-US\",\"url\":\"https:\/\/curva1.com.ar\/wp-content\/uploads\/2016\/12\/image585df789955e27.24127880.jpg\",\"width\":1629,\"height\":913},{\"@type\":\"WebPage\",\"@id\":\"https:\/\/curva1.com.ar\/?p=20730#webpage\",\"url\":\"https:\/\/curva1.com.ar\/?p=20730\",\"name\":\"Estrada prob\\u00f3 un BMW de la Blancpain GT Series en Valencia - Curva 1\",\"isPartOf\":{\"@id\":\"https:\/\/curva1.com.ar\/#website\"},\"primaryImageOfPage\":{\"@id\":\"https:\/\/curva1.com.ar\/?p=20730#primaryimage\"},\"datePublished\":\"2016-12-26T14:07:13+00:00\",\"dateModified\":\"2016-12-26T16:23:06+00:00\",\"author\":{\"@id\":\"https:\/\/curva1.com.ar\/#\/schema\/person\/f5fd12984d70df7314fbd9ab42f31033\"},\"inLanguage\":\"en-US\",\"potentialAction\":[{\"@type\":\"ReadAction\",\"target\":[\"https:\/\/curva1.com.ar\/?p=20730\"]}]},{\"@type\":[\"Person\"],\"@id\":\"https:\/\/curva1.com.ar\/#\/schema\/person\/f5fd12984d70df7314fbd9ab42f31033\",\"name\":\"Jos\\u00e9 Bravo\",\"image\":{\"@type\":\"ImageObject\",\"@id\":\"https:\/\/curva1.com.ar\/#personlogo\",\"inLanguage\":\"en-US\",\"url\":\"https:\/\/secure.gravatar.com\/avatar\/3ae0b1fdc6ddeb723a6e6c23609ed39de1d40a94b8112fd2c0c2032e2dabf28b?s=96&d=identicon&r=g\",\"caption\":\"Jos\\u00e9 Bravo\"}}]}<\/script>\n<!-- \/ Yoast SEO Premium plugin. -->","_links":{"self":[{"href":"https:\/\/curva1.com.ar\/index.php?rest_route=\/wp\/v2\/posts\/20730","targetHints":{"allow":["GET"]}}],"collection":[{"href":"https:\/\/curva1.com.ar\/index.php?rest_route=\/wp\/v2\/posts"}],"about":[{"href":"https:\/\/curva1.com.ar\/index.php?rest_route=\/wp\/v2\/types\/post"}],"author":[{"embeddable":true,"href":"https:\/\/curva1.com.ar\/index.php?rest_route=\/wp\/v2\/users\/1"}],"replies":[{"embeddable":true,"href":"https:\/\/curva1.com.ar\/index.php?rest_route=%2Fwp%2Fv2%2Fcomments&post=20730"}],"version-history":[{"count":3,"href":"https:\/\/curva1.com.ar\/index.php?rest_route=\/wp\/v2\/posts\/20730\/revisions"}],"predecessor-version":[{"id":20736,"href":"https:\/\/curva1.com.ar\/index.php?rest_route=\/wp\/v2\/posts\/20730\/revisions\/20736"}],"wp:featuredmedia":[{"embeddable":true,"href":"https:\/\/curva1.com.ar\/index.php?rest_route=\/wp\/v2\/media\/20731"}],"wp:attachment":[{"href":"https:\/\/curva1.com.ar\/index.php?rest_route=%2Fwp%2Fv2%2Fmedia&parent=20730"}],"wp:term":[{"taxonomy":"category","embeddable":true,"href":"https:\/\/curva1.com.ar\/index.php?rest_route=%2Fwp%2Fv2%2Fcategories&post=20730"},{"taxonomy":"post_tag","embeddable":true,"href":"https:\/\/curva1.com.ar\/index.php?rest_route=%2Fwp%2Fv2%2Ftags&post=20730"}],"curies":[{"name":"wp","href":"https:\/\/api.w.org\/{rel}","templated":true}]}}