{"id":20753,"date":"2016-12-29T11:00:43","date_gmt":"2016-12-29T14:00:43","guid":{"rendered":"http:\/\/www.curva1.com.ar\/?p=20753"},"modified":"2016-12-29T11:00:43","modified_gmt":"2016-12-29T14:00:43","slug":"se-presento-el-camion-del-dakar-de-villagra-yacopini-y-torlaschi","status":"publish","type":"post","link":"https:\/\/curva1.com.ar\/?p=20753","title":{"rendered":"Se present\u00f3 el cami\u00f3n del Dakar de Villagra, Yacopini y Torlaschi"},"content":{"rendered":"<p><img loading=\"lazy\" decoding=\"async\" class=\"aligncenter size-full wp-image-20754\" src=\"http:\/\/www.curva1.com.ar\/wp-content\/uploads\/2016\/12\/FOTO-1-1.jpg\" alt=\"\" width=\"700\" height=\"467\" srcset=\"https:\/\/curva1.com.ar\/wp-content\/uploads\/2016\/12\/FOTO-1-1.jpg 700w, https:\/\/curva1.com.ar\/wp-content\/uploads\/2016\/12\/FOTO-1-1-505x337.jpg 505w\" sizes=\"auto, (max-width: 700px) 100vw, 700px\" \/><\/p>\n<p>YPF present\u00f3 a su equipo para el Dakar 2017, que comenzar\u00e1 el pr\u00f3ximo domingo 1 de enero en Asunci\u00f3n y finalizar\u00e1 el 14 del mismo mes en Buenos Aires, con la ceremonia del podio frente a la casa central del Autom\u00f3vil Club Argentino.<\/p>\n<p>El m\u00faltiple campe\u00f3n argentino Federico Villagra, integrante tambi\u00e9n del Equipo YPF ELAION del Campeonato Argentino de Rally, ser\u00e1 el piloto encargado de comandar el cami\u00f3n Iveco Power Star Cursor 13 en la competencia m\u00e1s exigente del planeta.<\/p>\n<p>Durante la presentaci\u00f3n, que se realiz\u00f3 en la estaci\u00f3n de servicio de YPF en el partido de Vicente L\u00f3pez, Villagra coment\u00f3: <strong>\u201cEstamos felices con este nuevo desaf\u00edo de poder representar al pa\u00eds con el apoyo de YPF. Es una gran responsabilidad que nos incentiva para trabajar y lograr los mejores resultados\u201d.<\/strong><\/p>\n<p>El Coyote viene de conseguir un hist\u00f3rico 3er puesto en la edici\u00f3n 2016 del Rally Dakar, la primera vez que un equipo argentino se sube al podio en la categor\u00eda camiones.<\/p>\n<p>Adri\u00e1n Yacopini ser\u00e1 uno de sus experimentados navegantes. El Chino compite en Dakar desde el 2009 y particip\u00f3 del Campeonato Argentino de Rally Cross Country (CARCC) como piloto con excelentes resultados.<\/p>\n<p><strong>&#8220;Es una hermosa locura la que estamos a punto de iniciar. Pas\u00f3 de ser una cuesti\u00f3n de dar la vuelta a casi una meta \u00fanica de andar muy bien y tratar de pelear adelante, por lo cual entrenamos muy en serio para tratar de lograr el objetivo. Fue una fant\u00e1stica presentaci\u00f3n, donde hay una gran relaci\u00f3n con la gente de YPF y el equipo de De Rooy y eso ayuda mucho. Esto es nuevo para mi y la funci\u00f3n que me han dado es bastante compleja porque tengo que tener mucho feeling con Federico y la convivencia de 14 d\u00edas es clave, pero para eso estuvimos hablando mucho en la previa y entonces cada uno sabe lo que tiene que hacer&#8221;<\/strong>, puntualiz\u00f3 el copiloto del cami\u00f3n N\u00ba 502.<\/p>\n<p>El segundo navegante que acompa\u00f1ar\u00e1 al Coyote es Ricardo Torlaschi, experto en el puesto. Compite en Dakar y Dakar Series desde 2013 junto al Chino, adem\u00e1s del cl\u00e1sico Desaf\u00edo Ruta 40. Este a\u00f1o se consagr\u00f3 campe\u00f3n en el CARCC junto a Jos\u00e9 Garc\u00eda en la categor\u00eda AUTOS T1.<\/p>\n<p><strong>&#8220;Estoy muy feliz, la presentaci\u00f3n fue excelente, con una gran convocatoria de gente. Ya con muchas ganas de largar porque me est\u00e1n matando los nervios y la ansiedad. Las expectativas en cuanto a la carrera son muy altas, ya que Federico sali\u00f3 tercero el a\u00f1o pasado y nosotros tendremos la responsabilidad de ayudarlo, para igualar ese tercer puesto y si es posible mejorarlo, algo que ser\u00eda fant\u00e1stico&#8221;<\/strong>, afirm\u00f3 Torlaschi, quien tambi\u00e9n figura como el mec\u00e1nico de la tripulaci\u00f3n.<\/p>\n<p>Alejandro Baron, gerente de Marketing Comercial de YPF, destac\u00f3:<strong> \u201cLa competencia es la oportunidad que tenemos para llevar nuestros productos a la m\u00e1xima exigencia. Estamos confiados que con el nuevo Infinia Diesel y el equipo que armamos vamos a hacer una gran carrera\u201d.<\/strong><\/p>\n<p><img loading=\"lazy\" decoding=\"async\" class=\"aligncenter size-full wp-image-20755\" src=\"http:\/\/www.curva1.com.ar\/wp-content\/uploads\/2016\/12\/FOTO-3.jpg\" alt=\"\" width=\"700\" height=\"467\" srcset=\"https:\/\/curva1.com.ar\/wp-content\/uploads\/2016\/12\/FOTO-3.jpg 700w, https:\/\/curva1.com.ar\/wp-content\/uploads\/2016\/12\/FOTO-3-505x337.jpg 505w\" sizes=\"auto, (max-width: 700px) 100vw, 700px\" \/><\/p>\n<p>Al igual que en las ediciones anteriores, YPF pondr\u00e1 a disposici\u00f3n de los m\u00e1s de 300 competidores los m\u00e1s innovadores combustibles del mercado y toda su capacidad log\u00edstica para el desarrollo de la competencia.<\/p>\n<p>Este a\u00f1o, YPF pone a prueba Infinia Diesel, el nuevo combustible inteligente que cuida y protege los motores diesel modernos. Incorpora agentes multiprop\u00f3sito que se encargan de mantener los inyectores y prevenir la formaci\u00f3n de nuevos dep\u00f3sitos, utilizando Tecnolog\u00eda de Desactivaci\u00f3n Met\u00e1lica (TDM) que logra mantenerlo alejado de futuras suciedades.<\/p>\n<p>En esta edici\u00f3n, con la inclusi\u00f3n de Paraguay en el recorrido, el Dakar visitar\u00e1 el pa\u00eds n\u00b029 de su historia. Adem\u00e1s, el altipl\u00e1nico boliviano los espera con temperaturas bajo cero y una altura que supera los 5.000 metros sobre el nivel del mar. Cuando ingresen a nuestro pa\u00eds, descender\u00e1n por el noroeste y finalizar\u00e1n con la etapa 12, R\u00edo Cuarto \u2013 Buenos Aires, el s\u00e1bado 14 de enero.<\/p>\n<blockquote><p><strong>Sobre el cami\u00f3n:<\/strong> El Iveco Power Star Cursor 13, que va con el #502, posee un motor de 12.9 litros dise\u00f1ado para cumplir con la norma Euro 6. Cuenta con un sistema de inyecci\u00f3n Bosch Common Rail de 2000bar, 6 cilindros Diesel en l\u00ednea, pistones de acero, cabeza de cilindro de una sola pieza, freno de motor a compresi\u00f3n, \u00e1rbol de levas accionado por engranajes y un turbocompresor controlado electr\u00f3nicamente, entre otras especificaciones.<\/p><\/blockquote>\n","protected":false},"excerpt":{"rendered":"<p>YPF present\u00f3 a su equipo para el Dakar 2017, que comenzar\u00e1 el pr\u00f3ximo domingo 1<\/p>\n","protected":false},"author":1,"featured_media":20754,"comment_status":"closed","ping_status":"closed","sticky":false,"template":"","format":"standard","meta":{"footnotes":""},"categories":[1],"tags":[],"class_list":["post-20753","post","type-post","status-publish","format-standard","has-post-thumbnail","hentry","category-zonal-cuyano"],"featured_image_urls":{"full":["https:\/\/curva1.com.ar\/wp-content\/uploads\/2016\/12\/FOTO-1-1.jpg",700,467,false],"thumbnail":["https:\/\/curva1.com.ar\/wp-content\/uploads\/2016\/12\/FOTO-1-1-300x169.jpg",300,169,true],"medium":["https:\/\/curva1.com.ar\/wp-content\/uploads\/2016\/12\/FOTO-1-1-505x337.jpg",505,337,true],"medium_large":["https:\/\/curva1.com.ar\/wp-content\/uploads\/2016\/12\/FOTO-1-1.jpg",640,427,false],"large":["https:\/\/curva1.com.ar\/wp-content\/uploads\/2016\/12\/FOTO-1-1.jpg",640,427,false],"1536x1536":["https:\/\/curva1.com.ar\/wp-content\/uploads\/2016\/12\/FOTO-1-1.jpg",700,467,false],"2048x2048":["https:\/\/curva1.com.ar\/wp-content\/uploads\/2016\/12\/FOTO-1-1.jpg",700,467,false],"chromenews-featured":["https:\/\/curva1.com.ar\/wp-content\/uploads\/2016\/12\/FOTO-1-1.jpg",700,467,false],"chromenews-large":["https:\/\/curva1.com.ar\/wp-content\/uploads\/2016\/12\/FOTO-1-1.jpg",700,467,false],"chromenews-medium":["https:\/\/curva1.com.ar\/wp-content\/uploads\/2016\/12\/FOTO-1-1.jpg",590,394,false]},"author_info":{"display_name":"Jos\u00e9 Bravo","author_link":"https:\/\/curva1.com.ar\/?author=1"},"category_info":"<a href=\"https:\/\/curva1.com.ar\/?cat=1\" rel=\"category\">Zonal Cuyano<\/a>","tag_info":"Zonal Cuyano","comment_count":"0","yoast_head":"<!-- This site is optimized with the Yoast SEO Premium plugin v14.7 - https:\/\/yoast.com\/wordpress\/plugins\/seo\/ -->\n<title>Se present\u00f3 el cami\u00f3n del Dakar de Villagra, Yacopini y Torlaschi - Curva 1<\/title>\n<meta name=\"robots\" content=\"index, follow\" \/>\n<meta name=\"googlebot\" content=\"index, follow, max-snippet:-1, max-image-preview:large, max-video-preview:-1\" \/>\n<meta name=\"bingbot\" content=\"index, follow, max-snippet:-1, max-image-preview:large, max-video-preview:-1\" \/>\n<link rel=\"canonical\" href=\"https:\/\/curva1.com.ar\/?p=20753\" \/>\n<meta property=\"og:locale\" content=\"en_US\" \/>\n<meta property=\"og:type\" content=\"article\" \/>\n<meta property=\"og:title\" content=\"Se present\u00f3 el cami\u00f3n del Dakar de Villagra, Yacopini y Torlaschi - Curva 1\" \/>\n<meta property=\"og:description\" content=\"YPF present\u00f3 a su equipo para el Dakar 2017, que comenzar\u00e1 el pr\u00f3ximo domingo 1\" \/>\n<meta property=\"og:url\" content=\"https:\/\/curva1.com.ar\/?p=20753\" \/>\n<meta property=\"og:site_name\" content=\"Curva 1\" \/>\n<meta property=\"article:publisher\" content=\"https:\/\/www.facebook.com\/revistacurva1\/\" \/>\n<meta property=\"article:published_time\" content=\"2016-12-29T14:00:43+00:00\" \/>\n<meta property=\"og:image\" content=\"https:\/\/curva1.com.ar\/wp-content\/uploads\/2016\/12\/FOTO-1-1.jpg\" \/>\n\t<meta property=\"og:image:width\" content=\"700\" \/>\n\t<meta property=\"og:image:height\" content=\"467\" \/>\n<meta property=\"fb:app_id\" content=\"1593067817533208\" \/>\n<meta name=\"twitter:card\" content=\"summary_large_image\" \/>\n<meta name=\"twitter:creator\" content=\"@curva1mendoza\" \/>\n<meta name=\"twitter:site\" content=\"@curva1mendoza\" \/>\n<script type=\"application\/ld+json\" class=\"yoast-schema-graph\">{\"@context\":\"https:\/\/schema.org\",\"@graph\":[{\"@type\":\"WebSite\",\"@id\":\"https:\/\/curva1.com.ar\/#website\",\"url\":\"https:\/\/curva1.com.ar\/\",\"name\":\"Curva 1\",\"description\":\"Automovilismo de Mendoza\",\"potentialAction\":[{\"@type\":\"SearchAction\",\"target\":\"https:\/\/curva1.com.ar\/?s={search_term_string}\",\"query-input\":\"required name=search_term_string\"}],\"inLanguage\":\"en-US\"},{\"@type\":\"ImageObject\",\"@id\":\"https:\/\/curva1.com.ar\/?p=20753#primaryimage\",\"inLanguage\":\"en-US\",\"url\":\"https:\/\/curva1.com.ar\/wp-content\/uploads\/2016\/12\/FOTO-1-1.jpg\",\"width\":700,\"height\":467},{\"@type\":\"WebPage\",\"@id\":\"https:\/\/curva1.com.ar\/?p=20753#webpage\",\"url\":\"https:\/\/curva1.com.ar\/?p=20753\",\"name\":\"Se present\\u00f3 el cami\\u00f3n del Dakar de Villagra, Yacopini y Torlaschi - Curva 1\",\"isPartOf\":{\"@id\":\"https:\/\/curva1.com.ar\/#website\"},\"primaryImageOfPage\":{\"@id\":\"https:\/\/curva1.com.ar\/?p=20753#primaryimage\"},\"datePublished\":\"2016-12-29T14:00:43+00:00\",\"dateModified\":\"2016-12-29T14:00:43+00:00\",\"author\":{\"@id\":\"https:\/\/curva1.com.ar\/#\/schema\/person\/f5fd12984d70df7314fbd9ab42f31033\"},\"inLanguage\":\"en-US\",\"potentialAction\":[{\"@type\":\"ReadAction\",\"target\":[\"https:\/\/curva1.com.ar\/?p=20753\"]}]},{\"@type\":[\"Person\"],\"@id\":\"https:\/\/curva1.com.ar\/#\/schema\/person\/f5fd12984d70df7314fbd9ab42f31033\",\"name\":\"Jos\\u00e9 Bravo\",\"image\":{\"@type\":\"ImageObject\",\"@id\":\"https:\/\/curva1.com.ar\/#personlogo\",\"inLanguage\":\"en-US\",\"url\":\"https:\/\/secure.gravatar.com\/avatar\/3ae0b1fdc6ddeb723a6e6c23609ed39de1d40a94b8112fd2c0c2032e2dabf28b?s=96&d=identicon&r=g\",\"caption\":\"Jos\\u00e9 Bravo\"}}]}<\/script>\n<!-- \/ Yoast SEO Premium plugin. -->","_links":{"self":[{"href":"https:\/\/curva1.com.ar\/index.php?rest_route=\/wp\/v2\/posts\/20753","targetHints":{"allow":["GET"]}}],"collection":[{"href":"https:\/\/curva1.com.ar\/index.php?rest_route=\/wp\/v2\/posts"}],"about":[{"href":"https:\/\/curva1.com.ar\/index.php?rest_route=\/wp\/v2\/types\/post"}],"author":[{"embeddable":true,"href":"https:\/\/curva1.com.ar\/index.php?rest_route=\/wp\/v2\/users\/1"}],"replies":[{"embeddable":true,"href":"https:\/\/curva1.com.ar\/index.php?rest_route=%2Fwp%2Fv2%2Fcomments&post=20753"}],"version-history":[{"count":1,"href":"https:\/\/curva1.com.ar\/index.php?rest_route=\/wp\/v2\/posts\/20753\/revisions"}],"predecessor-version":[{"id":20756,"href":"https:\/\/curva1.com.ar\/index.php?rest_route=\/wp\/v2\/posts\/20753\/revisions\/20756"}],"wp:featuredmedia":[{"embeddable":true,"href":"https:\/\/curva1.com.ar\/index.php?rest_route=\/wp\/v2\/media\/20754"}],"wp:attachment":[{"href":"https:\/\/curva1.com.ar\/index.php?rest_route=%2Fwp%2Fv2%2Fmedia&parent=20753"}],"wp:term":[{"taxonomy":"category","embeddable":true,"href":"https:\/\/curva1.com.ar\/index.php?rest_route=%2Fwp%2Fv2%2Fcategories&post=20753"},{"taxonomy":"post_tag","embeddable":true,"href":"https:\/\/curva1.com.ar\/index.php?rest_route=%2Fwp%2Fv2%2Ftags&post=20753"}],"curies":[{"name":"wp","href":"https:\/\/api.w.org\/{rel}","templated":true}]}}