{"id":20765,"date":"2016-12-29T11:30:37","date_gmt":"2016-12-29T14:30:37","guid":{"rendered":"http:\/\/www.curva1.com.ar\/?p=20765"},"modified":"2016-12-29T11:35:54","modified_gmt":"2016-12-29T14:35:54","slug":"mendoza-en-duda-en-el-calendario-del-super-tc2000","status":"publish","type":"post","link":"https:\/\/curva1.com.ar\/?p=20765","title":{"rendered":"Mendoza en duda en el calendario del S\u00faper TC2000"},"content":{"rendered":"<p><img loading=\"lazy\" decoding=\"async\" class=\"aligncenter size-full wp-image-20766\" src=\"http:\/\/www.curva1.com.ar\/wp-content\/uploads\/2016\/12\/0148-1.jpg\" alt=\"\" width=\"700\" height=\"394\" srcset=\"https:\/\/curva1.com.ar\/wp-content\/uploads\/2016\/12\/0148-1.jpg 700w, https:\/\/curva1.com.ar\/wp-content\/uploads\/2016\/12\/0148-1-300x169.jpg 300w, https:\/\/curva1.com.ar\/wp-content\/uploads\/2016\/12\/0148-1-600x337.jpg 600w\" sizes=\"auto, (max-width: 700px) 100vw, 700px\" \/><\/p>\n<div class=\"float_l\">\n<p>De cara a un nuevo Campeonato Argentino y Sudamericano de S\u00faper TC2000, se confirm\u00f3 el calendario competitivo que contar\u00e1 con 12 fechas iniciando el fin de semana del 5 de marzo en el Aut\u00f3dromo Juan y Oscar G\u00e1lvez de Buenos Aires.<\/p>\n<\/div>\n<div class=\"float_l m_t_20\">\n<p>La categor\u00eda m\u00e1s sofisticada de Sudam\u00e9rica recorrer\u00e1 nueve provincias a lo largo de su temporada 2017 (Buenos Aires, Santa Fe, San Luis, R\u00edo Negro, Mendoza\/Chubut, Santiago Del Estero, Misiones, San Juan, C\u00f3rdoba).<\/p>\n<p>El Callejero de Santa Fe ser\u00e1 la novena fecha de la temporada y se llevar\u00e1 a cabo el 02 y 03 de septiembre, mientras que la d\u00e9cima fecha, programada para el 1\u00b0 de octubre, albergar\u00e1 los tradicionales 200 Kil\u00f3metros de Buenos Aires.<\/p>\n<p>Calendario S\u00faper TC2000 2017<br \/>\n1\u00b0 &#8211; 05 de Marzo \u2013 Buenos Aires (Aut\u00f3dromo Oscar y Juan G\u00e1lvez)<br \/>\n<strong><span style=\"color: #ff0000;\">2 \u00b0 &#8211; 26 de marzo \u2013 A confirmar (Opciones: Mendoza o Trelew)<\/span><\/strong><br \/>\n3\u00b0 &#8211; 23 de Abril \u2013 San Luis (Circuito Internacional Potrero de los Funes)<br \/>\n4\u00b0 &#8211; 07 de Mayo \u2013 General Roca (Aut\u00f3dromo Parque Ciudad)<br \/>\n5\u00b0 &#8211; 21 de Mayo \u2013 Rosario (Aut\u00f3dromo Juan Manuel Fangio)<br \/>\n6\u00b0 &#8211; 11 de Junio \u2013 Termas de Rio Hondo (Circuito Internacional Termas de Rio Hondo)<br \/>\n7\u00b0 &#8211; 02 de Julio \u2013 A confirmar (Opciones: Rafaela o Paran\u00e1)<br \/>\n8\u00b0 &#8211; 30 de Julio \u2013 Ober\u00e1 (Aut\u00f3dromo Ciudad de Ober\u00e1)<br \/>\n9\u00b0 &#8211; 03 de Septiembre \u2013 Santa Fe (Circuito Callejero Santa Fe Ciudad)<br \/>\n10\u00b0 &#8211; 01 de Octubre \u2013 200 Kil\u00f3metros de Buenos Aires (Aut\u00f3dromo Oscar y Juan G\u00e1lvez)<br \/>\n11\u00b0 &#8211; 05 de Noviembre \u2013 San Juan (Circuito El Zonda Eduardo Copello)<br \/>\n12\u00b0 &#8211; 26 de Noviembre \u2013 C\u00f3rdoba (Aut\u00f3dromo Oscar Cabal\u00e9n)<\/p>\n<\/div>\n","protected":false},"excerpt":{"rendered":"<p>De cara a un nuevo Campeonato Argentino y Sudamericano de S\u00faper TC2000, se confirm\u00f3 el<\/p>\n","protected":false},"author":1,"featured_media":20766,"comment_status":"closed","ping_status":"closed","sticky":false,"template":"","format":"standard","meta":{"footnotes":""},"categories":[6],"tags":[],"class_list":["post-20765","post","type-post","status-publish","format-standard","has-post-thumbnail","hentry","category-nacionales"],"featured_image_urls":{"full":["https:\/\/curva1.com.ar\/wp-content\/uploads\/2016\/12\/0148-1.jpg",700,394,false],"thumbnail":["https:\/\/curva1.com.ar\/wp-content\/uploads\/2016\/12\/0148-1-300x169.jpg",300,169,true],"medium":["https:\/\/curva1.com.ar\/wp-content\/uploads\/2016\/12\/0148-1-600x337.jpg",600,337,true],"medium_large":["https:\/\/curva1.com.ar\/wp-content\/uploads\/2016\/12\/0148-1.jpg",640,360,false],"large":["https:\/\/curva1.com.ar\/wp-content\/uploads\/2016\/12\/0148-1.jpg",640,360,false],"1536x1536":["https:\/\/curva1.com.ar\/wp-content\/uploads\/2016\/12\/0148-1.jpg",700,394,false],"2048x2048":["https:\/\/curva1.com.ar\/wp-content\/uploads\/2016\/12\/0148-1.jpg",700,394,false],"chromenews-featured":["https:\/\/curva1.com.ar\/wp-content\/uploads\/2016\/12\/0148-1.jpg",700,394,false],"chromenews-large":["https:\/\/curva1.com.ar\/wp-content\/uploads\/2016\/12\/0148-1.jpg",700,394,false],"chromenews-medium":["https:\/\/curva1.com.ar\/wp-content\/uploads\/2016\/12\/0148-1.jpg",590,332,false]},"author_info":{"display_name":"Jos\u00e9 Bravo","author_link":"https:\/\/curva1.com.ar\/?author=1"},"category_info":"<a href=\"https:\/\/curva1.com.ar\/?cat=6\" rel=\"category\">Nacionales<\/a>","tag_info":"Nacionales","comment_count":"0","yoast_head":"<!-- This site is optimized with the Yoast SEO Premium plugin v14.7 - https:\/\/yoast.com\/wordpress\/plugins\/seo\/ -->\n<title>Mendoza en duda en el calendario del S\u00faper TC2000 - Curva 1<\/title>\n<meta name=\"robots\" content=\"index, follow\" \/>\n<meta name=\"googlebot\" content=\"index, follow, max-snippet:-1, max-image-preview:large, max-video-preview:-1\" \/>\n<meta name=\"bingbot\" content=\"index, follow, max-snippet:-1, max-image-preview:large, max-video-preview:-1\" \/>\n<link rel=\"canonical\" href=\"https:\/\/curva1.com.ar\/?p=20765\" \/>\n<meta property=\"og:locale\" content=\"en_US\" \/>\n<meta property=\"og:type\" content=\"article\" \/>\n<meta property=\"og:title\" content=\"Mendoza en duda en el calendario del S\u00faper TC2000 - Curva 1\" \/>\n<meta property=\"og:description\" content=\"De cara a un nuevo Campeonato Argentino y Sudamericano de S\u00faper TC2000, se confirm\u00f3 el\" \/>\n<meta property=\"og:url\" content=\"https:\/\/curva1.com.ar\/?p=20765\" \/>\n<meta property=\"og:site_name\" content=\"Curva 1\" \/>\n<meta property=\"article:publisher\" content=\"https:\/\/www.facebook.com\/revistacurva1\/\" \/>\n<meta property=\"article:published_time\" content=\"2016-12-29T14:30:37+00:00\" \/>\n<meta property=\"article:modified_time\" content=\"2016-12-29T14:35:54+00:00\" \/>\n<meta property=\"og:image\" content=\"https:\/\/curva1.com.ar\/wp-content\/uploads\/2016\/12\/0148-1.jpg\" \/>\n\t<meta property=\"og:image:width\" content=\"700\" \/>\n\t<meta property=\"og:image:height\" content=\"394\" \/>\n<meta property=\"fb:app_id\" content=\"1593067817533208\" \/>\n<meta name=\"twitter:card\" content=\"summary_large_image\" \/>\n<meta name=\"twitter:creator\" content=\"@curva1mendoza\" \/>\n<meta name=\"twitter:site\" content=\"@curva1mendoza\" \/>\n<script type=\"application\/ld+json\" class=\"yoast-schema-graph\">{\"@context\":\"https:\/\/schema.org\",\"@graph\":[{\"@type\":\"WebSite\",\"@id\":\"https:\/\/curva1.com.ar\/#website\",\"url\":\"https:\/\/curva1.com.ar\/\",\"name\":\"Curva 1\",\"description\":\"Automovilismo de Mendoza\",\"potentialAction\":[{\"@type\":\"SearchAction\",\"target\":\"https:\/\/curva1.com.ar\/?s={search_term_string}\",\"query-input\":\"required name=search_term_string\"}],\"inLanguage\":\"en-US\"},{\"@type\":\"ImageObject\",\"@id\":\"https:\/\/curva1.com.ar\/?p=20765#primaryimage\",\"inLanguage\":\"en-US\",\"url\":\"https:\/\/curva1.com.ar\/wp-content\/uploads\/2016\/12\/0148-1.jpg\",\"width\":700,\"height\":394},{\"@type\":\"WebPage\",\"@id\":\"https:\/\/curva1.com.ar\/?p=20765#webpage\",\"url\":\"https:\/\/curva1.com.ar\/?p=20765\",\"name\":\"Mendoza en duda en el calendario del S\\u00faper TC2000 - Curva 1\",\"isPartOf\":{\"@id\":\"https:\/\/curva1.com.ar\/#website\"},\"primaryImageOfPage\":{\"@id\":\"https:\/\/curva1.com.ar\/?p=20765#primaryimage\"},\"datePublished\":\"2016-12-29T14:30:37+00:00\",\"dateModified\":\"2016-12-29T14:35:54+00:00\",\"author\":{\"@id\":\"https:\/\/curva1.com.ar\/#\/schema\/person\/f5fd12984d70df7314fbd9ab42f31033\"},\"inLanguage\":\"en-US\",\"potentialAction\":[{\"@type\":\"ReadAction\",\"target\":[\"https:\/\/curva1.com.ar\/?p=20765\"]}]},{\"@type\":[\"Person\"],\"@id\":\"https:\/\/curva1.com.ar\/#\/schema\/person\/f5fd12984d70df7314fbd9ab42f31033\",\"name\":\"Jos\\u00e9 Bravo\",\"image\":{\"@type\":\"ImageObject\",\"@id\":\"https:\/\/curva1.com.ar\/#personlogo\",\"inLanguage\":\"en-US\",\"url\":\"https:\/\/secure.gravatar.com\/avatar\/3ae0b1fdc6ddeb723a6e6c23609ed39de1d40a94b8112fd2c0c2032e2dabf28b?s=96&d=identicon&r=g\",\"caption\":\"Jos\\u00e9 Bravo\"}}]}<\/script>\n<!-- \/ Yoast SEO Premium plugin. -->","_links":{"self":[{"href":"https:\/\/curva1.com.ar\/index.php?rest_route=\/wp\/v2\/posts\/20765","targetHints":{"allow":["GET"]}}],"collection":[{"href":"https:\/\/curva1.com.ar\/index.php?rest_route=\/wp\/v2\/posts"}],"about":[{"href":"https:\/\/curva1.com.ar\/index.php?rest_route=\/wp\/v2\/types\/post"}],"author":[{"embeddable":true,"href":"https:\/\/curva1.com.ar\/index.php?rest_route=\/wp\/v2\/users\/1"}],"replies":[{"embeddable":true,"href":"https:\/\/curva1.com.ar\/index.php?rest_route=%2Fwp%2Fv2%2Fcomments&post=20765"}],"version-history":[{"count":2,"href":"https:\/\/curva1.com.ar\/index.php?rest_route=\/wp\/v2\/posts\/20765\/revisions"}],"predecessor-version":[{"id":20768,"href":"https:\/\/curva1.com.ar\/index.php?rest_route=\/wp\/v2\/posts\/20765\/revisions\/20768"}],"wp:featuredmedia":[{"embeddable":true,"href":"https:\/\/curva1.com.ar\/index.php?rest_route=\/wp\/v2\/media\/20766"}],"wp:attachment":[{"href":"https:\/\/curva1.com.ar\/index.php?rest_route=%2Fwp%2Fv2%2Fmedia&parent=20765"}],"wp:term":[{"taxonomy":"category","embeddable":true,"href":"https:\/\/curva1.com.ar\/index.php?rest_route=%2Fwp%2Fv2%2Fcategories&post=20765"},{"taxonomy":"post_tag","embeddable":true,"href":"https:\/\/curva1.com.ar\/index.php?rest_route=%2Fwp%2Fv2%2Ftags&post=20765"}],"curies":[{"name":"wp","href":"https:\/\/api.w.org\/{rel}","templated":true}]}}