{"id":20769,"date":"2016-12-29T11:38:55","date_gmt":"2016-12-29T14:38:55","guid":{"rendered":"http:\/\/www.curva1.com.ar\/?p=20769"},"modified":"2016-12-29T11:38:55","modified_gmt":"2016-12-29T14:38:55","slug":"llaver-espera-por-ingresar-al-team-chevrolet-de-super-tc2000","status":"publish","type":"post","link":"https:\/\/curva1.com.ar\/?p=20769","title":{"rendered":"Llaver espera por ingresar al team Chevrolet de S\u00faper TC2000"},"content":{"rendered":"<p><img loading=\"lazy\" decoding=\"async\" class=\"aligncenter size-full wp-image-20770\" src=\"http:\/\/www.curva1.com.ar\/wp-content\/uploads\/2016\/12\/0019185488.jpg\" alt=\"\" width=\"642\" height=\"448\" srcset=\"https:\/\/curva1.com.ar\/wp-content\/uploads\/2016\/12\/0019185488.jpg 642w, https:\/\/curva1.com.ar\/wp-content\/uploads\/2016\/12\/0019185488-483x337.jpg 483w\" sizes=\"auto, (max-width: 642px) 100vw, 642px\" \/><\/p>\n<p>Fue uno de los m\u00e1ximos ganadores de la temporada 2016 en el S\u00faper TC2000, pero lejos de tener confirmada su continuidad, hoy se debate entre tener una butaca, analizar otra categor\u00eda e incluso abandonar el automovilismo.<\/p>\n<p>Tan injusto y desbastado est\u00e1 el sistema en el automovilismo argentino, que Bernardo Llaver est\u00e1 fuera de la categor\u00eda de los motores V8, tras haber subido tres veces al podio (dos victorias y un tercer puesto).<\/p>\n<p><strong>&#8220;Estoy esperando una confirmaci\u00f3n de parte del equipo oficial Chevrolet, que a\u00fan tiene la disyuntiva entre dos pilotos, que somos Franco Vivian y yo. El tema es que tanto el equipo como la marca me prefieren a m\u00ed, pero el principal sponsor que es YPF quiere que Vivian ocupe la segunda butaca, por detr\u00e1s de (Agust\u00edn) Canapino&#8221;,<\/strong> puntualiz\u00f3 Berni.<\/p>\n<p><strong>&#8220;El tema es que todo se ha demorado mucho m\u00e1s de la cuenta, porque supuestamente el plazo m\u00e1ximo era hasta el viernes de la semana pasada y a\u00fan no tengo novedades porque no recib\u00ed ning\u00fan llamado&#8221;<\/strong>, afirm\u00f3 el sanmartiniano.<\/p>\n<p>Pero existe una segunda chance y es construir un quinto auto, sobre eso Llaver afirm\u00f3:<strong> &#8220;Para no entrar en conflicto el equipo con YPF armar\u00eda un quinto auto y ah\u00ed entrar\u00edamos los dos, eso hizo que revieran los n\u00fameros y por eso tal vez est\u00e1 tardando un poco la decisi\u00f3n final&#8221;.<\/strong><\/p>\n<p><strong>&#8220;Si no se concreta su llegada al team Chevrolet, no tengo otra alternativa porque la posibilidad de de llegar a Fiat con el equipo de Carlos Merlo est\u00e1 descartada&#8221;<\/strong>, asegur\u00f3.<\/p>\n<p>Para el final la frase fue lapidaria, despu\u00e9s de cierto agotamiento por estas situaciones: <strong>&#8220;Pens\u00e9 en retirarme del automovilismo. Es agotador pensar durante tanto tiempo con el tema de los n\u00fameros. No quiero ir a otra categor\u00eda para seguir penando con lo mismo, por lo cual lo estoy evaluando&#8221;.<\/strong><\/p>\n<p>Ovaci\u00f3n &#8211; Diario Uno<\/p>\n","protected":false},"excerpt":{"rendered":"<p>Fue uno de los m\u00e1ximos ganadores de la temporada 2016 en el S\u00faper TC2000, pero<\/p>\n","protected":false},"author":1,"featured_media":20770,"comment_status":"closed","ping_status":"closed","sticky":false,"template":"","format":"standard","meta":{"footnotes":""},"categories":[6],"tags":[],"class_list":["post-20769","post","type-post","status-publish","format-standard","has-post-thumbnail","hentry","category-nacionales"],"featured_image_urls":{"full":["https:\/\/curva1.com.ar\/wp-content\/uploads\/2016\/12\/0019185488.jpg",642,448,false],"thumbnail":["https:\/\/curva1.com.ar\/wp-content\/uploads\/2016\/12\/0019185488-300x169.jpg",300,169,true],"medium":["https:\/\/curva1.com.ar\/wp-content\/uploads\/2016\/12\/0019185488-483x337.jpg",483,337,true],"medium_large":["https:\/\/curva1.com.ar\/wp-content\/uploads\/2016\/12\/0019185488.jpg",640,447,false],"large":["https:\/\/curva1.com.ar\/wp-content\/uploads\/2016\/12\/0019185488.jpg",640,447,false],"1536x1536":["https:\/\/curva1.com.ar\/wp-content\/uploads\/2016\/12\/0019185488.jpg",642,448,false],"2048x2048":["https:\/\/curva1.com.ar\/wp-content\/uploads\/2016\/12\/0019185488.jpg",642,448,false],"chromenews-featured":["https:\/\/curva1.com.ar\/wp-content\/uploads\/2016\/12\/0019185488.jpg",642,448,false],"chromenews-large":["https:\/\/curva1.com.ar\/wp-content\/uploads\/2016\/12\/0019185488.jpg",642,448,false],"chromenews-medium":["https:\/\/curva1.com.ar\/wp-content\/uploads\/2016\/12\/0019185488.jpg",588,410,false]},"author_info":{"display_name":"Jos\u00e9 Bravo","author_link":"https:\/\/curva1.com.ar\/?author=1"},"category_info":"<a href=\"https:\/\/curva1.com.ar\/?cat=6\" rel=\"category\">Nacionales<\/a>","tag_info":"Nacionales","comment_count":"0","yoast_head":"<!-- This site is optimized with the Yoast SEO Premium plugin v14.7 - https:\/\/yoast.com\/wordpress\/plugins\/seo\/ -->\n<title>Llaver espera por ingresar al team Chevrolet de S\u00faper TC2000 - Curva 1<\/title>\n<meta name=\"robots\" content=\"index, follow\" \/>\n<meta name=\"googlebot\" content=\"index, follow, max-snippet:-1, max-image-preview:large, max-video-preview:-1\" \/>\n<meta name=\"bingbot\" content=\"index, follow, max-snippet:-1, max-image-preview:large, max-video-preview:-1\" \/>\n<link rel=\"canonical\" href=\"https:\/\/curva1.com.ar\/?p=20769\" \/>\n<meta property=\"og:locale\" content=\"en_US\" \/>\n<meta property=\"og:type\" content=\"article\" \/>\n<meta property=\"og:title\" content=\"Llaver espera por ingresar al team Chevrolet de S\u00faper TC2000 - Curva 1\" \/>\n<meta property=\"og:description\" content=\"Fue uno de los m\u00e1ximos ganadores de la temporada 2016 en el S\u00faper TC2000, pero\" \/>\n<meta property=\"og:url\" content=\"https:\/\/curva1.com.ar\/?p=20769\" \/>\n<meta property=\"og:site_name\" content=\"Curva 1\" \/>\n<meta property=\"article:publisher\" content=\"https:\/\/www.facebook.com\/revistacurva1\/\" \/>\n<meta property=\"article:published_time\" content=\"2016-12-29T14:38:55+00:00\" \/>\n<meta property=\"og:image\" content=\"https:\/\/curva1.com.ar\/wp-content\/uploads\/2016\/12\/0019185488.jpg\" \/>\n\t<meta property=\"og:image:width\" content=\"642\" \/>\n\t<meta property=\"og:image:height\" content=\"448\" \/>\n<meta property=\"fb:app_id\" content=\"1593067817533208\" \/>\n<meta name=\"twitter:card\" content=\"summary_large_image\" \/>\n<meta name=\"twitter:creator\" content=\"@curva1mendoza\" \/>\n<meta name=\"twitter:site\" content=\"@curva1mendoza\" \/>\n<script type=\"application\/ld+json\" class=\"yoast-schema-graph\">{\"@context\":\"https:\/\/schema.org\",\"@graph\":[{\"@type\":\"WebSite\",\"@id\":\"https:\/\/curva1.com.ar\/#website\",\"url\":\"https:\/\/curva1.com.ar\/\",\"name\":\"Curva 1\",\"description\":\"Automovilismo de Mendoza\",\"potentialAction\":[{\"@type\":\"SearchAction\",\"target\":\"https:\/\/curva1.com.ar\/?s={search_term_string}\",\"query-input\":\"required name=search_term_string\"}],\"inLanguage\":\"en-US\"},{\"@type\":\"ImageObject\",\"@id\":\"https:\/\/curva1.com.ar\/?p=20769#primaryimage\",\"inLanguage\":\"en-US\",\"url\":\"https:\/\/curva1.com.ar\/wp-content\/uploads\/2016\/12\/0019185488.jpg\",\"width\":642,\"height\":448},{\"@type\":\"WebPage\",\"@id\":\"https:\/\/curva1.com.ar\/?p=20769#webpage\",\"url\":\"https:\/\/curva1.com.ar\/?p=20769\",\"name\":\"Llaver espera por ingresar al team Chevrolet de S\\u00faper TC2000 - Curva 1\",\"isPartOf\":{\"@id\":\"https:\/\/curva1.com.ar\/#website\"},\"primaryImageOfPage\":{\"@id\":\"https:\/\/curva1.com.ar\/?p=20769#primaryimage\"},\"datePublished\":\"2016-12-29T14:38:55+00:00\",\"dateModified\":\"2016-12-29T14:38:55+00:00\",\"author\":{\"@id\":\"https:\/\/curva1.com.ar\/#\/schema\/person\/f5fd12984d70df7314fbd9ab42f31033\"},\"inLanguage\":\"en-US\",\"potentialAction\":[{\"@type\":\"ReadAction\",\"target\":[\"https:\/\/curva1.com.ar\/?p=20769\"]}]},{\"@type\":[\"Person\"],\"@id\":\"https:\/\/curva1.com.ar\/#\/schema\/person\/f5fd12984d70df7314fbd9ab42f31033\",\"name\":\"Jos\\u00e9 Bravo\",\"image\":{\"@type\":\"ImageObject\",\"@id\":\"https:\/\/curva1.com.ar\/#personlogo\",\"inLanguage\":\"en-US\",\"url\":\"https:\/\/secure.gravatar.com\/avatar\/3ae0b1fdc6ddeb723a6e6c23609ed39de1d40a94b8112fd2c0c2032e2dabf28b?s=96&d=identicon&r=g\",\"caption\":\"Jos\\u00e9 Bravo\"}}]}<\/script>\n<!-- \/ Yoast SEO Premium plugin. -->","_links":{"self":[{"href":"https:\/\/curva1.com.ar\/index.php?rest_route=\/wp\/v2\/posts\/20769","targetHints":{"allow":["GET"]}}],"collection":[{"href":"https:\/\/curva1.com.ar\/index.php?rest_route=\/wp\/v2\/posts"}],"about":[{"href":"https:\/\/curva1.com.ar\/index.php?rest_route=\/wp\/v2\/types\/post"}],"author":[{"embeddable":true,"href":"https:\/\/curva1.com.ar\/index.php?rest_route=\/wp\/v2\/users\/1"}],"replies":[{"embeddable":true,"href":"https:\/\/curva1.com.ar\/index.php?rest_route=%2Fwp%2Fv2%2Fcomments&post=20769"}],"version-history":[{"count":1,"href":"https:\/\/curva1.com.ar\/index.php?rest_route=\/wp\/v2\/posts\/20769\/revisions"}],"predecessor-version":[{"id":20771,"href":"https:\/\/curva1.com.ar\/index.php?rest_route=\/wp\/v2\/posts\/20769\/revisions\/20771"}],"wp:featuredmedia":[{"embeddable":true,"href":"https:\/\/curva1.com.ar\/index.php?rest_route=\/wp\/v2\/media\/20770"}],"wp:attachment":[{"href":"https:\/\/curva1.com.ar\/index.php?rest_route=%2Fwp%2Fv2%2Fmedia&parent=20769"}],"wp:term":[{"taxonomy":"category","embeddable":true,"href":"https:\/\/curva1.com.ar\/index.php?rest_route=%2Fwp%2Fv2%2Fcategories&post=20769"},{"taxonomy":"post_tag","embeddable":true,"href":"https:\/\/curva1.com.ar\/index.php?rest_route=%2Fwp%2Fv2%2Ftags&post=20769"}],"curies":[{"name":"wp","href":"https:\/\/api.w.org\/{rel}","templated":true}]}}