{"id":20777,"date":"2016-12-29T18:02:56","date_gmt":"2016-12-29T21:02:56","guid":{"rendered":"http:\/\/www.curva1.com.ar\/?p=20777"},"modified":"2016-12-29T18:02:56","modified_gmt":"2016-12-29T21:02:56","slug":"yacopini-y-merlo-preparados-para-su-tercer-dakar","status":"publish","type":"post","link":"https:\/\/curva1.com.ar\/?p=20777","title":{"rendered":"Yacopini y Merlo preparados para su tercer Dakar"},"content":{"rendered":"<p><img loading=\"lazy\" decoding=\"async\" class=\"aligncenter size-full wp-image-20778\" src=\"http:\/\/www.curva1.com.ar\/wp-content\/uploads\/2016\/12\/unnamed.jpg\" alt=\"\" width=\"700\" height=\"394\" srcset=\"https:\/\/curva1.com.ar\/wp-content\/uploads\/2016\/12\/unnamed.jpg 700w, https:\/\/curva1.com.ar\/wp-content\/uploads\/2016\/12\/unnamed-300x169.jpg 300w, https:\/\/curva1.com.ar\/wp-content\/uploads\/2016\/12\/unnamed-600x337.jpg 600w\" sizes=\"auto, (max-width: 700px) 100vw, 700px\" \/><\/p>\n<p>El equipo Toyota Yacopini, integrado por Alejandro Yacopini y Daniel Merlo ya se encuentra en Paraguay dispuesto a encarar el desarrollo de una nueva participaci\u00f3n en el Dakar. Este ser\u00e1 el tercer rally para el binomio y el s\u00e9ptimo para el piloto Alejandro Yacopini.<\/p>\n<p>En la previa a la largada de la gran carrera Alejandro Yacopini nos dec\u00eda: &#8220;Como hab\u00edamos comentado el mes pasado nuestra actividad deportiva estaba cerrada hasta la pr\u00f3xima temporada de Cross Country Argentina pero dadas algunas circunstancias hemos retomado la actividad mucho antes de lo previsto. Con Daniel Merlo vamos a ser parte del Dakar 2017, correremos en una Toyota Hilux en su \u00faltima evoluci\u00f3n en la categor\u00eda T1. Es un sue\u00f1o hecho realidad&#8221;<\/p>\n<p>Daniel Merlo, por su parte, agregaba: &#8220;Estamos felices de estar en Paraguay listos para largar otro Dakar. La camioneta es una cosa de locos. Nos estamos adaptando a este nuevo sistema, porque es diferente a lo que estamos acostumbrados. Estamos muy ansiosos por el comienzo de este nuevo Dakar. Tenemos un equipo incre\u00edble, el profesionalismo es de u<\/p>\n<p>n nivel alt\u00edsimo. Hay mucha gente trabajando sobre nuestra camioneta. El respaldo es muy grande y esperamos rendir de la mejor manera, vamos a dar todo\u201d.<\/p>\n<p><strong>Recorrido y d\u00edas de competencia:<\/strong><\/p>\n<p>1\u00aa etapa: (2 de enero) Asunci\u00f3n (PAR) &#8211; Resistencia (ARG) Motos, quads, autos, SSV y camiones: 454 km, 39 km de especial.<\/p>\n<p>2\u00aa etapa: (3 de enero) Resistencia (ARG) &#8211; San Miguel de Tucum\u00e1n (ARG) Motos, quads, autos y \u00a0\u00a0SSV: 803 km, 275 km de especial Camiones: 812 km, 284 km de especial.<\/p>\n<p>3\u00aa etapa: (4 de enero) San Miguel de Tucum\u00e1n (ARG) &#8211; San Salvador de Jujuy (ARG) Motos, quads, autos y SSV: 780 km, 364 km de especial Camiones: 757 km, 199 km de especial.<\/p>\n<p>4\u00aa etapa: (5 de enero) San Salvador de Jujuy (ARG) &#8211; Tupiza (BOL) Motos, quads, autos, SSV y camiones: 521 km, 416 km de especial.<\/p>\n<p>5\u00aa etapa: (6 de enero) Tupiza (BOL) &#8211; Oruro (BOL) Motos, quads, autos y SSV: 692 km, 447 km<\/p>\n<p>de especial Camiones: 683 km, 438 km de especial.<\/p>\n<p>6\u00aa etapa: (7 de enero) Oruro (BOL) &#8211; La Paz (BOL) Motos, quads, autos y SSV: 786 km, 527 km de especial Camiones: 772 km, 513 km de especial Jornada de reposo (8 de enero).<\/p>\n<p>7\u00aa etapa: (9 de enero) La Paz (BOL) &#8211; Uyuni (BOL) Motos, quads, autos, SSV y camiones: 622 km, 322 km de especial.<\/p>\n<p>8\u00aa etapa: (10 de enero) Uyuni (BOL) &#8211; Salta (ARG) Motos, quads, autos, SSV y camiones: 892 km, 492 km de especial.<\/p>\n<p>9\u00aa etapa: (11 de enero) Salta (ARG) &#8211; Chilecito (ARG) Motos, quads, autos, SSV y camiones: 977 km, 406 km de especial.<\/p>\n<p>10\u00aa etapa: (12 de enero) Chilecito (ARG) &#8211; San Juan (ARG) Motos, quads, autos, SSV y camiones: 751 km, 449 km de especial.<\/p>\n<p>11\u00aa etapa: (13 de enero) San Juan (ARG) &#8211; R\u00edo Cuarto (ARG) Motos y quads: 754 km, 288 de especial Autos y SSV: 759 km, 292 km de especial Camiones: 754 km, 288 km de especial.<\/p>\n<p>12\u00aa etapa: (14 de enero) R\u00edo Cuarto (ARG) &#8211; Buenos Aires (ARG) Motos, quads, autos, SSV y camiones: 786 km, 64 km de especial.<\/p>\n","protected":false},"excerpt":{"rendered":"<p>El equipo Toyota Yacopini, integrado por Alejandro Yacopini y Daniel Merlo ya se encuentra en<\/p>\n","protected":false},"author":1,"featured_media":20778,"comment_status":"closed","ping_status":"closed","sticky":false,"template":"","format":"standard","meta":{"footnotes":""},"categories":[1],"tags":[],"class_list":["post-20777","post","type-post","status-publish","format-standard","has-post-thumbnail","hentry","category-zonal-cuyano"],"featured_image_urls":{"full":["https:\/\/curva1.com.ar\/wp-content\/uploads\/2016\/12\/unnamed.jpg",700,394,false],"thumbnail":["https:\/\/curva1.com.ar\/wp-content\/uploads\/2016\/12\/unnamed-300x169.jpg",300,169,true],"medium":["https:\/\/curva1.com.ar\/wp-content\/uploads\/2016\/12\/unnamed-600x337.jpg",600,337,true],"medium_large":["https:\/\/curva1.com.ar\/wp-content\/uploads\/2016\/12\/unnamed.jpg",640,360,false],"large":["https:\/\/curva1.com.ar\/wp-content\/uploads\/2016\/12\/unnamed.jpg",640,360,false],"1536x1536":["https:\/\/curva1.com.ar\/wp-content\/uploads\/2016\/12\/unnamed.jpg",700,394,false],"2048x2048":["https:\/\/curva1.com.ar\/wp-content\/uploads\/2016\/12\/unnamed.jpg",700,394,false],"chromenews-featured":["https:\/\/curva1.com.ar\/wp-content\/uploads\/2016\/12\/unnamed.jpg",700,394,false],"chromenews-large":["https:\/\/curva1.com.ar\/wp-content\/uploads\/2016\/12\/unnamed.jpg",700,394,false],"chromenews-medium":["https:\/\/curva1.com.ar\/wp-content\/uploads\/2016\/12\/unnamed.jpg",590,332,false]},"author_info":{"display_name":"Jos\u00e9 Bravo","author_link":"https:\/\/curva1.com.ar\/?author=1"},"category_info":"<a href=\"https:\/\/curva1.com.ar\/?cat=1\" rel=\"category\">Zonal Cuyano<\/a>","tag_info":"Zonal Cuyano","comment_count":"0","yoast_head":"<!-- This site is optimized with the Yoast SEO Premium plugin v14.7 - https:\/\/yoast.com\/wordpress\/plugins\/seo\/ -->\n<title>Yacopini y Merlo preparados para su tercer Dakar - Curva 1<\/title>\n<meta name=\"robots\" content=\"index, follow\" \/>\n<meta name=\"googlebot\" content=\"index, follow, max-snippet:-1, max-image-preview:large, max-video-preview:-1\" \/>\n<meta name=\"bingbot\" content=\"index, follow, max-snippet:-1, max-image-preview:large, max-video-preview:-1\" \/>\n<link rel=\"canonical\" href=\"https:\/\/curva1.com.ar\/?p=20777\" \/>\n<meta property=\"og:locale\" content=\"en_US\" \/>\n<meta property=\"og:type\" content=\"article\" \/>\n<meta property=\"og:title\" content=\"Yacopini y Merlo preparados para su tercer Dakar - Curva 1\" \/>\n<meta property=\"og:description\" content=\"El equipo Toyota Yacopini, integrado por Alejandro Yacopini y Daniel Merlo ya se encuentra en\" \/>\n<meta property=\"og:url\" content=\"https:\/\/curva1.com.ar\/?p=20777\" \/>\n<meta property=\"og:site_name\" content=\"Curva 1\" \/>\n<meta property=\"article:publisher\" content=\"https:\/\/www.facebook.com\/revistacurva1\/\" \/>\n<meta property=\"article:published_time\" content=\"2016-12-29T21:02:56+00:00\" \/>\n<meta property=\"og:image\" content=\"https:\/\/curva1.com.ar\/wp-content\/uploads\/2016\/12\/unnamed.jpg\" \/>\n\t<meta property=\"og:image:width\" content=\"700\" \/>\n\t<meta property=\"og:image:height\" content=\"394\" \/>\n<meta property=\"fb:app_id\" content=\"1593067817533208\" \/>\n<meta name=\"twitter:card\" content=\"summary_large_image\" \/>\n<meta name=\"twitter:creator\" content=\"@curva1mendoza\" \/>\n<meta name=\"twitter:site\" content=\"@curva1mendoza\" \/>\n<script type=\"application\/ld+json\" class=\"yoast-schema-graph\">{\"@context\":\"https:\/\/schema.org\",\"@graph\":[{\"@type\":\"WebSite\",\"@id\":\"https:\/\/curva1.com.ar\/#website\",\"url\":\"https:\/\/curva1.com.ar\/\",\"name\":\"Curva 1\",\"description\":\"Automovilismo de Mendoza\",\"potentialAction\":[{\"@type\":\"SearchAction\",\"target\":\"https:\/\/curva1.com.ar\/?s={search_term_string}\",\"query-input\":\"required name=search_term_string\"}],\"inLanguage\":\"en-US\"},{\"@type\":\"ImageObject\",\"@id\":\"https:\/\/curva1.com.ar\/?p=20777#primaryimage\",\"inLanguage\":\"en-US\",\"url\":\"https:\/\/curva1.com.ar\/wp-content\/uploads\/2016\/12\/unnamed.jpg\",\"width\":700,\"height\":394},{\"@type\":\"WebPage\",\"@id\":\"https:\/\/curva1.com.ar\/?p=20777#webpage\",\"url\":\"https:\/\/curva1.com.ar\/?p=20777\",\"name\":\"Yacopini y Merlo preparados para su tercer Dakar - Curva 1\",\"isPartOf\":{\"@id\":\"https:\/\/curva1.com.ar\/#website\"},\"primaryImageOfPage\":{\"@id\":\"https:\/\/curva1.com.ar\/?p=20777#primaryimage\"},\"datePublished\":\"2016-12-29T21:02:56+00:00\",\"dateModified\":\"2016-12-29T21:02:56+00:00\",\"author\":{\"@id\":\"https:\/\/curva1.com.ar\/#\/schema\/person\/f5fd12984d70df7314fbd9ab42f31033\"},\"inLanguage\":\"en-US\",\"potentialAction\":[{\"@type\":\"ReadAction\",\"target\":[\"https:\/\/curva1.com.ar\/?p=20777\"]}]},{\"@type\":[\"Person\"],\"@id\":\"https:\/\/curva1.com.ar\/#\/schema\/person\/f5fd12984d70df7314fbd9ab42f31033\",\"name\":\"Jos\\u00e9 Bravo\",\"image\":{\"@type\":\"ImageObject\",\"@id\":\"https:\/\/curva1.com.ar\/#personlogo\",\"inLanguage\":\"en-US\",\"url\":\"https:\/\/secure.gravatar.com\/avatar\/3ae0b1fdc6ddeb723a6e6c23609ed39de1d40a94b8112fd2c0c2032e2dabf28b?s=96&d=identicon&r=g\",\"caption\":\"Jos\\u00e9 Bravo\"}}]}<\/script>\n<!-- \/ Yoast SEO Premium plugin. -->","_links":{"self":[{"href":"https:\/\/curva1.com.ar\/index.php?rest_route=\/wp\/v2\/posts\/20777","targetHints":{"allow":["GET"]}}],"collection":[{"href":"https:\/\/curva1.com.ar\/index.php?rest_route=\/wp\/v2\/posts"}],"about":[{"href":"https:\/\/curva1.com.ar\/index.php?rest_route=\/wp\/v2\/types\/post"}],"author":[{"embeddable":true,"href":"https:\/\/curva1.com.ar\/index.php?rest_route=\/wp\/v2\/users\/1"}],"replies":[{"embeddable":true,"href":"https:\/\/curva1.com.ar\/index.php?rest_route=%2Fwp%2Fv2%2Fcomments&post=20777"}],"version-history":[{"count":1,"href":"https:\/\/curva1.com.ar\/index.php?rest_route=\/wp\/v2\/posts\/20777\/revisions"}],"predecessor-version":[{"id":20779,"href":"https:\/\/curva1.com.ar\/index.php?rest_route=\/wp\/v2\/posts\/20777\/revisions\/20779"}],"wp:featuredmedia":[{"embeddable":true,"href":"https:\/\/curva1.com.ar\/index.php?rest_route=\/wp\/v2\/media\/20778"}],"wp:attachment":[{"href":"https:\/\/curva1.com.ar\/index.php?rest_route=%2Fwp%2Fv2%2Fmedia&parent=20777"}],"wp:term":[{"taxonomy":"category","embeddable":true,"href":"https:\/\/curva1.com.ar\/index.php?rest_route=%2Fwp%2Fv2%2Fcategories&post=20777"},{"taxonomy":"post_tag","embeddable":true,"href":"https:\/\/curva1.com.ar\/index.php?rest_route=%2Fwp%2Fv2%2Ftags&post=20777"}],"curies":[{"name":"wp","href":"https:\/\/api.w.org\/{rel}","templated":true}]}}