{"id":20994,"date":"2017-02-07T16:15:32","date_gmt":"2017-02-07T19:15:32","guid":{"rendered":"http:\/\/www.curva1.com.ar\/?p=20994"},"modified":"2017-02-07T16:15:32","modified_gmt":"2017-02-07T19:15:32","slug":"flaque-y-fabricio-persia-al-equipo-oficial-fiat-de-top-race","status":"publish","type":"post","link":"https:\/\/curva1.com.ar\/?p=20994","title":{"rendered":"Flaqu\u00e9 y Fabricio Persia al equipo oficial Fiat de Top Race"},"content":{"rendered":"<p><img loading=\"lazy\" decoding=\"async\" class=\"aligncenter size-full wp-image-20997\" src=\"http:\/\/www.curva1.com.ar\/wp-content\/uploads\/2017\/02\/RIZZaTINEZ_.jpg\" alt=\"\" width=\"700\" height=\"466\" srcset=\"https:\/\/curva1.com.ar\/wp-content\/uploads\/2017\/02\/RIZZaTINEZ_.jpg 700w, https:\/\/curva1.com.ar\/wp-content\/uploads\/2017\/02\/RIZZaTINEZ_-506x337.jpg 506w\" sizes=\"auto, (max-width: 700px) 100vw, 700px\" \/><\/p>\n<p><strong>La temporada 2017 marcar\u00e1 el debut oficial de la f\u00e1brica italiana en el Top Race. Fiat tendr\u00e1 representaci\u00f3n en la categor\u00eda de la mano del equipo OCTANOS Competici\u00f3n, que pondr\u00e1 en pista seis autos. Juan Bautista de Benedictis y Fabi\u00e1n Flaqu\u00e9 son los pilotos confirmados en TRV6.<\/strong><\/p>\n<p style=\"padding-left: 30px;\"><em>Por <\/em><em>Nelson Moyano<\/em><\/p>\n<p>Las negociaciones se mantuvieron en reserva desde los \u00faltimos meses del a\u00f1o pasado y finalmente se resolvieron de manera positiva. Fiat y el equipo OCTANOS trabajar\u00e1n de manera conjunta esta temporada para conformar la escuadra oficial de la marca en el Top Race.<\/p>\n<p>El FIAT OCTANOS estar\u00e1 a cargo de Christian Mart\u00ednez en el \u00e1rea t\u00e9cnica, con la colaboraci\u00f3n del ingeniero Ra\u00fal Etchelecu. El equipo tendr\u00e1 seis m\u00e1quinas, dos en el TRV6 y cuatro en el TR Series, conformando un equipo con aspiraciones altas. \u201cJohnnito\u201d De Benedictis y Fabi\u00e1n Flaqu\u00e9 ser\u00e1n los representantes en la divisional mayor, mientras que Mauricio Chiaverano, Fabricio Persia y Facundo Santos ser\u00e1n los pilotos en el Series.<\/p>\n<p>Adem\u00e1s, Bruno Boccanera est\u00e1 confirmado en el equipo. Actualmente se encuentra trabajando en el presupuesto porque su intenci\u00f3n es crecer en el Top Race y apuesta a subirse a un TRV6. De lo contrario, el piloto de Nicanor Otamendi continuar\u00e1 su campa\u00f1a en el TR Series con serias aspiraciones al t\u00edtulo.<\/p>\n<p>Jorge Rizzuto, Director Deportivo de Fiat Argentina, coment\u00f3 al respecto. <strong><em>\u201cQuiero agradecer al Top Race por la posibilidad que nos dio de sumarnos a la categor\u00eda. Fiat hist\u00f3ricamente estuvo abocada al automovilismo argentino en distintas categor\u00edas, y ahora apostamos por el Top Race. Con esta presencia en las dos divisionales, TRV6 y TR Series, y con la calidad de pilotos que tendremos, las expectativas son las mejores para el campeonato 2017\u201d<\/em><\/strong><\/p>\n<p>Por su parte, Christian Martinez, tambi\u00e9n se expres\u00f3 en ese sentido. <em><strong>\u201cS\u00f3lo palabras de agradecimiento a Fiat, y a su Directo Deportivo Jorge Rizzuto, por la confianza depositada en nosotros para llevar adelante este proyecto. Tener el apoyo de Fiat y representar a una firma semejante es una gran responsabilidad, y no tengo dudas que vamos a estar a la altura de la situaci\u00f3n. Fuimos el equipo con m\u00e1s podios en el 2016, asique tenemos que seguir en esa l\u00ednea de trabajo para dejar a Fiat en lo m\u00e1s alto. Mantuvimos una base de pilotos del a\u00f1o pasado y sumamos nombres muy profesionales, por eso el objetivo es pelear por el campeonato en las dos categor\u00edas\u201d.<\/strong><\/em><\/p>\n","protected":false},"excerpt":{"rendered":"<p>La temporada 2017 marcar\u00e1 el debut oficial de la f\u00e1brica italiana en el Top Race.<\/p>\n","protected":false},"author":1,"featured_media":20997,"comment_status":"closed","ping_status":"closed","sticky":false,"template":"","format":"standard","meta":{"footnotes":""},"categories":[6],"tags":[],"class_list":["post-20994","post","type-post","status-publish","format-standard","has-post-thumbnail","hentry","category-nacionales"],"featured_image_urls":{"full":["https:\/\/curva1.com.ar\/wp-content\/uploads\/2017\/02\/RIZZaTINEZ_.jpg",700,466,false],"thumbnail":["https:\/\/curva1.com.ar\/wp-content\/uploads\/2017\/02\/RIZZaTINEZ_-300x169.jpg",300,169,true],"medium":["https:\/\/curva1.com.ar\/wp-content\/uploads\/2017\/02\/RIZZaTINEZ_-506x337.jpg",506,337,true],"medium_large":["https:\/\/curva1.com.ar\/wp-content\/uploads\/2017\/02\/RIZZaTINEZ_.jpg",640,426,false],"large":["https:\/\/curva1.com.ar\/wp-content\/uploads\/2017\/02\/RIZZaTINEZ_.jpg",640,426,false],"1536x1536":["https:\/\/curva1.com.ar\/wp-content\/uploads\/2017\/02\/RIZZaTINEZ_.jpg",700,466,false],"2048x2048":["https:\/\/curva1.com.ar\/wp-content\/uploads\/2017\/02\/RIZZaTINEZ_.jpg",700,466,false],"chromenews-featured":["https:\/\/curva1.com.ar\/wp-content\/uploads\/2017\/02\/RIZZaTINEZ_.jpg",700,466,false],"chromenews-large":["https:\/\/curva1.com.ar\/wp-content\/uploads\/2017\/02\/RIZZaTINEZ_.jpg",700,466,false],"chromenews-medium":["https:\/\/curva1.com.ar\/wp-content\/uploads\/2017\/02\/RIZZaTINEZ_.jpg",590,393,false]},"author_info":{"display_name":"Jos\u00e9 Bravo","author_link":"https:\/\/curva1.com.ar\/?author=1"},"category_info":"<a href=\"https:\/\/curva1.com.ar\/?cat=6\" rel=\"category\">Nacionales<\/a>","tag_info":"Nacionales","comment_count":"0","yoast_head":"<!-- This site is optimized with the Yoast SEO Premium plugin v14.7 - https:\/\/yoast.com\/wordpress\/plugins\/seo\/ -->\n<title>Flaqu\u00e9 y Fabricio Persia al equipo oficial Fiat de Top Race - Curva 1<\/title>\n<meta name=\"robots\" content=\"index, follow\" \/>\n<meta name=\"googlebot\" content=\"index, follow, max-snippet:-1, max-image-preview:large, max-video-preview:-1\" \/>\n<meta name=\"bingbot\" content=\"index, follow, max-snippet:-1, max-image-preview:large, max-video-preview:-1\" \/>\n<link rel=\"canonical\" href=\"https:\/\/curva1.com.ar\/?p=20994\" \/>\n<meta property=\"og:locale\" content=\"en_US\" \/>\n<meta property=\"og:type\" content=\"article\" \/>\n<meta property=\"og:title\" content=\"Flaqu\u00e9 y Fabricio Persia al equipo oficial Fiat de Top Race - Curva 1\" \/>\n<meta property=\"og:description\" content=\"La temporada 2017 marcar\u00e1 el debut oficial de la f\u00e1brica italiana en el Top Race.\" \/>\n<meta property=\"og:url\" content=\"https:\/\/curva1.com.ar\/?p=20994\" \/>\n<meta property=\"og:site_name\" content=\"Curva 1\" \/>\n<meta property=\"article:publisher\" content=\"https:\/\/www.facebook.com\/revistacurva1\/\" \/>\n<meta property=\"article:published_time\" content=\"2017-02-07T19:15:32+00:00\" \/>\n<meta property=\"og:image\" content=\"https:\/\/curva1.com.ar\/wp-content\/uploads\/2017\/02\/RIZZaTINEZ_.jpg\" \/>\n\t<meta property=\"og:image:width\" content=\"700\" \/>\n\t<meta property=\"og:image:height\" content=\"466\" \/>\n<meta property=\"fb:app_id\" content=\"1593067817533208\" \/>\n<meta name=\"twitter:card\" content=\"summary_large_image\" \/>\n<meta name=\"twitter:creator\" content=\"@curva1mendoza\" \/>\n<meta name=\"twitter:site\" content=\"@curva1mendoza\" \/>\n<script type=\"application\/ld+json\" class=\"yoast-schema-graph\">{\"@context\":\"https:\/\/schema.org\",\"@graph\":[{\"@type\":\"WebSite\",\"@id\":\"https:\/\/curva1.com.ar\/#website\",\"url\":\"https:\/\/curva1.com.ar\/\",\"name\":\"Curva 1\",\"description\":\"Automovilismo de Mendoza\",\"potentialAction\":[{\"@type\":\"SearchAction\",\"target\":\"https:\/\/curva1.com.ar\/?s={search_term_string}\",\"query-input\":\"required name=search_term_string\"}],\"inLanguage\":\"en-US\"},{\"@type\":\"ImageObject\",\"@id\":\"https:\/\/curva1.com.ar\/?p=20994#primaryimage\",\"inLanguage\":\"en-US\",\"url\":\"https:\/\/curva1.com.ar\/wp-content\/uploads\/2017\/02\/RIZZaTINEZ_.jpg\",\"width\":700,\"height\":466},{\"@type\":\"WebPage\",\"@id\":\"https:\/\/curva1.com.ar\/?p=20994#webpage\",\"url\":\"https:\/\/curva1.com.ar\/?p=20994\",\"name\":\"Flaqu\\u00e9 y Fabricio Persia al equipo oficial Fiat de Top Race - Curva 1\",\"isPartOf\":{\"@id\":\"https:\/\/curva1.com.ar\/#website\"},\"primaryImageOfPage\":{\"@id\":\"https:\/\/curva1.com.ar\/?p=20994#primaryimage\"},\"datePublished\":\"2017-02-07T19:15:32+00:00\",\"dateModified\":\"2017-02-07T19:15:32+00:00\",\"author\":{\"@id\":\"https:\/\/curva1.com.ar\/#\/schema\/person\/f5fd12984d70df7314fbd9ab42f31033\"},\"inLanguage\":\"en-US\",\"potentialAction\":[{\"@type\":\"ReadAction\",\"target\":[\"https:\/\/curva1.com.ar\/?p=20994\"]}]},{\"@type\":[\"Person\"],\"@id\":\"https:\/\/curva1.com.ar\/#\/schema\/person\/f5fd12984d70df7314fbd9ab42f31033\",\"name\":\"Jos\\u00e9 Bravo\",\"image\":{\"@type\":\"ImageObject\",\"@id\":\"https:\/\/curva1.com.ar\/#personlogo\",\"inLanguage\":\"en-US\",\"url\":\"https:\/\/secure.gravatar.com\/avatar\/3ae0b1fdc6ddeb723a6e6c23609ed39de1d40a94b8112fd2c0c2032e2dabf28b?s=96&d=identicon&r=g\",\"caption\":\"Jos\\u00e9 Bravo\"}}]}<\/script>\n<!-- \/ Yoast SEO Premium plugin. -->","_links":{"self":[{"href":"https:\/\/curva1.com.ar\/index.php?rest_route=\/wp\/v2\/posts\/20994","targetHints":{"allow":["GET"]}}],"collection":[{"href":"https:\/\/curva1.com.ar\/index.php?rest_route=\/wp\/v2\/posts"}],"about":[{"href":"https:\/\/curva1.com.ar\/index.php?rest_route=\/wp\/v2\/types\/post"}],"author":[{"embeddable":true,"href":"https:\/\/curva1.com.ar\/index.php?rest_route=\/wp\/v2\/users\/1"}],"replies":[{"embeddable":true,"href":"https:\/\/curva1.com.ar\/index.php?rest_route=%2Fwp%2Fv2%2Fcomments&post=20994"}],"version-history":[{"count":2,"href":"https:\/\/curva1.com.ar\/index.php?rest_route=\/wp\/v2\/posts\/20994\/revisions"}],"predecessor-version":[{"id":20998,"href":"https:\/\/curva1.com.ar\/index.php?rest_route=\/wp\/v2\/posts\/20994\/revisions\/20998"}],"wp:featuredmedia":[{"embeddable":true,"href":"https:\/\/curva1.com.ar\/index.php?rest_route=\/wp\/v2\/media\/20997"}],"wp:attachment":[{"href":"https:\/\/curva1.com.ar\/index.php?rest_route=%2Fwp%2Fv2%2Fmedia&parent=20994"}],"wp:term":[{"taxonomy":"category","embeddable":true,"href":"https:\/\/curva1.com.ar\/index.php?rest_route=%2Fwp%2Fv2%2Fcategories&post=20994"},{"taxonomy":"post_tag","embeddable":true,"href":"https:\/\/curva1.com.ar\/index.php?rest_route=%2Fwp%2Fv2%2Ftags&post=20994"}],"curies":[{"name":"wp","href":"https:\/\/api.w.org\/{rel}","templated":true}]}}