{"id":21004,"date":"2017-02-07T23:55:44","date_gmt":"2017-02-08T02:55:44","guid":{"rendered":"http:\/\/www.curva1.com.ar\/?p=21004"},"modified":"2017-02-08T11:01:37","modified_gmt":"2017-02-08T14:01:37","slug":"a-menos-de-25-dias-del-supuesto-inicio-no-hay-calendarios","status":"publish","type":"post","link":"https:\/\/curva1.com.ar\/?p=21004","title":{"rendered":"A menos de 25 d\u00edas del supuesto inicio, no hay calendarios!"},"content":{"rendered":"<p><img loading=\"lazy\" decoding=\"async\" class=\"aligncenter size-full wp-image-21005\" src=\"http:\/\/www.curva1.com.ar\/wp-content\/uploads\/2017\/02\/IMG_1202.jpg\" alt=\"\" width=\"700\" height=\"394\" srcset=\"https:\/\/curva1.com.ar\/wp-content\/uploads\/2017\/02\/IMG_1202.jpg 700w, https:\/\/curva1.com.ar\/wp-content\/uploads\/2017\/02\/IMG_1202-300x169.jpg 300w, https:\/\/curva1.com.ar\/wp-content\/uploads\/2017\/02\/IMG_1202-600x337.jpg 600w\" sizes=\"auto, (max-width: 700px) 100vw, 700px\" \/><\/p>\n<p>El mes de marzo en el automovilismo cuyano (y argentino) es clave ya que es el inicio de la mayor\u00eda de los campeonatos.<\/p>\n<p>Faltan menos de 25 d\u00edas para el primer finde de marzo y en Mendoza todav\u00eda no hay calendarios.<\/p>\n<p>La Asociaci\u00f3n de Pilotos APATC anunci\u00f3 el 3 de enero que el Zonal Cuyano comenzar\u00eda el 4 y 5 de marzo, pero r\u00e1pidamente la Federaci\u00f3n Mendocina de Automovilismo emiti\u00f3 un comunicado donde &#8220;no reconoc\u00eda&#8221; tal calendario. Desde ah\u00ed, ni noticias!<\/p>\n<p>Categor\u00edas Tradicionales est\u00e1 en silencio desde principios de diciembre. El karting tuvo su Copa Mendoza a fines de diciembre y desde all\u00ed, no se sabe ni quien lo dirigir\u00e1 este a\u00f1o. Del karting de tierra sure\u00f1o, no hay novedades.<\/p>\n<p>Como dice el dicho &#8220;estamos como vinimos de Espa\u00f1a&#8221;, sin nada!<\/p>\n<p>Ser\u00eda bueno que ALGUNA VEZ los dirigentes de turno pensaran que pilotos, preparadores, periodistas y el p\u00fablico en general tienen una vida despu\u00e9s del automovilismo cuyano, que hacen faltan programar fines de semana y que no siempre se puede estar a disposici\u00f3n de sus apresuradas decisiones.<\/p>\n","protected":false},"excerpt":{"rendered":"<p>El mes de marzo en el automovilismo cuyano (y argentino) es clave ya que es<\/p>\n","protected":false},"author":1,"featured_media":21005,"comment_status":"closed","ping_status":"closed","sticky":false,"template":"","format":"standard","meta":{"footnotes":""},"categories":[4,3,1],"tags":[],"class_list":["post-21004","post","type-post","status-publish","format-standard","has-post-thumbnail","hentry","category-karting","category-tradicionales","category-zonal-cuyano"],"featured_image_urls":{"full":["https:\/\/curva1.com.ar\/wp-content\/uploads\/2017\/02\/IMG_1202.jpg",700,394,false],"thumbnail":["https:\/\/curva1.com.ar\/wp-content\/uploads\/2017\/02\/IMG_1202-300x169.jpg",300,169,true],"medium":["https:\/\/curva1.com.ar\/wp-content\/uploads\/2017\/02\/IMG_1202-600x337.jpg",600,337,true],"medium_large":["https:\/\/curva1.com.ar\/wp-content\/uploads\/2017\/02\/IMG_1202.jpg",640,360,false],"large":["https:\/\/curva1.com.ar\/wp-content\/uploads\/2017\/02\/IMG_1202.jpg",640,360,false],"1536x1536":["https:\/\/curva1.com.ar\/wp-content\/uploads\/2017\/02\/IMG_1202.jpg",700,394,false],"2048x2048":["https:\/\/curva1.com.ar\/wp-content\/uploads\/2017\/02\/IMG_1202.jpg",700,394,false],"chromenews-featured":["https:\/\/curva1.com.ar\/wp-content\/uploads\/2017\/02\/IMG_1202.jpg",700,394,false],"chromenews-large":["https:\/\/curva1.com.ar\/wp-content\/uploads\/2017\/02\/IMG_1202.jpg",700,394,false],"chromenews-medium":["https:\/\/curva1.com.ar\/wp-content\/uploads\/2017\/02\/IMG_1202.jpg",590,332,false]},"author_info":{"display_name":"Jos\u00e9 Bravo","author_link":"https:\/\/curva1.com.ar\/?author=1"},"category_info":"<a href=\"https:\/\/curva1.com.ar\/?cat=4\" rel=\"category\">Karting Asfalto<\/a> <a href=\"https:\/\/curva1.com.ar\/?cat=3\" rel=\"category\">Tradicionales<\/a> <a href=\"https:\/\/curva1.com.ar\/?cat=1\" rel=\"category\">Zonal Cuyano<\/a>","tag_info":"Zonal Cuyano","comment_count":"0","yoast_head":"<!-- This site is optimized with the Yoast SEO Premium plugin v14.7 - https:\/\/yoast.com\/wordpress\/plugins\/seo\/ -->\n<title>A menos de 25 d\u00edas del supuesto inicio, no hay calendarios! - Curva 1<\/title>\n<meta name=\"robots\" content=\"index, follow\" \/>\n<meta name=\"googlebot\" content=\"index, follow, max-snippet:-1, max-image-preview:large, max-video-preview:-1\" \/>\n<meta name=\"bingbot\" content=\"index, follow, max-snippet:-1, max-image-preview:large, max-video-preview:-1\" \/>\n<link rel=\"canonical\" href=\"https:\/\/curva1.com.ar\/?p=21004\" \/>\n<meta property=\"og:locale\" content=\"en_US\" \/>\n<meta property=\"og:type\" content=\"article\" \/>\n<meta property=\"og:title\" content=\"A menos de 25 d\u00edas del supuesto inicio, no hay calendarios! - Curva 1\" \/>\n<meta property=\"og:description\" content=\"El mes de marzo en el automovilismo cuyano (y argentino) es clave ya que es\" \/>\n<meta property=\"og:url\" content=\"https:\/\/curva1.com.ar\/?p=21004\" \/>\n<meta property=\"og:site_name\" content=\"Curva 1\" \/>\n<meta property=\"article:publisher\" content=\"https:\/\/www.facebook.com\/revistacurva1\/\" \/>\n<meta property=\"article:published_time\" content=\"2017-02-08T02:55:44+00:00\" \/>\n<meta property=\"article:modified_time\" content=\"2017-02-08T14:01:37+00:00\" \/>\n<meta property=\"og:image\" content=\"https:\/\/curva1.com.ar\/wp-content\/uploads\/2017\/02\/IMG_1202.jpg\" \/>\n\t<meta property=\"og:image:width\" content=\"700\" \/>\n\t<meta property=\"og:image:height\" content=\"394\" \/>\n<meta property=\"fb:app_id\" content=\"1593067817533208\" \/>\n<meta name=\"twitter:card\" content=\"summary_large_image\" \/>\n<meta name=\"twitter:creator\" content=\"@curva1mendoza\" \/>\n<meta name=\"twitter:site\" content=\"@curva1mendoza\" \/>\n<script type=\"application\/ld+json\" class=\"yoast-schema-graph\">{\"@context\":\"https:\/\/schema.org\",\"@graph\":[{\"@type\":\"WebSite\",\"@id\":\"https:\/\/curva1.com.ar\/#website\",\"url\":\"https:\/\/curva1.com.ar\/\",\"name\":\"Curva 1\",\"description\":\"Automovilismo de Mendoza\",\"potentialAction\":[{\"@type\":\"SearchAction\",\"target\":\"https:\/\/curva1.com.ar\/?s={search_term_string}\",\"query-input\":\"required name=search_term_string\"}],\"inLanguage\":\"en-US\"},{\"@type\":\"ImageObject\",\"@id\":\"https:\/\/curva1.com.ar\/?p=21004#primaryimage\",\"inLanguage\":\"en-US\",\"url\":\"https:\/\/curva1.com.ar\/wp-content\/uploads\/2017\/02\/IMG_1202.jpg\",\"width\":700,\"height\":394},{\"@type\":\"WebPage\",\"@id\":\"https:\/\/curva1.com.ar\/?p=21004#webpage\",\"url\":\"https:\/\/curva1.com.ar\/?p=21004\",\"name\":\"A menos de 25 d\\u00edas del supuesto inicio, no hay calendarios! - Curva 1\",\"isPartOf\":{\"@id\":\"https:\/\/curva1.com.ar\/#website\"},\"primaryImageOfPage\":{\"@id\":\"https:\/\/curva1.com.ar\/?p=21004#primaryimage\"},\"datePublished\":\"2017-02-08T02:55:44+00:00\",\"dateModified\":\"2017-02-08T14:01:37+00:00\",\"author\":{\"@id\":\"https:\/\/curva1.com.ar\/#\/schema\/person\/f5fd12984d70df7314fbd9ab42f31033\"},\"inLanguage\":\"en-US\",\"potentialAction\":[{\"@type\":\"ReadAction\",\"target\":[\"https:\/\/curva1.com.ar\/?p=21004\"]}]},{\"@type\":[\"Person\"],\"@id\":\"https:\/\/curva1.com.ar\/#\/schema\/person\/f5fd12984d70df7314fbd9ab42f31033\",\"name\":\"Jos\\u00e9 Bravo\",\"image\":{\"@type\":\"ImageObject\",\"@id\":\"https:\/\/curva1.com.ar\/#personlogo\",\"inLanguage\":\"en-US\",\"url\":\"https:\/\/secure.gravatar.com\/avatar\/3ae0b1fdc6ddeb723a6e6c23609ed39de1d40a94b8112fd2c0c2032e2dabf28b?s=96&d=identicon&r=g\",\"caption\":\"Jos\\u00e9 Bravo\"}}]}<\/script>\n<!-- \/ Yoast SEO Premium plugin. -->","_links":{"self":[{"href":"https:\/\/curva1.com.ar\/index.php?rest_route=\/wp\/v2\/posts\/21004","targetHints":{"allow":["GET"]}}],"collection":[{"href":"https:\/\/curva1.com.ar\/index.php?rest_route=\/wp\/v2\/posts"}],"about":[{"href":"https:\/\/curva1.com.ar\/index.php?rest_route=\/wp\/v2\/types\/post"}],"author":[{"embeddable":true,"href":"https:\/\/curva1.com.ar\/index.php?rest_route=\/wp\/v2\/users\/1"}],"replies":[{"embeddable":true,"href":"https:\/\/curva1.com.ar\/index.php?rest_route=%2Fwp%2Fv2%2Fcomments&post=21004"}],"version-history":[{"count":3,"href":"https:\/\/curva1.com.ar\/index.php?rest_route=\/wp\/v2\/posts\/21004\/revisions"}],"predecessor-version":[{"id":21007,"href":"https:\/\/curva1.com.ar\/index.php?rest_route=\/wp\/v2\/posts\/21004\/revisions\/21007"}],"wp:featuredmedia":[{"embeddable":true,"href":"https:\/\/curva1.com.ar\/index.php?rest_route=\/wp\/v2\/media\/21005"}],"wp:attachment":[{"href":"https:\/\/curva1.com.ar\/index.php?rest_route=%2Fwp%2Fv2%2Fmedia&parent=21004"}],"wp:term":[{"taxonomy":"category","embeddable":true,"href":"https:\/\/curva1.com.ar\/index.php?rest_route=%2Fwp%2Fv2%2Fcategories&post=21004"},{"taxonomy":"post_tag","embeddable":true,"href":"https:\/\/curva1.com.ar\/index.php?rest_route=%2Fwp%2Fv2%2Ftags&post=21004"}],"curies":[{"name":"wp","href":"https:\/\/api.w.org\/{rel}","templated":true}]}}