{"id":2177,"date":"2012-11-15T10:33:58","date_gmt":"2012-11-15T13:33:58","guid":{"rendered":"http:\/\/www.curva1.com.ar\/?p=2177"},"modified":"2012-11-15T14:50:37","modified_gmt":"2012-11-15T17:50:37","slug":"se-confirmo-el-coronacion-del-zonal-y-la-penultima-de-tradicionales","status":"publish","type":"post","link":"https:\/\/curva1.com.ar\/?p=2177","title":{"rendered":"Zonal Cuyano, Tradicionales y Karting con fechas confirmadas"},"content":{"rendered":"<p><img loading=\"lazy\" decoding=\"async\" class=\"aligncenter size-full wp-image-2178\" title=\"GEDSC DIGITAL CAMERA\" src=\"http:\/\/www.curva1.com.ar\/wp-content\/uploads\/2012\/11\/GEDC0001.jpg\" alt=\"\" width=\"500\" height=\"281\" srcset=\"https:\/\/curva1.com.ar\/wp-content\/uploads\/2012\/11\/GEDC0001.jpg 500w, https:\/\/curva1.com.ar\/wp-content\/uploads\/2012\/11\/GEDC0001-300x168.jpg 300w\" sizes=\"auto, (max-width: 500px) 100vw, 500px\" \/><\/p>\n<p>En la web de FEMAD ya figura la confirmaci\u00f3n del GP Coronaci\u00f3n del Zonal Cuyano para el 1 y 2 de diciembre en San Mart\u00edn, donde se definir\u00e1n todos los campeonatos en disputa.<\/p>\n<p>Mientras tanto, Hugo Mar\u00ed confirm\u00f3 que la 11\u00ba fecha (pen\u00faltima del a\u00f1o) de Tradicionales se confirm\u00f3 para el 25 de noviembre en el Aut\u00f3dromo de San Carlos. Con esto quedar\u00eda solo por confirmarse el coronaci\u00f3n de los tierreros, donde se rumorea ser\u00eda el 16 de diciembre en Jun\u00edn.<\/p>\n<p>El karting de asfalto est\u00e1 confirmado para el 24 y 25 en San Mart\u00edn.<\/p>\n","protected":false},"excerpt":{"rendered":"<p>En la web de FEMAD ya figura la confirmaci\u00f3n del GP Coronaci\u00f3n del Zonal Cuyano<\/p>\n","protected":false},"author":1,"featured_media":2178,"comment_status":"open","ping_status":"closed","sticky":false,"template":"","format":"standard","meta":{"footnotes":""},"categories":[3,1],"tags":[],"class_list":["post-2177","post","type-post","status-publish","format-standard","has-post-thumbnail","hentry","category-tradicionales","category-zonal-cuyano"],"featured_image_urls":{"full":["https:\/\/curva1.com.ar\/wp-content\/uploads\/2012\/11\/GEDC0001.jpg",500,281,false],"thumbnail":["https:\/\/curva1.com.ar\/wp-content\/uploads\/2012\/11\/GEDC0001-150x150.jpg",150,150,true],"medium":["https:\/\/curva1.com.ar\/wp-content\/uploads\/2012\/11\/GEDC0001-300x168.jpg",300,168,true],"medium_large":["https:\/\/curva1.com.ar\/wp-content\/uploads\/2012\/11\/GEDC0001.jpg",500,281,false],"large":["https:\/\/curva1.com.ar\/wp-content\/uploads\/2012\/11\/GEDC0001.jpg",500,281,false],"1536x1536":["https:\/\/curva1.com.ar\/wp-content\/uploads\/2012\/11\/GEDC0001.jpg",500,281,false],"2048x2048":["https:\/\/curva1.com.ar\/wp-content\/uploads\/2012\/11\/GEDC0001.jpg",500,281,false],"chromenews-featured":["https:\/\/curva1.com.ar\/wp-content\/uploads\/2012\/11\/GEDC0001.jpg",500,281,false],"chromenews-large":["https:\/\/curva1.com.ar\/wp-content\/uploads\/2012\/11\/GEDC0001.jpg",500,281,false],"chromenews-medium":["https:\/\/curva1.com.ar\/wp-content\/uploads\/2012\/11\/GEDC0001.jpg",500,281,false]},"author_info":{"display_name":"Jos\u00e9 Bravo","author_link":"https:\/\/curva1.com.ar\/?author=1"},"category_info":"<a href=\"https:\/\/curva1.com.ar\/?cat=3\" rel=\"category\">Tradicionales<\/a> <a href=\"https:\/\/curva1.com.ar\/?cat=1\" rel=\"category\">Zonal Cuyano<\/a>","tag_info":"Zonal Cuyano","comment_count":"0","_links":{"self":[{"href":"https:\/\/curva1.com.ar\/index.php?rest_route=\/wp\/v2\/posts\/2177","targetHints":{"allow":["GET"]}}],"collection":[{"href":"https:\/\/curva1.com.ar\/index.php?rest_route=\/wp\/v2\/posts"}],"about":[{"href":"https:\/\/curva1.com.ar\/index.php?rest_route=\/wp\/v2\/types\/post"}],"author":[{"embeddable":true,"href":"https:\/\/curva1.com.ar\/index.php?rest_route=\/wp\/v2\/users\/1"}],"replies":[{"embeddable":true,"href":"https:\/\/curva1.com.ar\/index.php?rest_route=%2Fwp%2Fv2%2Fcomments&post=2177"}],"version-history":[{"count":7,"href":"https:\/\/curva1.com.ar\/index.php?rest_route=\/wp\/v2\/posts\/2177\/revisions"}],"predecessor-version":[{"id":2180,"href":"https:\/\/curva1.com.ar\/index.php?rest_route=\/wp\/v2\/posts\/2177\/revisions\/2180"}],"wp:featuredmedia":[{"embeddable":true,"href":"https:\/\/curva1.com.ar\/index.php?rest_route=\/wp\/v2\/media\/2178"}],"wp:attachment":[{"href":"https:\/\/curva1.com.ar\/index.php?rest_route=%2Fwp%2Fv2%2Fmedia&parent=2177"}],"wp:term":[{"taxonomy":"category","embeddable":true,"href":"https:\/\/curva1.com.ar\/index.php?rest_route=%2Fwp%2Fv2%2Fcategories&post=2177"},{"taxonomy":"post_tag","embeddable":true,"href":"https:\/\/curva1.com.ar\/index.php?rest_route=%2Fwp%2Fv2%2Ftags&post=2177"}],"curies":[{"name":"wp","href":"https:\/\/api.w.org\/{rel}","templated":true}]}}