{"id":2189,"date":"2012-11-16T11:08:53","date_gmt":"2012-11-16T14:08:53","guid":{"rendered":"http:\/\/www.curva1.com.ar\/?p=2189"},"modified":"2012-11-16T11:15:39","modified_gmt":"2012-11-16T14:15:39","slug":"rafael-morgenstern-probo-un-auto-de-formula-en-san-martin","status":"publish","type":"post","link":"https:\/\/curva1.com.ar\/?p=2189","title":{"rendered":"Rafael Morgenstern prob\u00f3 un auto de F\u00f3rmula en San Mart\u00edn"},"content":{"rendered":"<p><img loading=\"lazy\" decoding=\"async\" class=\"aligncenter size-full wp-image-2190\" title=\"rafa morgensten top race\" src=\"http:\/\/www.curva1.com.ar\/wp-content\/uploads\/2012\/11\/rafa-morgensten-top-race.jpg\" alt=\"\" width=\"500\" height=\"281\" srcset=\"https:\/\/curva1.com.ar\/wp-content\/uploads\/2012\/11\/rafa-morgensten-top-race.jpg 500w, https:\/\/curva1.com.ar\/wp-content\/uploads\/2012\/11\/rafa-morgensten-top-race-300x168.jpg 300w\" sizes=\"auto, (max-width: 500px) 100vw, 500px\" \/><\/p>\n<p>El actual piloto del Top Race V6 estuvo el pasado miercoles en el Aut\u00f3dromo Ciudad de San Mart\u00edn girando a bordo de un F\u00f3rmula Renault del equipo mendocino Basco Racing Team.<\/p>\n<p>Fue en horas de la ma\u00f1ana y hasta el mediod\u00eda.<\/p>\n<p><img loading=\"lazy\" decoding=\"async\" class=\"aligncenter size-full wp-image-2192\" title=\"IMG_1fa593\" src=\"http:\/\/www.curva1.com.ar\/wp-content\/uploads\/2012\/11\/IMG_1fa593.jpg\" alt=\"\" width=\"500\" height=\"281\" srcset=\"https:\/\/curva1.com.ar\/wp-content\/uploads\/2012\/11\/IMG_1fa593.jpg 500w, https:\/\/curva1.com.ar\/wp-content\/uploads\/2012\/11\/IMG_1fa593-300x168.jpg 300w\" sizes=\"auto, (max-width: 500px) 100vw, 500px\" \/><\/p>\n","protected":false},"excerpt":{"rendered":"<p>El actual piloto del Top Race V6 estuvo el pasado miercoles en el Aut\u00f3dromo Ciudad<\/p>\n","protected":false},"author":1,"featured_media":2190,"comment_status":"open","ping_status":"closed","sticky":false,"template":"","format":"standard","meta":{"footnotes":""},"categories":[6],"tags":[],"class_list":["post-2189","post","type-post","status-publish","format-standard","has-post-thumbnail","hentry","category-nacionales"],"featured_image_urls":{"full":["https:\/\/curva1.com.ar\/wp-content\/uploads\/2012\/11\/rafa-morgensten-top-race.jpg",500,281,false],"thumbnail":["https:\/\/curva1.com.ar\/wp-content\/uploads\/2012\/11\/rafa-morgensten-top-race-150x150.jpg",150,150,true],"medium":["https:\/\/curva1.com.ar\/wp-content\/uploads\/2012\/11\/rafa-morgensten-top-race-300x168.jpg",300,168,true],"medium_large":["https:\/\/curva1.com.ar\/wp-content\/uploads\/2012\/11\/rafa-morgensten-top-race.jpg",500,281,false],"large":["https:\/\/curva1.com.ar\/wp-content\/uploads\/2012\/11\/rafa-morgensten-top-race.jpg",500,281,false],"1536x1536":["https:\/\/curva1.com.ar\/wp-content\/uploads\/2012\/11\/rafa-morgensten-top-race.jpg",500,281,false],"2048x2048":["https:\/\/curva1.com.ar\/wp-content\/uploads\/2012\/11\/rafa-morgensten-top-race.jpg",500,281,false],"chromenews-featured":["https:\/\/curva1.com.ar\/wp-content\/uploads\/2012\/11\/rafa-morgensten-top-race.jpg",500,281,false],"chromenews-large":["https:\/\/curva1.com.ar\/wp-content\/uploads\/2012\/11\/rafa-morgensten-top-race.jpg",500,281,false],"chromenews-medium":["https:\/\/curva1.com.ar\/wp-content\/uploads\/2012\/11\/rafa-morgensten-top-race.jpg",500,281,false]},"author_info":{"display_name":"Jos\u00e9 Bravo","author_link":"https:\/\/curva1.com.ar\/?author=1"},"category_info":"<a href=\"https:\/\/curva1.com.ar\/?cat=6\" rel=\"category\">Nacionales<\/a>","tag_info":"Nacionales","comment_count":"0","_links":{"self":[{"href":"https:\/\/curva1.com.ar\/index.php?rest_route=\/wp\/v2\/posts\/2189","targetHints":{"allow":["GET"]}}],"collection":[{"href":"https:\/\/curva1.com.ar\/index.php?rest_route=\/wp\/v2\/posts"}],"about":[{"href":"https:\/\/curva1.com.ar\/index.php?rest_route=\/wp\/v2\/types\/post"}],"author":[{"embeddable":true,"href":"https:\/\/curva1.com.ar\/index.php?rest_route=\/wp\/v2\/users\/1"}],"replies":[{"embeddable":true,"href":"https:\/\/curva1.com.ar\/index.php?rest_route=%2Fwp%2Fv2%2Fcomments&post=2189"}],"version-history":[{"count":3,"href":"https:\/\/curva1.com.ar\/index.php?rest_route=\/wp\/v2\/posts\/2189\/revisions"}],"predecessor-version":[{"id":2193,"href":"https:\/\/curva1.com.ar\/index.php?rest_route=\/wp\/v2\/posts\/2189\/revisions\/2193"}],"wp:featuredmedia":[{"embeddable":true,"href":"https:\/\/curva1.com.ar\/index.php?rest_route=\/wp\/v2\/media\/2190"}],"wp:attachment":[{"href":"https:\/\/curva1.com.ar\/index.php?rest_route=%2Fwp%2Fv2%2Fmedia&parent=2189"}],"wp:term":[{"taxonomy":"category","embeddable":true,"href":"https:\/\/curva1.com.ar\/index.php?rest_route=%2Fwp%2Fv2%2Fcategories&post=2189"},{"taxonomy":"post_tag","embeddable":true,"href":"https:\/\/curva1.com.ar\/index.php?rest_route=%2Fwp%2Fv2%2Ftags&post=2189"}],"curies":[{"name":"wp","href":"https:\/\/api.w.org\/{rel}","templated":true}]}}