{"id":2233,"date":"2012-11-18T14:29:11","date_gmt":"2012-11-18T17:29:11","guid":{"rendered":"http:\/\/www.curva1.com.ar\/?p=2233"},"modified":"2012-11-18T14:32:59","modified_gmt":"2012-11-18T17:32:59","slug":"homenaje-a-guido-falaschi-en-el-autodromo-de-san-martin","status":"publish","type":"post","link":"https:\/\/curva1.com.ar\/?p=2233","title":{"rendered":"Homenaje a Guido Falaschi en el aut\u00f3dromo de San Mart\u00edn"},"content":{"rendered":"<p><img loading=\"lazy\" decoding=\"async\" class=\"aligncenter size-full wp-image-2234\" title=\"cfasdfats\" src=\"http:\/\/www.curva1.com.ar\/wp-content\/uploads\/2012\/11\/cfasdfats.jpg\" alt=\"\" width=\"500\" height=\"281\" srcset=\"https:\/\/curva1.com.ar\/wp-content\/uploads\/2012\/11\/cfasdfats.jpg 500w, https:\/\/curva1.com.ar\/wp-content\/uploads\/2012\/11\/cfasdfats-300x168.jpg 300w\" sizes=\"auto, (max-width: 500px) 100vw, 500px\" \/><\/p>\n<p>La categor\u00eda TOP RACE hizo un emotivo homenaje al piloto Guido Falaschi, a pocos de d\u00edas de que se haya cumplido 1 a\u00f1o de su tr\u00e1gico fallecimiento en una carrera del Turismo Carretera en Balcarce.<\/p>\n<p>Falaschi disput\u00f3 36 carreras en Top Race, obteniendo 4 victorias y 8 podios. Consigui\u00f3 4 pole y fue Campe\u00f3n de la Copa Am\u00e9rica 2010 a bordo de un Ford Mondeo de TRV6.<\/p>\n<p style=\"text-align: center;\"><iframe loading=\"lazy\" src=\"http:\/\/www.youtube.com\/embed\/3MuVU4rg1ig?rel=0\" frameborder=\"0\" width=\"500\" height=\"281\"><\/iframe><\/p>\n","protected":false},"excerpt":{"rendered":"<p>La categor\u00eda TOP RACE hizo un emotivo homenaje al piloto Guido Falaschi, a pocos de<\/p>\n","protected":false},"author":1,"featured_media":2234,"comment_status":"open","ping_status":"closed","sticky":false,"template":"","format":"standard","meta":{"footnotes":""},"categories":[6],"tags":[],"class_list":["post-2233","post","type-post","status-publish","format-standard","has-post-thumbnail","hentry","category-nacionales"],"featured_image_urls":{"full":["https:\/\/curva1.com.ar\/wp-content\/uploads\/2012\/11\/cfasdfats.jpg",500,281,false],"thumbnail":["https:\/\/curva1.com.ar\/wp-content\/uploads\/2012\/11\/cfasdfats-150x150.jpg",150,150,true],"medium":["https:\/\/curva1.com.ar\/wp-content\/uploads\/2012\/11\/cfasdfats-300x168.jpg",300,168,true],"medium_large":["https:\/\/curva1.com.ar\/wp-content\/uploads\/2012\/11\/cfasdfats.jpg",500,281,false],"large":["https:\/\/curva1.com.ar\/wp-content\/uploads\/2012\/11\/cfasdfats.jpg",500,281,false],"1536x1536":["https:\/\/curva1.com.ar\/wp-content\/uploads\/2012\/11\/cfasdfats.jpg",500,281,false],"2048x2048":["https:\/\/curva1.com.ar\/wp-content\/uploads\/2012\/11\/cfasdfats.jpg",500,281,false],"chromenews-featured":["https:\/\/curva1.com.ar\/wp-content\/uploads\/2012\/11\/cfasdfats.jpg",500,281,false],"chromenews-large":["https:\/\/curva1.com.ar\/wp-content\/uploads\/2012\/11\/cfasdfats.jpg",500,281,false],"chromenews-medium":["https:\/\/curva1.com.ar\/wp-content\/uploads\/2012\/11\/cfasdfats.jpg",500,281,false]},"author_info":{"display_name":"Jos\u00e9 Bravo","author_link":"https:\/\/curva1.com.ar\/?author=1"},"category_info":"<a href=\"https:\/\/curva1.com.ar\/?cat=6\" rel=\"category\">Nacionales<\/a>","tag_info":"Nacionales","comment_count":"0","_links":{"self":[{"href":"https:\/\/curva1.com.ar\/index.php?rest_route=\/wp\/v2\/posts\/2233","targetHints":{"allow":["GET"]}}],"collection":[{"href":"https:\/\/curva1.com.ar\/index.php?rest_route=\/wp\/v2\/posts"}],"about":[{"href":"https:\/\/curva1.com.ar\/index.php?rest_route=\/wp\/v2\/types\/post"}],"author":[{"embeddable":true,"href":"https:\/\/curva1.com.ar\/index.php?rest_route=\/wp\/v2\/users\/1"}],"replies":[{"embeddable":true,"href":"https:\/\/curva1.com.ar\/index.php?rest_route=%2Fwp%2Fv2%2Fcomments&post=2233"}],"version-history":[{"count":3,"href":"https:\/\/curva1.com.ar\/index.php?rest_route=\/wp\/v2\/posts\/2233\/revisions"}],"predecessor-version":[{"id":2236,"href":"https:\/\/curva1.com.ar\/index.php?rest_route=\/wp\/v2\/posts\/2233\/revisions\/2236"}],"wp:featuredmedia":[{"embeddable":true,"href":"https:\/\/curva1.com.ar\/index.php?rest_route=\/wp\/v2\/media\/2234"}],"wp:attachment":[{"href":"https:\/\/curva1.com.ar\/index.php?rest_route=%2Fwp%2Fv2%2Fmedia&parent=2233"}],"wp:term":[{"taxonomy":"category","embeddable":true,"href":"https:\/\/curva1.com.ar\/index.php?rest_route=%2Fwp%2Fv2%2Fcategories&post=2233"},{"taxonomy":"post_tag","embeddable":true,"href":"https:\/\/curva1.com.ar\/index.php?rest_route=%2Fwp%2Fv2%2Ftags&post=2233"}],"curies":[{"name":"wp","href":"https:\/\/api.w.org\/{rel}","templated":true}]}}