{"id":2281,"date":"2012-11-19T17:17:11","date_gmt":"2012-11-19T20:17:11","guid":{"rendered":"http:\/\/www.curva1.com.ar\/?p=2281"},"modified":"2012-11-19T17:43:06","modified_gmt":"2012-11-19T20:43:06","slug":"verdeguer-gomez-y-malizia-se-coronaron-campeones-en-el-pista-san-luis","status":"publish","type":"post","link":"https:\/\/curva1.com.ar\/?p=2281","title":{"rendered":"Verdeguer, G\u00f3mez y Malizia campeones en el Pista San Lu\u00eds"},"content":{"rendered":"<p><img loading=\"lazy\" decoding=\"async\" class=\"aligncenter size-full wp-image-2285\" title=\"DSC_3681\" src=\"http:\/\/www.curva1.com.ar\/wp-content\/uploads\/2012\/11\/DSC_3681.jpg\" alt=\"\" width=\"500\" height=\"281\" srcset=\"https:\/\/curva1.com.ar\/wp-content\/uploads\/2012\/11\/DSC_3681.jpg 500w, https:\/\/curva1.com.ar\/wp-content\/uploads\/2012\/11\/DSC_3681-300x168.jpg 300w\" sizes=\"auto, (max-width: 500px) 100vw, 500px\" \/><\/p>\n<p>Se bajo la ultima bandera a cuadros del 2012 para el Pista San Luis, en donde con un buen parque de autos y grandes espect\u00e1culos, las cuatro categor\u00edas brindaron grandes maniobras y un gran show, disputando la copa \u201cFrigor\u00edfico Don Vicente\u201d.<\/p>\n<p>Por el lado de la <span style=\"color: #ff0000;\"><strong>Clase 2<\/strong><\/span>, cada salida a pista fue para observar espect\u00e1culos, ya que en una re\u00f1ida serie, Christian Becher lograba la victoria disput\u00e1ndola con Federico Loparco y quienes aprovechaban el abandono de Francisco Herrera, quien regresaba a la categor\u00eda y se hab\u00eda adjudicado la poleposition. La final qued\u00f3 en manos de Francisco Herrera, quien regres\u00f3 en busca de la victoria, segundo de gran trabajo se ubic\u00f3 Marcos Scrimaglia y en tercer lugar quedo Rodrigo Verdeguer, quien se adjudico el Bi-Campeonato de la divisional.<\/p>\n<p>Con respecto al <span style=\"color: #ff0000;\"><strong>TC4000<\/strong><\/span>, Enrique Gomez se llevo la victoria y el campeonato de la divisional en la cual demostr\u00f3 un gran crecimiento en estas ultimas fechas y en donde el nivel de manejo y presentaci\u00f3n de los autos fue de gran relevancia. Completaron el podio de la final Hugo Rovey y Victor Miglia, piloto de General Levalle (Cba.) quien disputa su segunda carrera en la divisional. Con respecto al Supercar Cuyano Clase A, la victoria quedo en manos de Eduardo Dagfal y segundo Damian Coppola.<\/p>\n<p>Por ultimo la <span style=\"color: #ff0000;\"><strong>Clase 3<\/strong><\/span> brindo tambi\u00e9n un gran espect\u00e1culo en donde Pablo Malizia logr\u00f3 llevarse la victoria y el campeonato desde el mismo momento que se cronometraron los tiempos de la divisional ya que se quedo con la pole, la serie y la final. Con respecto a la final, completaron el podio Daniel Lorenzino y Mario Rasso.<\/p>\n<p>Sin dudas se cierra un gran a\u00f1o para el Pista San Luis, en donde logro llegar a niveles jam\u00e1s alcanzados anteriormente, al disponer de distintas alternativas promocionales y hasta lograr ser televisado por Am\u00e9rica Sports. Quienes integramos la comisi\u00f3n agradecemos y saludamos a todos los pilotos, mec\u00e1nicos, medios de prensa y publico en general por el gran aporte que fecha, tras fecha realizan para con la categor\u00eda.<\/p>\n<figure id=\"attachment_2282\" aria-describedby=\"caption-attachment-2282\" style=\"width: 500px\" class=\"wp-caption aligncenter\"><img loading=\"lazy\" decoding=\"async\" class=\"size-full wp-image-2282\" title=\"DSC_3852\" src=\"http:\/\/www.curva1.com.ar\/wp-content\/uploads\/2012\/11\/DSC_3852.jpg\" alt=\"\" width=\"500\" height=\"281\" srcset=\"https:\/\/curva1.com.ar\/wp-content\/uploads\/2012\/11\/DSC_3852.jpg 500w, https:\/\/curva1.com.ar\/wp-content\/uploads\/2012\/11\/DSC_3852-300x168.jpg 300w\" sizes=\"auto, (max-width: 500px) 100vw, 500px\" \/><figcaption id=\"caption-attachment-2282\" class=\"wp-caption-text\">RODRIGO VERDEGUER &#8211; Campe\u00f3n Clase 2<\/figcaption><\/figure>\n<figure id=\"attachment_2283\" aria-describedby=\"caption-attachment-2283\" style=\"width: 500px\" class=\"wp-caption aligncenter\"><img loading=\"lazy\" decoding=\"async\" class=\"size-full wp-image-2283\" title=\"DSC_4349\" src=\"http:\/\/www.curva1.com.ar\/wp-content\/uploads\/2012\/11\/DSC_4349.jpg\" alt=\"\" width=\"500\" height=\"281\" srcset=\"https:\/\/curva1.com.ar\/wp-content\/uploads\/2012\/11\/DSC_4349.jpg 500w, https:\/\/curva1.com.ar\/wp-content\/uploads\/2012\/11\/DSC_4349-300x168.jpg 300w\" sizes=\"auto, (max-width: 500px) 100vw, 500px\" \/><figcaption id=\"caption-attachment-2283\" class=\"wp-caption-text\">ENRIQUE GOMEZ &#8211; Campe\u00f3n TC4000<\/figcaption><\/figure>\n<figure id=\"attachment_2284\" aria-describedby=\"caption-attachment-2284\" style=\"width: 500px\" class=\"wp-caption aligncenter\"><img loading=\"lazy\" decoding=\"async\" class=\"size-full wp-image-2284\" title=\"DSC_4108\" src=\"http:\/\/www.curva1.com.ar\/wp-content\/uploads\/2012\/11\/DSC_4108.jpg\" alt=\"\" width=\"500\" height=\"281\" srcset=\"https:\/\/curva1.com.ar\/wp-content\/uploads\/2012\/11\/DSC_4108.jpg 500w, https:\/\/curva1.com.ar\/wp-content\/uploads\/2012\/11\/DSC_4108-300x168.jpg 300w\" sizes=\"auto, (max-width: 500px) 100vw, 500px\" \/><figcaption id=\"caption-attachment-2284\" class=\"wp-caption-text\">PABLO MALIZIA &#8211; Campe\u00f3n Clase 3<\/figcaption><\/figure>\n","protected":false},"excerpt":{"rendered":"<p>Se bajo la ultima bandera a cuadros del 2012 para el Pista San Luis, en<\/p>\n","protected":false},"author":1,"featured_media":2284,"comment_status":"open","ping_status":"closed","sticky":false,"template":"","format":"standard","meta":{"footnotes":""},"categories":[1],"tags":[],"class_list":["post-2281","post","type-post","status-publish","format-standard","has-post-thumbnail","hentry","category-zonal-cuyano"],"featured_image_urls":{"full":["https:\/\/curva1.com.ar\/wp-content\/uploads\/2012\/11\/DSC_4108.jpg",500,281,false],"thumbnail":["https:\/\/curva1.com.ar\/wp-content\/uploads\/2012\/11\/DSC_4108-150x150.jpg",150,150,true],"medium":["https:\/\/curva1.com.ar\/wp-content\/uploads\/2012\/11\/DSC_4108-300x168.jpg",300,168,true],"medium_large":["https:\/\/curva1.com.ar\/wp-content\/uploads\/2012\/11\/DSC_4108.jpg",500,281,false],"large":["https:\/\/curva1.com.ar\/wp-content\/uploads\/2012\/11\/DSC_4108.jpg",500,281,false],"1536x1536":["https:\/\/curva1.com.ar\/wp-content\/uploads\/2012\/11\/DSC_4108.jpg",500,281,false],"2048x2048":["https:\/\/curva1.com.ar\/wp-content\/uploads\/2012\/11\/DSC_4108.jpg",500,281,false],"chromenews-featured":["https:\/\/curva1.com.ar\/wp-content\/uploads\/2012\/11\/DSC_4108.jpg",500,281,false],"chromenews-large":["https:\/\/curva1.com.ar\/wp-content\/uploads\/2012\/11\/DSC_4108.jpg",500,281,false],"chromenews-medium":["https:\/\/curva1.com.ar\/wp-content\/uploads\/2012\/11\/DSC_4108.jpg",500,281,false]},"author_info":{"display_name":"Jos\u00e9 Bravo","author_link":"https:\/\/curva1.com.ar\/?author=1"},"category_info":"<a href=\"https:\/\/curva1.com.ar\/?cat=1\" rel=\"category\">Zonal Cuyano<\/a>","tag_info":"Zonal Cuyano","comment_count":"0","_links":{"self":[{"href":"https:\/\/curva1.com.ar\/index.php?rest_route=\/wp\/v2\/posts\/2281","targetHints":{"allow":["GET"]}}],"collection":[{"href":"https:\/\/curva1.com.ar\/index.php?rest_route=\/wp\/v2\/posts"}],"about":[{"href":"https:\/\/curva1.com.ar\/index.php?rest_route=\/wp\/v2\/types\/post"}],"author":[{"embeddable":true,"href":"https:\/\/curva1.com.ar\/index.php?rest_route=\/wp\/v2\/users\/1"}],"replies":[{"embeddable":true,"href":"https:\/\/curva1.com.ar\/index.php?rest_route=%2Fwp%2Fv2%2Fcomments&post=2281"}],"version-history":[{"count":3,"href":"https:\/\/curva1.com.ar\/index.php?rest_route=\/wp\/v2\/posts\/2281\/revisions"}],"predecessor-version":[{"id":2296,"href":"https:\/\/curva1.com.ar\/index.php?rest_route=\/wp\/v2\/posts\/2281\/revisions\/2296"}],"wp:featuredmedia":[{"embeddable":true,"href":"https:\/\/curva1.com.ar\/index.php?rest_route=\/wp\/v2\/media\/2284"}],"wp:attachment":[{"href":"https:\/\/curva1.com.ar\/index.php?rest_route=%2Fwp%2Fv2%2Fmedia&parent=2281"}],"wp:term":[{"taxonomy":"category","embeddable":true,"href":"https:\/\/curva1.com.ar\/index.php?rest_route=%2Fwp%2Fv2%2Fcategories&post=2281"},{"taxonomy":"post_tag","embeddable":true,"href":"https:\/\/curva1.com.ar\/index.php?rest_route=%2Fwp%2Fv2%2Ftags&post=2281"}],"curies":[{"name":"wp","href":"https:\/\/api.w.org\/{rel}","templated":true}]}}