{"id":2326,"date":"2012-11-20T15:07:11","date_gmt":"2012-11-20T18:07:11","guid":{"rendered":"http:\/\/www.curva1.com.ar\/?p=2326"},"modified":"2012-11-20T15:10:27","modified_gmt":"2012-11-20T18:10:27","slug":"federico-cueito-se-aleja-del-zonal-y-vuelve-a-tradicionales","status":"publish","type":"post","link":"https:\/\/curva1.com.ar\/?p=2326","title":{"rendered":"Federico Cueito se aleja del Zonal Cuyano y vuelve a Tradicionales"},"content":{"rendered":"<p><img loading=\"lazy\" decoding=\"async\" class=\"aligncenter size-full wp-image-2327\" title=\"GEDSC DIGITAL CAMERA\" src=\"http:\/\/www.curva1.com.ar\/wp-content\/uploads\/2012\/11\/GEDC0060.jpg\" alt=\"\" width=\"500\" height=\"281\" srcset=\"https:\/\/curva1.com.ar\/wp-content\/uploads\/2012\/11\/GEDC0060.jpg 500w, https:\/\/curva1.com.ar\/wp-content\/uploads\/2012\/11\/GEDC0060-300x168.jpg 300w\" sizes=\"auto, (max-width: 500px) 100vw, 500px\" \/><\/p>\n<p>El piloto de Tunuy\u00e1n decidi\u00f3 no estar presente en la fecha exhibici\u00f3n que llevar\u00e1 a cabo el TC J\u00fanior de asfalto, en la \u00faltima fecha del Zonal Cuyano, seg\u00fan lo expres\u00f3 Fredy Hidalgo quien le alquila la coup\u00e9 Fiat 125 que est\u00e1 a la venta. El a\u00f1o que viene se analizar\u00e1 como seguir.<\/p>\n<p>Por otro lado, el ex kartista Federico Cueito manifest\u00f3 que <strong>&#8220;El domingo estaremos presentes en el autodromo de San Carlos con el Gordini de la F1100.\u00a0 Tambi\u00e9n lo haremos en la ultima fecha en Junin&#8221;<\/strong>, con lo que se sumar\u00e1 a las Tradicionales.<\/p>\n","protected":false},"excerpt":{"rendered":"<p>El piloto de Tunuy\u00e1n decidi\u00f3 no estar presente en la fecha exhibici\u00f3n que llevar\u00e1 a<\/p>\n","protected":false},"author":1,"featured_media":2327,"comment_status":"open","ping_status":"closed","sticky":false,"template":"","format":"standard","meta":{"footnotes":""},"categories":[3,1],"tags":[],"class_list":["post-2326","post","type-post","status-publish","format-standard","has-post-thumbnail","hentry","category-tradicionales","category-zonal-cuyano"],"featured_image_urls":{"full":["https:\/\/curva1.com.ar\/wp-content\/uploads\/2012\/11\/GEDC0060.jpg",500,281,false],"thumbnail":["https:\/\/curva1.com.ar\/wp-content\/uploads\/2012\/11\/GEDC0060-150x150.jpg",150,150,true],"medium":["https:\/\/curva1.com.ar\/wp-content\/uploads\/2012\/11\/GEDC0060-300x168.jpg",300,168,true],"medium_large":["https:\/\/curva1.com.ar\/wp-content\/uploads\/2012\/11\/GEDC0060.jpg",500,281,false],"large":["https:\/\/curva1.com.ar\/wp-content\/uploads\/2012\/11\/GEDC0060.jpg",500,281,false],"1536x1536":["https:\/\/curva1.com.ar\/wp-content\/uploads\/2012\/11\/GEDC0060.jpg",500,281,false],"2048x2048":["https:\/\/curva1.com.ar\/wp-content\/uploads\/2012\/11\/GEDC0060.jpg",500,281,false],"chromenews-featured":["https:\/\/curva1.com.ar\/wp-content\/uploads\/2012\/11\/GEDC0060.jpg",500,281,false],"chromenews-large":["https:\/\/curva1.com.ar\/wp-content\/uploads\/2012\/11\/GEDC0060.jpg",500,281,false],"chromenews-medium":["https:\/\/curva1.com.ar\/wp-content\/uploads\/2012\/11\/GEDC0060.jpg",500,281,false]},"author_info":{"display_name":"Jos\u00e9 Bravo","author_link":"https:\/\/curva1.com.ar\/?author=1"},"category_info":"<a href=\"https:\/\/curva1.com.ar\/?cat=3\" rel=\"category\">Tradicionales<\/a> <a href=\"https:\/\/curva1.com.ar\/?cat=1\" rel=\"category\">Zonal Cuyano<\/a>","tag_info":"Zonal Cuyano","comment_count":"0","_links":{"self":[{"href":"https:\/\/curva1.com.ar\/index.php?rest_route=\/wp\/v2\/posts\/2326","targetHints":{"allow":["GET"]}}],"collection":[{"href":"https:\/\/curva1.com.ar\/index.php?rest_route=\/wp\/v2\/posts"}],"about":[{"href":"https:\/\/curva1.com.ar\/index.php?rest_route=\/wp\/v2\/types\/post"}],"author":[{"embeddable":true,"href":"https:\/\/curva1.com.ar\/index.php?rest_route=\/wp\/v2\/users\/1"}],"replies":[{"embeddable":true,"href":"https:\/\/curva1.com.ar\/index.php?rest_route=%2Fwp%2Fv2%2Fcomments&post=2326"}],"version-history":[{"count":3,"href":"https:\/\/curva1.com.ar\/index.php?rest_route=\/wp\/v2\/posts\/2326\/revisions"}],"predecessor-version":[{"id":2329,"href":"https:\/\/curva1.com.ar\/index.php?rest_route=\/wp\/v2\/posts\/2326\/revisions\/2329"}],"wp:featuredmedia":[{"embeddable":true,"href":"https:\/\/curva1.com.ar\/index.php?rest_route=\/wp\/v2\/media\/2327"}],"wp:attachment":[{"href":"https:\/\/curva1.com.ar\/index.php?rest_route=%2Fwp%2Fv2%2Fmedia&parent=2326"}],"wp:term":[{"taxonomy":"category","embeddable":true,"href":"https:\/\/curva1.com.ar\/index.php?rest_route=%2Fwp%2Fv2%2Fcategories&post=2326"},{"taxonomy":"post_tag","embeddable":true,"href":"https:\/\/curva1.com.ar\/index.php?rest_route=%2Fwp%2Fv2%2Ftags&post=2326"}],"curies":[{"name":"wp","href":"https:\/\/api.w.org\/{rel}","templated":true}]}}