{"id":2349,"date":"2012-11-21T23:44:07","date_gmt":"2012-11-22T02:44:07","guid":{"rendered":"http:\/\/www.curva1.com.ar\/?p=2349"},"modified":"2012-11-21T23:44:39","modified_gmt":"2012-11-22T02:44:39","slug":"federacion-aprobo-pruebas-del-zonal-para-el-lunes-26-de-noviembre","status":"publish","type":"post","link":"https:\/\/curva1.com.ar\/?p=2349","title":{"rendered":"Federaci\u00f3n aprob\u00f3 pruebas del Zonal para el lunes 26\/11"},"content":{"rendered":"<p><img loading=\"lazy\" decoding=\"async\" class=\"aligncenter size-full wp-image-2350\" title=\"P176faf0538\" src=\"http:\/\/www.curva1.com.ar\/wp-content\/uploads\/2012\/11\/P176faf0538.jpg\" alt=\"\" width=\"500\" height=\"281\" srcset=\"https:\/\/curva1.com.ar\/wp-content\/uploads\/2012\/11\/P176faf0538.jpg 500w, https:\/\/curva1.com.ar\/wp-content\/uploads\/2012\/11\/P176faf0538-300x168.jpg 300w\" sizes=\"auto, (max-width: 500px) 100vw, 500px\" \/><\/p>\n<p>LA FEDERACI\u00d3N MENDOCINA DE AUTOMOVILISMO DEPORTIVO, COMUNICA A TODOS LOS PILOTOS Y CONCURRENTES LICENCIADOS, DE TODAS LAS CATEGOR\u00cdAS DEL ZONAL CUYANO DE PISTA, QUE DEBIDO A LA REALIZACION DE LA PENULTIMA FECHA PROGRAMADA DEL CAMPEONATO DE KARTING 2012, EL CONSEJO DIRECTIVO DE FEDERACION, HA DISPUESTO LO SIGUIENTE:<\/p>\n<p>1 \u2013 AUTORIZAR por \u00fanica vez la realizaci\u00f3n de PRUEBAS LIBRES el pr\u00f3ximo Lunes 26-11-12, en el aut\u00f3dromo Ciudad de San Mart\u00edn, estableciendo una excepci\u00f3n a las Limitaciones de Pruebas dispuesta en las BASES DEL CAMPEONATO CUYANO 2012.-<\/p>\n<p>2 \u2013 Las mismas estar\u00e1n abiertas a todas las categor\u00edas que integran el Zonal Cuyano de Automovilismo, y estar\u00e1n sujetas a los horarios y condiciones dispuestas por ASOCIACION VOLANTES DEL ESTE.-<\/p>\n<p>3 \u2013 La Federaci\u00f3n Mendocina de Automovilismo, agradece a A.V.E. su predisposici\u00f3n para la realizaci\u00f3n de estas pruebas libres, que constitu\u00edan una imperiosa necesidad para nuestro zonal, para afrontar la \u00faltima competencia del a\u00f1o, que definir\u00e1 los Campeonatos 2012<\/p>\n","protected":false},"excerpt":{"rendered":"<p>LA FEDERACI\u00d3N MENDOCINA DE AUTOMOVILISMO DEPORTIVO, COMUNICA A TODOS LOS PILOTOS Y CONCURRENTES LICENCIADOS, DE<\/p>\n","protected":false},"author":1,"featured_media":2350,"comment_status":"open","ping_status":"closed","sticky":false,"template":"","format":"standard","meta":{"footnotes":""},"categories":[1],"tags":[],"class_list":["post-2349","post","type-post","status-publish","format-standard","has-post-thumbnail","hentry","category-zonal-cuyano"],"featured_image_urls":{"full":["https:\/\/curva1.com.ar\/wp-content\/uploads\/2012\/11\/P176faf0538.jpg",500,281,false],"thumbnail":["https:\/\/curva1.com.ar\/wp-content\/uploads\/2012\/11\/P176faf0538-150x150.jpg",150,150,true],"medium":["https:\/\/curva1.com.ar\/wp-content\/uploads\/2012\/11\/P176faf0538-300x168.jpg",300,168,true],"medium_large":["https:\/\/curva1.com.ar\/wp-content\/uploads\/2012\/11\/P176faf0538.jpg",500,281,false],"large":["https:\/\/curva1.com.ar\/wp-content\/uploads\/2012\/11\/P176faf0538.jpg",500,281,false],"1536x1536":["https:\/\/curva1.com.ar\/wp-content\/uploads\/2012\/11\/P176faf0538.jpg",500,281,false],"2048x2048":["https:\/\/curva1.com.ar\/wp-content\/uploads\/2012\/11\/P176faf0538.jpg",500,281,false],"chromenews-featured":["https:\/\/curva1.com.ar\/wp-content\/uploads\/2012\/11\/P176faf0538.jpg",500,281,false],"chromenews-large":["https:\/\/curva1.com.ar\/wp-content\/uploads\/2012\/11\/P176faf0538.jpg",500,281,false],"chromenews-medium":["https:\/\/curva1.com.ar\/wp-content\/uploads\/2012\/11\/P176faf0538.jpg",500,281,false]},"author_info":{"display_name":"Jos\u00e9 Bravo","author_link":"https:\/\/curva1.com.ar\/?author=1"},"category_info":"<a href=\"https:\/\/curva1.com.ar\/?cat=1\" rel=\"category\">Zonal Cuyano<\/a>","tag_info":"Zonal Cuyano","comment_count":"0","_links":{"self":[{"href":"https:\/\/curva1.com.ar\/index.php?rest_route=\/wp\/v2\/posts\/2349","targetHints":{"allow":["GET"]}}],"collection":[{"href":"https:\/\/curva1.com.ar\/index.php?rest_route=\/wp\/v2\/posts"}],"about":[{"href":"https:\/\/curva1.com.ar\/index.php?rest_route=\/wp\/v2\/types\/post"}],"author":[{"embeddable":true,"href":"https:\/\/curva1.com.ar\/index.php?rest_route=\/wp\/v2\/users\/1"}],"replies":[{"embeddable":true,"href":"https:\/\/curva1.com.ar\/index.php?rest_route=%2Fwp%2Fv2%2Fcomments&post=2349"}],"version-history":[{"count":2,"href":"https:\/\/curva1.com.ar\/index.php?rest_route=\/wp\/v2\/posts\/2349\/revisions"}],"predecessor-version":[{"id":2352,"href":"https:\/\/curva1.com.ar\/index.php?rest_route=\/wp\/v2\/posts\/2349\/revisions\/2352"}],"wp:featuredmedia":[{"embeddable":true,"href":"https:\/\/curva1.com.ar\/index.php?rest_route=\/wp\/v2\/media\/2350"}],"wp:attachment":[{"href":"https:\/\/curva1.com.ar\/index.php?rest_route=%2Fwp%2Fv2%2Fmedia&parent=2349"}],"wp:term":[{"taxonomy":"category","embeddable":true,"href":"https:\/\/curva1.com.ar\/index.php?rest_route=%2Fwp%2Fv2%2Fcategories&post=2349"},{"taxonomy":"post_tag","embeddable":true,"href":"https:\/\/curva1.com.ar\/index.php?rest_route=%2Fwp%2Fv2%2Ftags&post=2349"}],"curies":[{"name":"wp","href":"https:\/\/api.w.org\/{rel}","templated":true}]}}