{"id":2356,"date":"2012-11-21T23:58:31","date_gmt":"2012-11-22T02:58:31","guid":{"rendered":"http:\/\/www.curva1.com.ar\/?p=2356"},"modified":"2012-11-21T23:58:31","modified_gmt":"2012-11-22T02:58:31","slug":"miguel-calderon-con-intenciones-de-cambiarse-de-categoria","status":"publish","type":"post","link":"https:\/\/curva1.com.ar\/?p=2356","title":{"rendered":"Miguel Calder\u00f3n con intenciones de cambiarse de categor\u00eda"},"content":{"rendered":"<p><img loading=\"lazy\" decoding=\"async\" class=\"aligncenter size-full wp-image-2357\" title=\"384619_3\" src=\"http:\/\/www.curva1.com.ar\/wp-content\/uploads\/2012\/11\/384619_3.jpg\" alt=\"\" width=\"500\" height=\"281\" srcset=\"https:\/\/curva1.com.ar\/wp-content\/uploads\/2012\/11\/384619_3.jpg 500w, https:\/\/curva1.com.ar\/wp-content\/uploads\/2012\/11\/384619_3-300x168.jpg 300w\" sizes=\"auto, (max-width: 500px) 100vw, 500px\" \/><\/p>\n<p>El piloto de Godoy Cruz practicamente ha dado por finalizado su a\u00f1o dentro de las Tradicionales, ya\u00a0 que por distintos compromisos no podr\u00e1 estar en la fecha del domingo y en el coronaci\u00f3n.<\/p>\n<p><strong>&#8220;Lamentablemente se me ha complicado para estas dos ultimas fechas. Tengo del Fiat 600 en venta, ha sido un auto rendidor durante el a\u00f1o en la 850 Grupo 1&#8221;<\/strong> expres\u00f3 Miguel Calder\u00f3n, quien afirm\u00f3 que en el 2013 tiene la intenci\u00f3n de ser parte de la F\u00f3rmula 1100 con un Renault Gordini.<\/p>\n","protected":false},"excerpt":{"rendered":"<p>El piloto de Godoy Cruz practicamente ha dado por finalizado su a\u00f1o dentro de las<\/p>\n","protected":false},"author":1,"featured_media":2357,"comment_status":"open","ping_status":"closed","sticky":false,"template":"","format":"standard","meta":{"footnotes":""},"categories":[3],"tags":[],"class_list":["post-2356","post","type-post","status-publish","format-standard","has-post-thumbnail","hentry","category-tradicionales"],"featured_image_urls":{"full":["https:\/\/curva1.com.ar\/wp-content\/uploads\/2012\/11\/384619_3.jpg",500,281,false],"thumbnail":["https:\/\/curva1.com.ar\/wp-content\/uploads\/2012\/11\/384619_3-150x150.jpg",150,150,true],"medium":["https:\/\/curva1.com.ar\/wp-content\/uploads\/2012\/11\/384619_3-300x168.jpg",300,168,true],"medium_large":["https:\/\/curva1.com.ar\/wp-content\/uploads\/2012\/11\/384619_3.jpg",500,281,false],"large":["https:\/\/curva1.com.ar\/wp-content\/uploads\/2012\/11\/384619_3.jpg",500,281,false],"1536x1536":["https:\/\/curva1.com.ar\/wp-content\/uploads\/2012\/11\/384619_3.jpg",500,281,false],"2048x2048":["https:\/\/curva1.com.ar\/wp-content\/uploads\/2012\/11\/384619_3.jpg",500,281,false],"chromenews-featured":["https:\/\/curva1.com.ar\/wp-content\/uploads\/2012\/11\/384619_3.jpg",500,281,false],"chromenews-large":["https:\/\/curva1.com.ar\/wp-content\/uploads\/2012\/11\/384619_3.jpg",500,281,false],"chromenews-medium":["https:\/\/curva1.com.ar\/wp-content\/uploads\/2012\/11\/384619_3.jpg",500,281,false]},"author_info":{"display_name":"Jos\u00e9 Bravo","author_link":"https:\/\/curva1.com.ar\/?author=1"},"category_info":"<a href=\"https:\/\/curva1.com.ar\/?cat=3\" rel=\"category\">Tradicionales<\/a>","tag_info":"Tradicionales","comment_count":"0","_links":{"self":[{"href":"https:\/\/curva1.com.ar\/index.php?rest_route=\/wp\/v2\/posts\/2356","targetHints":{"allow":["GET"]}}],"collection":[{"href":"https:\/\/curva1.com.ar\/index.php?rest_route=\/wp\/v2\/posts"}],"about":[{"href":"https:\/\/curva1.com.ar\/index.php?rest_route=\/wp\/v2\/types\/post"}],"author":[{"embeddable":true,"href":"https:\/\/curva1.com.ar\/index.php?rest_route=\/wp\/v2\/users\/1"}],"replies":[{"embeddable":true,"href":"https:\/\/curva1.com.ar\/index.php?rest_route=%2Fwp%2Fv2%2Fcomments&post=2356"}],"version-history":[{"count":2,"href":"https:\/\/curva1.com.ar\/index.php?rest_route=\/wp\/v2\/posts\/2356\/revisions"}],"predecessor-version":[{"id":2359,"href":"https:\/\/curva1.com.ar\/index.php?rest_route=\/wp\/v2\/posts\/2356\/revisions\/2359"}],"wp:featuredmedia":[{"embeddable":true,"href":"https:\/\/curva1.com.ar\/index.php?rest_route=\/wp\/v2\/media\/2357"}],"wp:attachment":[{"href":"https:\/\/curva1.com.ar\/index.php?rest_route=%2Fwp%2Fv2%2Fmedia&parent=2356"}],"wp:term":[{"taxonomy":"category","embeddable":true,"href":"https:\/\/curva1.com.ar\/index.php?rest_route=%2Fwp%2Fv2%2Fcategories&post=2356"},{"taxonomy":"post_tag","embeddable":true,"href":"https:\/\/curva1.com.ar\/index.php?rest_route=%2Fwp%2Fv2%2Ftags&post=2356"}],"curies":[{"name":"wp","href":"https:\/\/api.w.org\/{rel}","templated":true}]}}