{"id":2360,"date":"2012-11-22T00:17:42","date_gmt":"2012-11-22T03:17:42","guid":{"rendered":"http:\/\/www.curva1.com.ar\/?p=2360"},"modified":"2012-11-22T00:24:40","modified_gmt":"2012-11-22T03:24:40","slug":"se-viene-una-gran-temporada-2012-de-speedway-en-mendoza","status":"publish","type":"post","link":"https:\/\/curva1.com.ar\/?p=2360","title":{"rendered":"Se viene una gran temporada 2013 del Speedway en Mendoza"},"content":{"rendered":"<p><img loading=\"lazy\" decoding=\"async\" class=\"aligncenter size-full wp-image-2361\" title=\"P165049D7\" src=\"http:\/\/www.curva1.com.ar\/wp-content\/uploads\/2012\/11\/P165049D7.jpg\" alt=\"\" width=\"500\" height=\"281\" srcset=\"https:\/\/curva1.com.ar\/wp-content\/uploads\/2012\/11\/P165049D7.jpg 500w, https:\/\/curva1.com.ar\/wp-content\/uploads\/2012\/11\/P165049D7-300x168.jpg 300w\" sizes=\"auto, (max-width: 500px) 100vw, 500px\" \/><\/p>\n<p>Ya casi todo est\u00e1 listo. En los talleres se trabaja a full y los pilotos se siguen sumando. Todo, en la previa de los que ser\u00e1 una &#8220;Gran Temporada&#8221; del speedway en Mendoza.<\/p>\n<p>El que primero sale a pista es el Speedway Sure\u00f1o, en San Rafael, a cargo de la Asociaci\u00f3n Sanrafaelina de Automovilismo. El pr\u00f3ximo jueves se presenta en conferencia de prensa la temporada que tendr\u00e1 su inicio el viernes 30 de noviembre.<\/p>\n<p>El Speedway El Santo tambi\u00e9n tiene fecha de inicio, en su circuito de Rodeo del Medio, en Maip\u00fa. Ser\u00e1 el primer domingo de enero, m\u00e1s precisamente el 6, seg\u00fan lo expres\u00f3 el organizador Javier Mesa.<\/p>\n<p><img loading=\"lazy\" decoding=\"async\" class=\"aligncenter size-full wp-image-2362\" title=\"DSCN85FFF43\" src=\"http:\/\/www.curva1.com.ar\/wp-content\/uploads\/2012\/11\/DSCN85FFF43.jpg\" alt=\"\" width=\"500\" height=\"281\" srcset=\"https:\/\/curva1.com.ar\/wp-content\/uploads\/2012\/11\/DSCN85FFF43.jpg 500w, https:\/\/curva1.com.ar\/wp-content\/uploads\/2012\/11\/DSCN85FFF43-300x168.jpg 300w\" sizes=\"auto, (max-width: 500px) 100vw, 500px\" \/><\/p>\n","protected":false},"excerpt":{"rendered":"<p>Ya casi todo est\u00e1 listo. En los talleres se trabaja a full y los pilotos<\/p>\n","protected":false},"author":1,"featured_media":2361,"comment_status":"open","ping_status":"closed","sticky":false,"template":"","format":"standard","meta":{"footnotes":""},"categories":[5],"tags":[],"class_list":["post-2360","post","type-post","status-publish","format-standard","has-post-thumbnail","hentry","category-speedway"],"featured_image_urls":{"full":["https:\/\/curva1.com.ar\/wp-content\/uploads\/2012\/11\/P165049D7.jpg",500,281,false],"thumbnail":["https:\/\/curva1.com.ar\/wp-content\/uploads\/2012\/11\/P165049D7-150x150.jpg",150,150,true],"medium":["https:\/\/curva1.com.ar\/wp-content\/uploads\/2012\/11\/P165049D7-300x168.jpg",300,168,true],"medium_large":["https:\/\/curva1.com.ar\/wp-content\/uploads\/2012\/11\/P165049D7.jpg",500,281,false],"large":["https:\/\/curva1.com.ar\/wp-content\/uploads\/2012\/11\/P165049D7.jpg",500,281,false],"1536x1536":["https:\/\/curva1.com.ar\/wp-content\/uploads\/2012\/11\/P165049D7.jpg",500,281,false],"2048x2048":["https:\/\/curva1.com.ar\/wp-content\/uploads\/2012\/11\/P165049D7.jpg",500,281,false],"chromenews-featured":["https:\/\/curva1.com.ar\/wp-content\/uploads\/2012\/11\/P165049D7.jpg",500,281,false],"chromenews-large":["https:\/\/curva1.com.ar\/wp-content\/uploads\/2012\/11\/P165049D7.jpg",500,281,false],"chromenews-medium":["https:\/\/curva1.com.ar\/wp-content\/uploads\/2012\/11\/P165049D7.jpg",500,281,false]},"author_info":{"display_name":"Jos\u00e9 Bravo","author_link":"https:\/\/curva1.com.ar\/?author=1"},"category_info":"<a href=\"https:\/\/curva1.com.ar\/?cat=5\" rel=\"category\">Speedway<\/a>","tag_info":"Speedway","comment_count":"0","_links":{"self":[{"href":"https:\/\/curva1.com.ar\/index.php?rest_route=\/wp\/v2\/posts\/2360","targetHints":{"allow":["GET"]}}],"collection":[{"href":"https:\/\/curva1.com.ar\/index.php?rest_route=\/wp\/v2\/posts"}],"about":[{"href":"https:\/\/curva1.com.ar\/index.php?rest_route=\/wp\/v2\/types\/post"}],"author":[{"embeddable":true,"href":"https:\/\/curva1.com.ar\/index.php?rest_route=\/wp\/v2\/users\/1"}],"replies":[{"embeddable":true,"href":"https:\/\/curva1.com.ar\/index.php?rest_route=%2Fwp%2Fv2%2Fcomments&post=2360"}],"version-history":[{"count":4,"href":"https:\/\/curva1.com.ar\/index.php?rest_route=\/wp\/v2\/posts\/2360\/revisions"}],"predecessor-version":[{"id":2365,"href":"https:\/\/curva1.com.ar\/index.php?rest_route=\/wp\/v2\/posts\/2360\/revisions\/2365"}],"wp:featuredmedia":[{"embeddable":true,"href":"https:\/\/curva1.com.ar\/index.php?rest_route=\/wp\/v2\/media\/2361"}],"wp:attachment":[{"href":"https:\/\/curva1.com.ar\/index.php?rest_route=%2Fwp%2Fv2%2Fmedia&parent=2360"}],"wp:term":[{"taxonomy":"category","embeddable":true,"href":"https:\/\/curva1.com.ar\/index.php?rest_route=%2Fwp%2Fv2%2Fcategories&post=2360"},{"taxonomy":"post_tag","embeddable":true,"href":"https:\/\/curva1.com.ar\/index.php?rest_route=%2Fwp%2Fv2%2Ftags&post=2360"}],"curies":[{"name":"wp","href":"https:\/\/api.w.org\/{rel}","templated":true}]}}