{"id":2371,"date":"2012-11-23T10:44:25","date_gmt":"2012-11-23T13:44:25","guid":{"rendered":"http:\/\/www.curva1.com.ar\/?p=2371"},"modified":"2012-11-23T11:49:42","modified_gmt":"2012-11-23T14:49:42","slug":"javier-mesa-cambia-en-tradicionales-y-apuesta-al-zonal-cuyano","status":"publish","type":"post","link":"https:\/\/curva1.com.ar\/?p=2371","title":{"rendered":"Javier Mesa cambia en la tierra y apuesta al Zonal Cuyano"},"content":{"rendered":"<p><img loading=\"lazy\" decoding=\"async\" class=\"aligncenter size-full wp-image-2372\" title=\"DSCN85541\" src=\"http:\/\/www.curva1.com.ar\/wp-content\/uploads\/2012\/11\/DSCN85541.jpg\" alt=\"\" width=\"500\" height=\"281\" srcset=\"https:\/\/curva1.com.ar\/wp-content\/uploads\/2012\/11\/DSCN85541.jpg 500w, https:\/\/curva1.com.ar\/wp-content\/uploads\/2012\/11\/DSCN85541-300x168.jpg 300w\" sizes=\"auto, (max-width: 500px) 100vw, 500px\" \/><\/p>\n<p>El piloto de Rodeo del Medio dijo a Curva 1 que el a\u00f1o que viene cambiar\u00e1 de categor\u00eda, mud\u00e1ndose a la F\u00f3rmula 1100 de Tradicionales.<\/p>\n<p>Tambi\u00e9n destac\u00f3 que quiere correr en el zonal cuyano, con un Fiat 147 del Turismo Pista 1100, pero solamente las carreras de San Mart\u00edn, ya que su situaci\u00f3n laboral complica viajar a otros circuitos.<\/p>\n<p>Mesa corre el domingo en San Carlos la 11\u00ba fecha de Tradicionales.<\/p>\n","protected":false},"excerpt":{"rendered":"<p>El piloto de Rodeo del Medio dijo a Curva 1 que el a\u00f1o que viene<\/p>\n","protected":false},"author":1,"featured_media":2372,"comment_status":"open","ping_status":"closed","sticky":false,"template":"","format":"standard","meta":{"footnotes":""},"categories":[3,1],"tags":[],"class_list":["post-2371","post","type-post","status-publish","format-standard","has-post-thumbnail","hentry","category-tradicionales","category-zonal-cuyano"],"featured_image_urls":{"full":["https:\/\/curva1.com.ar\/wp-content\/uploads\/2012\/11\/DSCN85541.jpg",500,281,false],"thumbnail":["https:\/\/curva1.com.ar\/wp-content\/uploads\/2012\/11\/DSCN85541-150x150.jpg",150,150,true],"medium":["https:\/\/curva1.com.ar\/wp-content\/uploads\/2012\/11\/DSCN85541-300x168.jpg",300,168,true],"medium_large":["https:\/\/curva1.com.ar\/wp-content\/uploads\/2012\/11\/DSCN85541.jpg",500,281,false],"large":["https:\/\/curva1.com.ar\/wp-content\/uploads\/2012\/11\/DSCN85541.jpg",500,281,false],"1536x1536":["https:\/\/curva1.com.ar\/wp-content\/uploads\/2012\/11\/DSCN85541.jpg",500,281,false],"2048x2048":["https:\/\/curva1.com.ar\/wp-content\/uploads\/2012\/11\/DSCN85541.jpg",500,281,false],"chromenews-featured":["https:\/\/curva1.com.ar\/wp-content\/uploads\/2012\/11\/DSCN85541.jpg",500,281,false],"chromenews-large":["https:\/\/curva1.com.ar\/wp-content\/uploads\/2012\/11\/DSCN85541.jpg",500,281,false],"chromenews-medium":["https:\/\/curva1.com.ar\/wp-content\/uploads\/2012\/11\/DSCN85541.jpg",500,281,false]},"author_info":{"display_name":"Jos\u00e9 Bravo","author_link":"https:\/\/curva1.com.ar\/?author=1"},"category_info":"<a href=\"https:\/\/curva1.com.ar\/?cat=3\" rel=\"category\">Tradicionales<\/a> <a href=\"https:\/\/curva1.com.ar\/?cat=1\" rel=\"category\">Zonal Cuyano<\/a>","tag_info":"Zonal Cuyano","comment_count":"0","_links":{"self":[{"href":"https:\/\/curva1.com.ar\/index.php?rest_route=\/wp\/v2\/posts\/2371","targetHints":{"allow":["GET"]}}],"collection":[{"href":"https:\/\/curva1.com.ar\/index.php?rest_route=\/wp\/v2\/posts"}],"about":[{"href":"https:\/\/curva1.com.ar\/index.php?rest_route=\/wp\/v2\/types\/post"}],"author":[{"embeddable":true,"href":"https:\/\/curva1.com.ar\/index.php?rest_route=\/wp\/v2\/users\/1"}],"replies":[{"embeddable":true,"href":"https:\/\/curva1.com.ar\/index.php?rest_route=%2Fwp%2Fv2%2Fcomments&post=2371"}],"version-history":[{"count":6,"href":"https:\/\/curva1.com.ar\/index.php?rest_route=\/wp\/v2\/posts\/2371\/revisions"}],"predecessor-version":[{"id":2411,"href":"https:\/\/curva1.com.ar\/index.php?rest_route=\/wp\/v2\/posts\/2371\/revisions\/2411"}],"wp:featuredmedia":[{"embeddable":true,"href":"https:\/\/curva1.com.ar\/index.php?rest_route=\/wp\/v2\/media\/2372"}],"wp:attachment":[{"href":"https:\/\/curva1.com.ar\/index.php?rest_route=%2Fwp%2Fv2%2Fmedia&parent=2371"}],"wp:term":[{"taxonomy":"category","embeddable":true,"href":"https:\/\/curva1.com.ar\/index.php?rest_route=%2Fwp%2Fv2%2Fcategories&post=2371"},{"taxonomy":"post_tag","embeddable":true,"href":"https:\/\/curva1.com.ar\/index.php?rest_route=%2Fwp%2Fv2%2Ftags&post=2371"}],"curies":[{"name":"wp","href":"https:\/\/api.w.org\/{rel}","templated":true}]}}