{"id":23763,"date":"2017-11-07T07:00:26","date_gmt":"2017-11-07T10:00:26","guid":{"rendered":"http:\/\/www.curva1.com.ar\/?p=23763"},"modified":"2017-11-08T07:02:37","modified_gmt":"2017-11-08T10:02:37","slug":"santero-seguira-con-el-gc-competicion-en-el-2018","status":"publish","type":"post","link":"https:\/\/curva1.com.ar\/?p=23763","title":{"rendered":"Santero seguir\u00e1 con el GC Competici\u00f3n en el 2018"},"content":{"rendered":"<p><img loading=\"lazy\" decoding=\"async\" class=\"aligncenter size-full wp-image-23764\" src=\"http:\/\/www.curva1.com.ar\/wp-content\/uploads\/2017\/11\/JS-7.jpg\" alt=\"\" width=\"1087\" height=\"709\" srcset=\"https:\/\/curva1.com.ar\/wp-content\/uploads\/2017\/11\/JS-7.jpg 1087w, https:\/\/curva1.com.ar\/wp-content\/uploads\/2017\/11\/JS-7-517x337.jpg 517w, https:\/\/curva1.com.ar\/wp-content\/uploads\/2017\/11\/JS-7-768x501.jpg 768w, https:\/\/curva1.com.ar\/wp-content\/uploads\/2017\/11\/JS-7-1024x668.jpg 1024w\" sizes=\"auto, (max-width: 1087px) 100vw, 1087px\" \/><\/p>\n<p>El mendocino Juli\u00e1n Santero confirm\u00f3 en las \u00faltimas horas su continuidad en el a\u00f1o 2018 dentro del equipo GC Competici\u00f3n, estructura a la cual representa en la Clase 3 del Turismo Nacional.<\/p>\n<p>Traa haber mantenido una reuni\u00f3n con el responsable del equipo, Gustavo Cano, y con Luis Belloso, quien maneja la parte organizativa de la estructura, Santero pudo llegar a un acuerdo para seguir en el GC Competici\u00f3n con el cual durante el 2017 mostr\u00f3 muy buenos rendimientos sobre el Ford Focus, consiguiendo inclusive su primer triunfo dentro de la categor\u00eda.<\/p>\n<p><strong>\u201cMuy contento de haber podido asegurar la continuidad dentro de un gran equipo como es el GC Competici\u00f3n. Nos reunimos con Gustavo Cano y Luis Belloso, y r\u00e1pidamente pudimos llegar a un acuerdo para seguir juntos y apuntar a grandes objetivos en el 2018, luego del buen a\u00f1o actual que hemos tenido con un triunfo y varios podios logrados\u201d<\/strong>, expres\u00f3 Juli\u00e1n.<\/p>\n<p>La reuni\u00f3n se dio tras el ensayo que el equipo realiz\u00f3 en Alta Gracia con Santero y su piloto invitado, Federico Iribarne, para pulir detalles de adaptaci\u00f3n y dejar todo listo de cara a la pr\u00f3xima fecha de Turismo Nacional el 12 de Noviembre, en la cual la Clase 3 tendr\u00e1 competencia con pilotos invitados.<\/p>\n<p><strong>&#8220;La prueba fue muy buena, no la hicimos con mi auto pero se gir\u00f3 con los de Ezequiel Bosio, Leandro Carducci y el Citroen de Christian Ledesma, y funcion\u00f3 todo en \u00f3ptimas condiciones. En mi caso gire poco, haciendo un control de todo ya que el objetivo fue que los invitados ya vayan con cierta adaptaci\u00f3n e idea de c\u00f3mo funcionan los autos. Federico supo funcionar r\u00e1pido desde el inicio, y eso nos deja tranquilos para la fecha que se viene\u201d<\/strong> cerr\u00f3 el de Mendoza ya mentalizado en la pr\u00f3xima cita.<\/p>\n","protected":false},"excerpt":{"rendered":"<p>El mendocino Juli\u00e1n Santero confirm\u00f3 en las \u00faltimas horas su continuidad en el a\u00f1o 2018<\/p>\n","protected":false},"author":1,"featured_media":23764,"comment_status":"closed","ping_status":"closed","sticky":false,"template":"","format":"standard","meta":{"footnotes":""},"categories":[6],"tags":[],"class_list":["post-23763","post","type-post","status-publish","format-standard","has-post-thumbnail","hentry","category-nacionales"],"featured_image_urls":{"full":["https:\/\/curva1.com.ar\/wp-content\/uploads\/2017\/11\/JS-7.jpg",1087,709,false],"thumbnail":["https:\/\/curva1.com.ar\/wp-content\/uploads\/2017\/11\/JS-7-300x169.jpg",300,169,true],"medium":["https:\/\/curva1.com.ar\/wp-content\/uploads\/2017\/11\/JS-7-517x337.jpg",517,337,true],"medium_large":["https:\/\/curva1.com.ar\/wp-content\/uploads\/2017\/11\/JS-7-768x501.jpg",640,418,true],"large":["https:\/\/curva1.com.ar\/wp-content\/uploads\/2017\/11\/JS-7-1024x668.jpg",640,418,true],"1536x1536":["https:\/\/curva1.com.ar\/wp-content\/uploads\/2017\/11\/JS-7.jpg",1087,709,false],"2048x2048":["https:\/\/curva1.com.ar\/wp-content\/uploads\/2017\/11\/JS-7.jpg",1087,709,false],"chromenews-featured":["https:\/\/curva1.com.ar\/wp-content\/uploads\/2017\/11\/JS-7.jpg",1024,668,false],"chromenews-large":["https:\/\/curva1.com.ar\/wp-content\/uploads\/2017\/11\/JS-7.jpg",825,538,false],"chromenews-medium":["https:\/\/curva1.com.ar\/wp-content\/uploads\/2017\/11\/JS-7.jpg",590,385,false]},"author_info":{"display_name":"Jos\u00e9 Bravo","author_link":"https:\/\/curva1.com.ar\/?author=1"},"category_info":"<a href=\"https:\/\/curva1.com.ar\/?cat=6\" rel=\"category\">Nacionales<\/a>","tag_info":"Nacionales","comment_count":"0","yoast_head":"<!-- This site is optimized with the Yoast SEO Premium plugin v14.7 - https:\/\/yoast.com\/wordpress\/plugins\/seo\/ -->\n<title>Santero seguir\u00e1 con el GC Competici\u00f3n en el 2018 - Curva 1<\/title>\n<meta name=\"robots\" content=\"index, follow\" \/>\n<meta name=\"googlebot\" content=\"index, follow, max-snippet:-1, max-image-preview:large, max-video-preview:-1\" \/>\n<meta name=\"bingbot\" content=\"index, follow, max-snippet:-1, max-image-preview:large, max-video-preview:-1\" \/>\n<link rel=\"canonical\" href=\"https:\/\/curva1.com.ar\/?p=23763\" \/>\n<meta property=\"og:locale\" content=\"en_US\" \/>\n<meta property=\"og:type\" content=\"article\" \/>\n<meta property=\"og:title\" content=\"Santero seguir\u00e1 con el GC Competici\u00f3n en el 2018 - Curva 1\" \/>\n<meta property=\"og:description\" content=\"El mendocino Juli\u00e1n Santero confirm\u00f3 en las \u00faltimas horas su continuidad en el a\u00f1o 2018\" \/>\n<meta property=\"og:url\" content=\"https:\/\/curva1.com.ar\/?p=23763\" \/>\n<meta property=\"og:site_name\" content=\"Curva 1\" \/>\n<meta property=\"article:publisher\" content=\"https:\/\/www.facebook.com\/revistacurva1\/\" \/>\n<meta property=\"article:published_time\" content=\"2017-11-07T10:00:26+00:00\" \/>\n<meta property=\"article:modified_time\" content=\"2017-11-08T10:02:37+00:00\" \/>\n<meta property=\"og:image\" content=\"https:\/\/curva1.com.ar\/wp-content\/uploads\/2017\/11\/JS-7.jpg\" \/>\n\t<meta property=\"og:image:width\" content=\"1087\" \/>\n\t<meta property=\"og:image:height\" content=\"709\" \/>\n<meta property=\"fb:app_id\" content=\"1593067817533208\" \/>\n<meta name=\"twitter:card\" content=\"summary_large_image\" \/>\n<meta name=\"twitter:creator\" content=\"@curva1mendoza\" \/>\n<meta name=\"twitter:site\" content=\"@curva1mendoza\" \/>\n<script type=\"application\/ld+json\" class=\"yoast-schema-graph\">{\"@context\":\"https:\/\/schema.org\",\"@graph\":[{\"@type\":\"WebSite\",\"@id\":\"https:\/\/curva1.com.ar\/#website\",\"url\":\"https:\/\/curva1.com.ar\/\",\"name\":\"Curva 1\",\"description\":\"Automovilismo de Mendoza\",\"potentialAction\":[{\"@type\":\"SearchAction\",\"target\":\"https:\/\/curva1.com.ar\/?s={search_term_string}\",\"query-input\":\"required name=search_term_string\"}],\"inLanguage\":\"en-US\"},{\"@type\":\"ImageObject\",\"@id\":\"https:\/\/curva1.com.ar\/?p=23763#primaryimage\",\"inLanguage\":\"en-US\",\"url\":\"https:\/\/curva1.com.ar\/wp-content\/uploads\/2017\/11\/JS-7.jpg\",\"width\":1087,\"height\":709},{\"@type\":\"WebPage\",\"@id\":\"https:\/\/curva1.com.ar\/?p=23763#webpage\",\"url\":\"https:\/\/curva1.com.ar\/?p=23763\",\"name\":\"Santero seguir\\u00e1 con el GC Competici\\u00f3n en el 2018 - Curva 1\",\"isPartOf\":{\"@id\":\"https:\/\/curva1.com.ar\/#website\"},\"primaryImageOfPage\":{\"@id\":\"https:\/\/curva1.com.ar\/?p=23763#primaryimage\"},\"datePublished\":\"2017-11-07T10:00:26+00:00\",\"dateModified\":\"2017-11-08T10:02:37+00:00\",\"author\":{\"@id\":\"https:\/\/curva1.com.ar\/#\/schema\/person\/f5fd12984d70df7314fbd9ab42f31033\"},\"inLanguage\":\"en-US\",\"potentialAction\":[{\"@type\":\"ReadAction\",\"target\":[\"https:\/\/curva1.com.ar\/?p=23763\"]}]},{\"@type\":[\"Person\"],\"@id\":\"https:\/\/curva1.com.ar\/#\/schema\/person\/f5fd12984d70df7314fbd9ab42f31033\",\"name\":\"Jos\\u00e9 Bravo\",\"image\":{\"@type\":\"ImageObject\",\"@id\":\"https:\/\/curva1.com.ar\/#personlogo\",\"inLanguage\":\"en-US\",\"url\":\"https:\/\/secure.gravatar.com\/avatar\/3ae0b1fdc6ddeb723a6e6c23609ed39de1d40a94b8112fd2c0c2032e2dabf28b?s=96&d=identicon&r=g\",\"caption\":\"Jos\\u00e9 Bravo\"}}]}<\/script>\n<!-- \/ Yoast SEO Premium plugin. -->","_links":{"self":[{"href":"https:\/\/curva1.com.ar\/index.php?rest_route=\/wp\/v2\/posts\/23763","targetHints":{"allow":["GET"]}}],"collection":[{"href":"https:\/\/curva1.com.ar\/index.php?rest_route=\/wp\/v2\/posts"}],"about":[{"href":"https:\/\/curva1.com.ar\/index.php?rest_route=\/wp\/v2\/types\/post"}],"author":[{"embeddable":true,"href":"https:\/\/curva1.com.ar\/index.php?rest_route=\/wp\/v2\/users\/1"}],"replies":[{"embeddable":true,"href":"https:\/\/curva1.com.ar\/index.php?rest_route=%2Fwp%2Fv2%2Fcomments&post=23763"}],"version-history":[{"count":1,"href":"https:\/\/curva1.com.ar\/index.php?rest_route=\/wp\/v2\/posts\/23763\/revisions"}],"predecessor-version":[{"id":23765,"href":"https:\/\/curva1.com.ar\/index.php?rest_route=\/wp\/v2\/posts\/23763\/revisions\/23765"}],"wp:featuredmedia":[{"embeddable":true,"href":"https:\/\/curva1.com.ar\/index.php?rest_route=\/wp\/v2\/media\/23764"}],"wp:attachment":[{"href":"https:\/\/curva1.com.ar\/index.php?rest_route=%2Fwp%2Fv2%2Fmedia&parent=23763"}],"wp:term":[{"taxonomy":"category","embeddable":true,"href":"https:\/\/curva1.com.ar\/index.php?rest_route=%2Fwp%2Fv2%2Fcategories&post=23763"},{"taxonomy":"post_tag","embeddable":true,"href":"https:\/\/curva1.com.ar\/index.php?rest_route=%2Fwp%2Fv2%2Ftags&post=23763"}],"curies":[{"name":"wp","href":"https:\/\/api.w.org\/{rel}","templated":true}]}}