{"id":23766,"date":"2017-11-07T07:03:37","date_gmt":"2017-11-07T10:03:37","guid":{"rendered":"http:\/\/www.curva1.com.ar\/?p=23766"},"modified":"2017-11-08T07:10:33","modified_gmt":"2017-11-08T10:10:33","slug":"vicino-hizo-podio-en-la-formula-renault-2-0-en-san-juan","status":"publish","type":"post","link":"https:\/\/curva1.com.ar\/?p=23766","title":{"rendered":"Vicino hizo podio en la F\u00f3rmula Renault 2.0 en San Juan"},"content":{"rendered":"<figure id=\"attachment_23767\" aria-describedby=\"caption-attachment-23767\" style=\"width: 1600px\" class=\"wp-caption aligncenter\"><img loading=\"lazy\" decoding=\"async\" class=\"size-full wp-image-23767\" src=\"http:\/\/www.curva1.com.ar\/wp-content\/uploads\/2017\/11\/0113.jpg\" alt=\"\" width=\"1600\" height=\"900\" srcset=\"https:\/\/curva1.com.ar\/wp-content\/uploads\/2017\/11\/0113.jpg 1600w, https:\/\/curva1.com.ar\/wp-content\/uploads\/2017\/11\/0113-300x169.jpg 300w, https:\/\/curva1.com.ar\/wp-content\/uploads\/2017\/11\/0113-600x337.jpg 600w, https:\/\/curva1.com.ar\/wp-content\/uploads\/2017\/11\/0113-768x432.jpg 768w, https:\/\/curva1.com.ar\/wp-content\/uploads\/2017\/11\/0113-1024x576.jpg 1024w\" sizes=\"auto, (max-width: 1600px) 100vw, 1600px\" \/><figcaption id=\"caption-attachment-23767\" class=\"wp-caption-text\">VICINO (izquierda) FESTEJA SU SEGUNDO PUESTO EN EL ZONDA<\/figcaption><\/figure>\n<p><span style=\"font-family: tahoma,verdana,segoe,sans-serif;\">El mendocino<strong>\u00a0Lucas Vicino<\/strong>\u00a0cerr\u00f3 un gran fin de semana en San Juan, donde la\u00a0<strong>F\u00f3rmula Renault 2.0<\/strong>\u00a0disput\u00f3 la 10\u00aa fecha del campeonato, en el m\u00edtico aut\u00f3dromo\u00a0<strong>El Zonda &#8211; Eduardo Copello<\/strong>.<\/span><\/p>\n<p>Tras haber subido al podio en la carrera del s\u00e1bado, el piloto de Las Heras se prest\u00f3 a disputar la segunda competencia, partiendo desde la novena posici\u00f3n. As\u00ed, con el auto del<strong>LR Team<\/strong>\u00a0fue avanzando posiciones hasta culminar en la sexta posici\u00f3n, lo cual es otro gran resultado.<\/p>\n<p><span style=\"font-family: tahoma,verdana,segoe,sans-serif;\">&#8220;<em>Estoy muy feliz por el resultado logrado. La realidad es que el auto anduvo muy bien durante todo el fin de semana y eso me ayud\u00f3 a ser protagonista en ambas carreras. Tuvo la paciencia necesaria para avanzar y saber hasta donde lo pod\u00eda hacer, sobre todo porque ven\u00eda de fechas con resultados negativos. Le agradezco a mi familia, a mis amigos, a los sponsors y a todos los que me apoyan de una u otra forma en mi carrera deportiva<\/em>&#8220;, puntualiz\u00f3 Vicino, que ocupa la 15\u00aa posici\u00f3n en el certamen, con 136 puntos.<\/span><br \/>\n<span style=\"font-family: tahoma,verdana,segoe,sans-serif;\">\u00a0<\/span><br \/>\n<span style=\"font-family: tahoma,verdana,segoe,sans-serif;\">Hern\u00e1n Palazzo, compa\u00f1ero de equipo de Vicino, se impuso en la carrera dominical y fue escoltado por Hern\u00e1n Satler y Eduardo Moreno completaron el podio. Con este triunfo, el piloto de Pinamar sigue siendo el l\u00edder del torneo.<\/span><\/p>\n<p>La pr\u00f3xima fecha de la categor\u00eda escuela se llevar\u00e1 a cabo los d\u00edas 26 y 27 de noviembre en el aut\u00f3dromo Parque Ciudad de General Roca.<\/p>\n<p><strong>Mir\u00e1\u00a0<a href=\"https:\/\/motoaldia.us16.list-manage.com\/track\/click?u=0ff1c4513642756090f69a52a&amp;id=7c275e952b&amp;e=9437b45678\" target=\"_blank\" rel=\"noopener\" data-saferedirecturl=\"https:\/\/www.google.com\/url?hl=es&amp;q=https:\/\/motoaldia.us16.list-manage.com\/track\/click?u%3D0ff1c4513642756090f69a52a%26id%3D7c275e952b%26e%3D9437b45678&amp;source=gmail&amp;ust=1510221810304000&amp;usg=AFQjCNGRjt1xPxmJ7IsQdYNT6-7-zx47TA\">aqu\u00ed<\/a>\u00a0todos los tiempos.<\/strong><\/p>\n<p><img loading=\"lazy\" decoding=\"async\" class=\"aligncenter size-full wp-image-23770\" src=\"http:\/\/www.curva1.com.ar\/wp-content\/uploads\/2017\/11\/unnamed.jpg\" alt=\"\" width=\"800\" height=\"533\" srcset=\"https:\/\/curva1.com.ar\/wp-content\/uploads\/2017\/11\/unnamed.jpg 800w, https:\/\/curva1.com.ar\/wp-content\/uploads\/2017\/11\/unnamed-506x337.jpg 506w, https:\/\/curva1.com.ar\/wp-content\/uploads\/2017\/11\/unnamed-768x512.jpg 768w\" sizes=\"auto, (max-width: 800px) 100vw, 800px\" \/><\/p>\n","protected":false},"excerpt":{"rendered":"<p>El mendocino\u00a0Lucas Vicino\u00a0cerr\u00f3 un gran fin de semana en San Juan, donde la\u00a0F\u00f3rmula Renault 2.0\u00a0disput\u00f3<\/p>\n","protected":false},"author":1,"featured_media":23767,"comment_status":"closed","ping_status":"closed","sticky":false,"template":"","format":"standard","meta":{"footnotes":""},"categories":[6],"tags":[],"class_list":["post-23766","post","type-post","status-publish","format-standard","has-post-thumbnail","hentry","category-nacionales"],"featured_image_urls":{"full":["https:\/\/curva1.com.ar\/wp-content\/uploads\/2017\/11\/0113.jpg",1600,900,false],"thumbnail":["https:\/\/curva1.com.ar\/wp-content\/uploads\/2017\/11\/0113-300x169.jpg",300,169,true],"medium":["https:\/\/curva1.com.ar\/wp-content\/uploads\/2017\/11\/0113-600x337.jpg",600,337,true],"medium_large":["https:\/\/curva1.com.ar\/wp-content\/uploads\/2017\/11\/0113-768x432.jpg",640,360,true],"large":["https:\/\/curva1.com.ar\/wp-content\/uploads\/2017\/11\/0113-1024x576.jpg",640,360,true],"1536x1536":["https:\/\/curva1.com.ar\/wp-content\/uploads\/2017\/11\/0113.jpg",1536,864,false],"2048x2048":["https:\/\/curva1.com.ar\/wp-content\/uploads\/2017\/11\/0113.jpg",1600,900,false],"chromenews-featured":["https:\/\/curva1.com.ar\/wp-content\/uploads\/2017\/11\/0113.jpg",1024,576,false],"chromenews-large":["https:\/\/curva1.com.ar\/wp-content\/uploads\/2017\/11\/0113.jpg",825,464,false],"chromenews-medium":["https:\/\/curva1.com.ar\/wp-content\/uploads\/2017\/11\/0113.jpg",590,332,false]},"author_info":{"display_name":"Jos\u00e9 Bravo","author_link":"https:\/\/curva1.com.ar\/?author=1"},"category_info":"<a href=\"https:\/\/curva1.com.ar\/?cat=6\" rel=\"category\">Nacionales<\/a>","tag_info":"Nacionales","comment_count":"0","yoast_head":"<!-- This site is optimized with the Yoast SEO Premium plugin v14.7 - https:\/\/yoast.com\/wordpress\/plugins\/seo\/ -->\n<title>Vicino hizo podio en la F\u00f3rmula Renault 2.0 en San Juan - Curva 1<\/title>\n<meta name=\"robots\" content=\"index, follow\" \/>\n<meta name=\"googlebot\" content=\"index, follow, max-snippet:-1, max-image-preview:large, max-video-preview:-1\" \/>\n<meta name=\"bingbot\" content=\"index, follow, max-snippet:-1, max-image-preview:large, max-video-preview:-1\" \/>\n<link rel=\"canonical\" href=\"https:\/\/curva1.com.ar\/?p=23766\" \/>\n<meta property=\"og:locale\" content=\"en_US\" \/>\n<meta property=\"og:type\" content=\"article\" \/>\n<meta property=\"og:title\" content=\"Vicino hizo podio en la F\u00f3rmula Renault 2.0 en San Juan - Curva 1\" \/>\n<meta property=\"og:description\" content=\"El mendocino\u00a0Lucas Vicino\u00a0cerr\u00f3 un gran fin de semana en San Juan, donde la\u00a0F\u00f3rmula Renault 2.0\u00a0disput\u00f3\" \/>\n<meta property=\"og:url\" content=\"https:\/\/curva1.com.ar\/?p=23766\" \/>\n<meta property=\"og:site_name\" content=\"Curva 1\" \/>\n<meta property=\"article:publisher\" content=\"https:\/\/www.facebook.com\/revistacurva1\/\" \/>\n<meta property=\"article:published_time\" content=\"2017-11-07T10:03:37+00:00\" \/>\n<meta property=\"article:modified_time\" content=\"2017-11-08T10:10:33+00:00\" \/>\n<meta property=\"og:image\" content=\"https:\/\/curva1.com.ar\/wp-content\/uploads\/2017\/11\/0113.jpg\" \/>\n\t<meta property=\"og:image:width\" content=\"1600\" \/>\n\t<meta property=\"og:image:height\" content=\"900\" \/>\n<meta property=\"fb:app_id\" content=\"1593067817533208\" \/>\n<meta name=\"twitter:card\" content=\"summary_large_image\" \/>\n<meta name=\"twitter:creator\" content=\"@curva1mendoza\" \/>\n<meta name=\"twitter:site\" content=\"@curva1mendoza\" \/>\n<script type=\"application\/ld+json\" class=\"yoast-schema-graph\">{\"@context\":\"https:\/\/schema.org\",\"@graph\":[{\"@type\":\"WebSite\",\"@id\":\"https:\/\/curva1.com.ar\/#website\",\"url\":\"https:\/\/curva1.com.ar\/\",\"name\":\"Curva 1\",\"description\":\"Automovilismo de Mendoza\",\"potentialAction\":[{\"@type\":\"SearchAction\",\"target\":\"https:\/\/curva1.com.ar\/?s={search_term_string}\",\"query-input\":\"required name=search_term_string\"}],\"inLanguage\":\"en-US\"},{\"@type\":\"ImageObject\",\"@id\":\"https:\/\/curva1.com.ar\/?p=23766#primaryimage\",\"inLanguage\":\"en-US\",\"url\":\"https:\/\/curva1.com.ar\/wp-content\/uploads\/2017\/11\/0113.jpg\",\"width\":1600,\"height\":900,\"caption\":\"VICINO (izquierda) FESTEJA SU SEGUNDO PUESTO EN EL ZONDA\"},{\"@type\":\"WebPage\",\"@id\":\"https:\/\/curva1.com.ar\/?p=23766#webpage\",\"url\":\"https:\/\/curva1.com.ar\/?p=23766\",\"name\":\"Vicino hizo podio en la F\\u00f3rmula Renault 2.0 en San Juan - Curva 1\",\"isPartOf\":{\"@id\":\"https:\/\/curva1.com.ar\/#website\"},\"primaryImageOfPage\":{\"@id\":\"https:\/\/curva1.com.ar\/?p=23766#primaryimage\"},\"datePublished\":\"2017-11-07T10:03:37+00:00\",\"dateModified\":\"2017-11-08T10:10:33+00:00\",\"author\":{\"@id\":\"https:\/\/curva1.com.ar\/#\/schema\/person\/f5fd12984d70df7314fbd9ab42f31033\"},\"inLanguage\":\"en-US\",\"potentialAction\":[{\"@type\":\"ReadAction\",\"target\":[\"https:\/\/curva1.com.ar\/?p=23766\"]}]},{\"@type\":[\"Person\"],\"@id\":\"https:\/\/curva1.com.ar\/#\/schema\/person\/f5fd12984d70df7314fbd9ab42f31033\",\"name\":\"Jos\\u00e9 Bravo\",\"image\":{\"@type\":\"ImageObject\",\"@id\":\"https:\/\/curva1.com.ar\/#personlogo\",\"inLanguage\":\"en-US\",\"url\":\"https:\/\/secure.gravatar.com\/avatar\/3ae0b1fdc6ddeb723a6e6c23609ed39de1d40a94b8112fd2c0c2032e2dabf28b?s=96&d=identicon&r=g\",\"caption\":\"Jos\\u00e9 Bravo\"}}]}<\/script>\n<!-- \/ Yoast SEO Premium plugin. -->","_links":{"self":[{"href":"https:\/\/curva1.com.ar\/index.php?rest_route=\/wp\/v2\/posts\/23766","targetHints":{"allow":["GET"]}}],"collection":[{"href":"https:\/\/curva1.com.ar\/index.php?rest_route=\/wp\/v2\/posts"}],"about":[{"href":"https:\/\/curva1.com.ar\/index.php?rest_route=\/wp\/v2\/types\/post"}],"author":[{"embeddable":true,"href":"https:\/\/curva1.com.ar\/index.php?rest_route=\/wp\/v2\/users\/1"}],"replies":[{"embeddable":true,"href":"https:\/\/curva1.com.ar\/index.php?rest_route=%2Fwp%2Fv2%2Fcomments&post=23766"}],"version-history":[{"count":3,"href":"https:\/\/curva1.com.ar\/index.php?rest_route=\/wp\/v2\/posts\/23766\/revisions"}],"predecessor-version":[{"id":23771,"href":"https:\/\/curva1.com.ar\/index.php?rest_route=\/wp\/v2\/posts\/23766\/revisions\/23771"}],"wp:featuredmedia":[{"embeddable":true,"href":"https:\/\/curva1.com.ar\/index.php?rest_route=\/wp\/v2\/media\/23767"}],"wp:attachment":[{"href":"https:\/\/curva1.com.ar\/index.php?rest_route=%2Fwp%2Fv2%2Fmedia&parent=23766"}],"wp:term":[{"taxonomy":"category","embeddable":true,"href":"https:\/\/curva1.com.ar\/index.php?rest_route=%2Fwp%2Fv2%2Fcategories&post=23766"},{"taxonomy":"post_tag","embeddable":true,"href":"https:\/\/curva1.com.ar\/index.php?rest_route=%2Fwp%2Fv2%2Ftags&post=23766"}],"curies":[{"name":"wp","href":"https:\/\/api.w.org\/{rel}","templated":true}]}}