{"id":23772,"date":"2017-11-07T07:10:49","date_gmt":"2017-11-07T10:10:49","guid":{"rendered":"http:\/\/www.curva1.com.ar\/?p=23772"},"modified":"2017-11-08T07:12:54","modified_gmt":"2017-11-08T10:12:54","slug":"llaver-fue-top-ten-en-el-super-tc2000-de-san-juan","status":"publish","type":"post","link":"https:\/\/curva1.com.ar\/?p=23772","title":{"rendered":"Llaver fue top ten en el S\u00faper TC2000 de San Juan"},"content":{"rendered":"<p><img loading=\"lazy\" decoding=\"async\" class=\"aligncenter size-full wp-image-23773\" src=\"http:\/\/www.curva1.com.ar\/wp-content\/uploads\/2017\/11\/unnamed-1.jpg\" alt=\"\" width=\"1980\" height=\"1318\" srcset=\"https:\/\/curva1.com.ar\/wp-content\/uploads\/2017\/11\/unnamed-1.jpg 1980w, https:\/\/curva1.com.ar\/wp-content\/uploads\/2017\/11\/unnamed-1-506x337.jpg 506w, https:\/\/curva1.com.ar\/wp-content\/uploads\/2017\/11\/unnamed-1-768x511.jpg 768w, https:\/\/curva1.com.ar\/wp-content\/uploads\/2017\/11\/unnamed-1-1024x682.jpg 1024w\" sizes=\"auto, (max-width: 1980px) 100vw, 1980px\" \/><\/p>\n<p>Bernardo Llaver culmin\u00f3 9\u00ba en la final de S\u00faper TC2000, que se disput\u00f3 en San Juan. Tras este resultado con el Chevrolet Cruze, qued\u00f3 5\u00ba en el campeonato.<\/p>\n<div>En el marco de la d\u00e9cima fecha del S\u00faper TC2000, que se disput\u00f3 en el aut\u00f3dromo &#8220;El Zonda &#8211; Eduardo Copello&#8221; de San Juan, Berni Llaver termin\u00f3 8\u00ba la final con el Chevrolet Cruze del Equipo YPF Chevrolet. El triunfo fue para Mariano Werner.<\/div>\n<div><\/div>\n<div>La competencia, pactada a 38 vueltas sobre el exigente circuito de 3.240 metros de extensi\u00f3n, lo tuvo al piloto de Mendoza entre los protagonistas. Si bien en el inicio se retras\u00f3 respecto a su posici\u00f3n de largada, y tras un toque con Esteban Guerrieri y Agust\u00edn Canapino en el cual se rompi\u00f3 la trompa, Berni complet\u00f3 un gran trabajo son su Chevrolet Cruze.<\/div>\n<div><\/div>\n<div>En las \u00faltimas vueltas pudo posicionarse nuevamente entre los diez primeros y lleg\u00f3 a pelear con Guerrieri por el 7\u00ba lugar, aunque no encontr\u00f3 el hueco para superarlo. Luego de m\u00e1s de 50 minutos de carrera, Llaver lleg\u00f3 en un positivo 8\u00ba puesto en pista, pero fue sancionado por el toque a Agust\u00edn y qued\u00f3 9\u00ba.<\/div>\n<div><\/div>\n<div>El paso por San Juan lo dej\u00f3 5\u00ba en el campeonato de S\u00faper TC2000, con 127,5 puntos. Es el piloto mejor posicionado del Equipo YPF Chevrolet.<\/div>\n<div><\/div>\n<div>La 11\u00aa fecha ser\u00e1 en General Roca, R\u00edo Negro, el 25 y 26 de noviembre.<\/div>\n<div><\/div>\n<div>Bernardo Llaver:\u00a0<b><i>&#8220;En el comienzo perd\u00ed algunas posiciones y luego tambi\u00e9n tuve un toque con Guerrieri, en el cual termino chocando a Canapino y se rompe la trompa. Ah\u00ed el objetivo fue llegar lo m\u00e1s adelante posible y sumar, y por las condiciones que estaba en mitad de carrera, culminar 9\u00ba fue muy bueno&#8221;.<\/i><\/b><\/div>\n<p><img loading=\"lazy\" decoding=\"async\" class=\"aligncenter size-full wp-image-23774\" src=\"http:\/\/www.curva1.com.ar\/wp-content\/uploads\/2017\/11\/unnamed-2.jpg\" alt=\"\" width=\"1919\" height=\"1219\" srcset=\"https:\/\/curva1.com.ar\/wp-content\/uploads\/2017\/11\/unnamed-2.jpg 1919w, https:\/\/curva1.com.ar\/wp-content\/uploads\/2017\/11\/unnamed-2-531x337.jpg 531w, https:\/\/curva1.com.ar\/wp-content\/uploads\/2017\/11\/unnamed-2-768x488.jpg 768w, https:\/\/curva1.com.ar\/wp-content\/uploads\/2017\/11\/unnamed-2-1024x650.jpg 1024w\" sizes=\"auto, (max-width: 1919px) 100vw, 1919px\" \/><\/p>\n","protected":false},"excerpt":{"rendered":"<p>Bernardo Llaver culmin\u00f3 9\u00ba en la final de S\u00faper TC2000, que se disput\u00f3 en San<\/p>\n","protected":false},"author":1,"featured_media":23773,"comment_status":"closed","ping_status":"closed","sticky":false,"template":"","format":"standard","meta":{"footnotes":""},"categories":[6],"tags":[],"class_list":["post-23772","post","type-post","status-publish","format-standard","has-post-thumbnail","hentry","category-nacionales"],"featured_image_urls":{"full":["https:\/\/curva1.com.ar\/wp-content\/uploads\/2017\/11\/unnamed-1.jpg",1980,1318,false],"thumbnail":["https:\/\/curva1.com.ar\/wp-content\/uploads\/2017\/11\/unnamed-1-300x169.jpg",300,169,true],"medium":["https:\/\/curva1.com.ar\/wp-content\/uploads\/2017\/11\/unnamed-1-506x337.jpg",506,337,true],"medium_large":["https:\/\/curva1.com.ar\/wp-content\/uploads\/2017\/11\/unnamed-1-768x511.jpg",640,426,true],"large":["https:\/\/curva1.com.ar\/wp-content\/uploads\/2017\/11\/unnamed-1-1024x682.jpg",640,426,true],"1536x1536":["https:\/\/curva1.com.ar\/wp-content\/uploads\/2017\/11\/unnamed-1.jpg",1536,1022,false],"2048x2048":["https:\/\/curva1.com.ar\/wp-content\/uploads\/2017\/11\/unnamed-1.jpg",1980,1318,false],"chromenews-featured":["https:\/\/curva1.com.ar\/wp-content\/uploads\/2017\/11\/unnamed-1.jpg",1024,682,false],"chromenews-large":["https:\/\/curva1.com.ar\/wp-content\/uploads\/2017\/11\/unnamed-1.jpg",825,549,false],"chromenews-medium":["https:\/\/curva1.com.ar\/wp-content\/uploads\/2017\/11\/unnamed-1.jpg",590,393,false]},"author_info":{"display_name":"Jos\u00e9 Bravo","author_link":"https:\/\/curva1.com.ar\/?author=1"},"category_info":"<a href=\"https:\/\/curva1.com.ar\/?cat=6\" rel=\"category\">Nacionales<\/a>","tag_info":"Nacionales","comment_count":"0","yoast_head":"<!-- This site is optimized with the Yoast SEO Premium plugin v14.7 - https:\/\/yoast.com\/wordpress\/plugins\/seo\/ -->\n<title>Llaver fue top ten en el S\u00faper TC2000 de San Juan - Curva 1<\/title>\n<meta name=\"robots\" content=\"index, follow\" \/>\n<meta name=\"googlebot\" content=\"index, follow, max-snippet:-1, max-image-preview:large, max-video-preview:-1\" \/>\n<meta name=\"bingbot\" content=\"index, follow, max-snippet:-1, max-image-preview:large, max-video-preview:-1\" \/>\n<link rel=\"canonical\" href=\"https:\/\/curva1.com.ar\/?p=23772\" \/>\n<meta property=\"og:locale\" content=\"en_US\" \/>\n<meta property=\"og:type\" content=\"article\" \/>\n<meta property=\"og:title\" content=\"Llaver fue top ten en el S\u00faper TC2000 de San Juan - Curva 1\" \/>\n<meta property=\"og:description\" content=\"Bernardo Llaver culmin\u00f3 9\u00ba en la final de S\u00faper TC2000, que se disput\u00f3 en San\" \/>\n<meta property=\"og:url\" content=\"https:\/\/curva1.com.ar\/?p=23772\" \/>\n<meta property=\"og:site_name\" content=\"Curva 1\" \/>\n<meta property=\"article:publisher\" content=\"https:\/\/www.facebook.com\/revistacurva1\/\" \/>\n<meta property=\"article:published_time\" content=\"2017-11-07T10:10:49+00:00\" \/>\n<meta property=\"article:modified_time\" content=\"2017-11-08T10:12:54+00:00\" \/>\n<meta property=\"og:image\" content=\"https:\/\/curva1.com.ar\/wp-content\/uploads\/2017\/11\/unnamed-1.jpg\" \/>\n\t<meta property=\"og:image:width\" content=\"1980\" \/>\n\t<meta property=\"og:image:height\" content=\"1318\" \/>\n<meta property=\"fb:app_id\" content=\"1593067817533208\" \/>\n<meta name=\"twitter:card\" content=\"summary_large_image\" \/>\n<meta name=\"twitter:creator\" content=\"@curva1mendoza\" \/>\n<meta name=\"twitter:site\" content=\"@curva1mendoza\" \/>\n<script type=\"application\/ld+json\" class=\"yoast-schema-graph\">{\"@context\":\"https:\/\/schema.org\",\"@graph\":[{\"@type\":\"WebSite\",\"@id\":\"https:\/\/curva1.com.ar\/#website\",\"url\":\"https:\/\/curva1.com.ar\/\",\"name\":\"Curva 1\",\"description\":\"Automovilismo de Mendoza\",\"potentialAction\":[{\"@type\":\"SearchAction\",\"target\":\"https:\/\/curva1.com.ar\/?s={search_term_string}\",\"query-input\":\"required name=search_term_string\"}],\"inLanguage\":\"en-US\"},{\"@type\":\"ImageObject\",\"@id\":\"https:\/\/curva1.com.ar\/?p=23772#primaryimage\",\"inLanguage\":\"en-US\",\"url\":\"https:\/\/curva1.com.ar\/wp-content\/uploads\/2017\/11\/unnamed-1.jpg\",\"width\":1980,\"height\":1318},{\"@type\":\"WebPage\",\"@id\":\"https:\/\/curva1.com.ar\/?p=23772#webpage\",\"url\":\"https:\/\/curva1.com.ar\/?p=23772\",\"name\":\"Llaver fue top ten en el S\\u00faper TC2000 de San Juan - Curva 1\",\"isPartOf\":{\"@id\":\"https:\/\/curva1.com.ar\/#website\"},\"primaryImageOfPage\":{\"@id\":\"https:\/\/curva1.com.ar\/?p=23772#primaryimage\"},\"datePublished\":\"2017-11-07T10:10:49+00:00\",\"dateModified\":\"2017-11-08T10:12:54+00:00\",\"author\":{\"@id\":\"https:\/\/curva1.com.ar\/#\/schema\/person\/f5fd12984d70df7314fbd9ab42f31033\"},\"inLanguage\":\"en-US\",\"potentialAction\":[{\"@type\":\"ReadAction\",\"target\":[\"https:\/\/curva1.com.ar\/?p=23772\"]}]},{\"@type\":[\"Person\"],\"@id\":\"https:\/\/curva1.com.ar\/#\/schema\/person\/f5fd12984d70df7314fbd9ab42f31033\",\"name\":\"Jos\\u00e9 Bravo\",\"image\":{\"@type\":\"ImageObject\",\"@id\":\"https:\/\/curva1.com.ar\/#personlogo\",\"inLanguage\":\"en-US\",\"url\":\"https:\/\/secure.gravatar.com\/avatar\/3ae0b1fdc6ddeb723a6e6c23609ed39de1d40a94b8112fd2c0c2032e2dabf28b?s=96&d=identicon&r=g\",\"caption\":\"Jos\\u00e9 Bravo\"}}]}<\/script>\n<!-- \/ Yoast SEO Premium plugin. -->","_links":{"self":[{"href":"https:\/\/curva1.com.ar\/index.php?rest_route=\/wp\/v2\/posts\/23772","targetHints":{"allow":["GET"]}}],"collection":[{"href":"https:\/\/curva1.com.ar\/index.php?rest_route=\/wp\/v2\/posts"}],"about":[{"href":"https:\/\/curva1.com.ar\/index.php?rest_route=\/wp\/v2\/types\/post"}],"author":[{"embeddable":true,"href":"https:\/\/curva1.com.ar\/index.php?rest_route=\/wp\/v2\/users\/1"}],"replies":[{"embeddable":true,"href":"https:\/\/curva1.com.ar\/index.php?rest_route=%2Fwp%2Fv2%2Fcomments&post=23772"}],"version-history":[{"count":1,"href":"https:\/\/curva1.com.ar\/index.php?rest_route=\/wp\/v2\/posts\/23772\/revisions"}],"predecessor-version":[{"id":23775,"href":"https:\/\/curva1.com.ar\/index.php?rest_route=\/wp\/v2\/posts\/23772\/revisions\/23775"}],"wp:featuredmedia":[{"embeddable":true,"href":"https:\/\/curva1.com.ar\/index.php?rest_route=\/wp\/v2\/media\/23773"}],"wp:attachment":[{"href":"https:\/\/curva1.com.ar\/index.php?rest_route=%2Fwp%2Fv2%2Fmedia&parent=23772"}],"wp:term":[{"taxonomy":"category","embeddable":true,"href":"https:\/\/curva1.com.ar\/index.php?rest_route=%2Fwp%2Fv2%2Fcategories&post=23772"},{"taxonomy":"post_tag","embeddable":true,"href":"https:\/\/curva1.com.ar\/index.php?rest_route=%2Fwp%2Fv2%2Ftags&post=23772"}],"curies":[{"name":"wp","href":"https:\/\/api.w.org\/{rel}","templated":true}]}}