{"id":23777,"date":"2017-11-24T02:08:55","date_gmt":"2017-11-24T05:08:55","guid":{"rendered":"http:\/\/www.curva1.com.ar\/?p=23777"},"modified":"2017-11-24T02:08:55","modified_gmt":"2017-11-24T05:08:55","slug":"vicino-probara-un-super-tc2000-del-equipo-fiat-petronas","status":"publish","type":"post","link":"https:\/\/curva1.com.ar\/?p=23777","title":{"rendered":"Vicino probar\u00e1 un S\u00faper TC2000 del equipo Fiat Petronas"},"content":{"rendered":"<p><img loading=\"lazy\" decoding=\"async\" class=\"aligncenter size-full wp-image-23778\" src=\"http:\/\/www.curva1.com.ar\/wp-content\/uploads\/2017\/11\/unnamed-3.jpg\" alt=\"\" width=\"968\" height=\"601\" srcset=\"https:\/\/curva1.com.ar\/wp-content\/uploads\/2017\/11\/unnamed-3.jpg 968w, https:\/\/curva1.com.ar\/wp-content\/uploads\/2017\/11\/unnamed-3-543x337.jpg 543w, https:\/\/curva1.com.ar\/wp-content\/uploads\/2017\/11\/unnamed-3-768x477.jpg 768w\" sizes=\"auto, (max-width: 968px) 100vw, 968px\" \/><\/p>\n<div>Lucas Vicino\u00a0ya est\u00e1 en General Roca (R\u00edo Negro) para disputar una nueva fecha de la\u00a0F\u00f3rmula Renault 2.0 y llega muy entonado luego de sus destacadas actuaciones en El Zonda de San Juan, donde incluso subi\u00f3 al podio en la carrera sabatina.<\/p>\n<p>El piloto del LR Team hoy ocupa la 15\u00aa posici\u00f3n del certamen con 136 puntos; mientras que el l\u00edder es Hern\u00e1n Palazzo con 297 unidades.\u00a0Vicino ya conoce este circuito, por lo cual intentar\u00e1 hacer un buen papel con su unidad, y de esa manera seguir sumando experiencia en su primera temporada en la divisional.<\/p>\n<p>&#8220;S\u00f3lo espero andar bien, sobre todo en el primer sector del circuito, que fue el que m\u00e1s me cost\u00f3 la fecha anterior que corrimos all\u00ed. Los autos funcionan muy bien y yo estoy en pleno aprendizaje, por lo cual no me desespero Trabajaremos mucho en la puesta a punto, la cual ser\u00e1 fundamental para seguir peleando adelante&#8221;, manifest\u00f3 el piloto de Las Heras, a lo que agreg\u00f3: &#8220;Estoy muy agradecido a Peluche C\u00e1ceres y todo el equipo Fiat Petronas por haber confiado en mi e invitarme a probar uno de sus autos de S\u00faper TC 2000. Aprovechar\u00e9 al m\u00e1ximo la experiencia y tratar\u00e9 de disfrutar el momento&#8221;.<\/p>\n<p>La actividad en el trazado rionegrino arrancar\u00e1 este viernes, con las pruebas libres comunitarias. El s\u00e1bado, la acci\u00f3n continuar\u00e1 con los entrenamientos, las pruebas de clasificaci\u00f3n y la primera final del fin de semana, desde las 14.20 a 16 vueltas. Mientras que el domingo se llevar\u00e1 a cabo la segunda competencia, a partir de las 10.50, tambi\u00e9n a 16 giros.\n<\/p><\/div>\n<div>Pero no ser\u00e1 un fin de semana m\u00e1s para el piloto mendocino, ya que volver\u00e1n a probar los pilotos tester del S\u00faper TC 2000 y para la misma el Fiat Petronas design\u00f3 a Lucas Vicino como uno de sus invitados, quien tendr\u00e1 la oportunidad de salir a pista con el Linea de Emmanuel C\u00e1ceres, el s\u00e1bado a partir de las 8.30 con dos grupos de 10 minutos cada uno.<\/div>\n","protected":false},"excerpt":{"rendered":"<p>Lucas Vicino\u00a0ya est\u00e1 en General Roca (R\u00edo Negro) para disputar una nueva fecha de la\u00a0F\u00f3rmula<\/p>\n","protected":false},"author":1,"featured_media":23778,"comment_status":"closed","ping_status":"closed","sticky":false,"template":"","format":"standard","meta":{"footnotes":""},"categories":[6],"tags":[],"class_list":["post-23777","post","type-post","status-publish","format-standard","has-post-thumbnail","hentry","category-nacionales"],"featured_image_urls":{"full":["https:\/\/curva1.com.ar\/wp-content\/uploads\/2017\/11\/unnamed-3.jpg",968,601,false],"thumbnail":["https:\/\/curva1.com.ar\/wp-content\/uploads\/2017\/11\/unnamed-3-300x169.jpg",300,169,true],"medium":["https:\/\/curva1.com.ar\/wp-content\/uploads\/2017\/11\/unnamed-3-543x337.jpg",543,337,true],"medium_large":["https:\/\/curva1.com.ar\/wp-content\/uploads\/2017\/11\/unnamed-3-768x477.jpg",640,398,true],"large":["https:\/\/curva1.com.ar\/wp-content\/uploads\/2017\/11\/unnamed-3.jpg",640,397,false],"1536x1536":["https:\/\/curva1.com.ar\/wp-content\/uploads\/2017\/11\/unnamed-3.jpg",968,601,false],"2048x2048":["https:\/\/curva1.com.ar\/wp-content\/uploads\/2017\/11\/unnamed-3.jpg",968,601,false],"chromenews-featured":["https:\/\/curva1.com.ar\/wp-content\/uploads\/2017\/11\/unnamed-3.jpg",968,601,false],"chromenews-large":["https:\/\/curva1.com.ar\/wp-content\/uploads\/2017\/11\/unnamed-3.jpg",825,512,false],"chromenews-medium":["https:\/\/curva1.com.ar\/wp-content\/uploads\/2017\/11\/unnamed-3.jpg",590,366,false]},"author_info":{"display_name":"Jos\u00e9 Bravo","author_link":"https:\/\/curva1.com.ar\/?author=1"},"category_info":"<a href=\"https:\/\/curva1.com.ar\/?cat=6\" rel=\"category\">Nacionales<\/a>","tag_info":"Nacionales","comment_count":"0","yoast_head":"<!-- This site is optimized with the Yoast SEO Premium plugin v14.7 - https:\/\/yoast.com\/wordpress\/plugins\/seo\/ -->\n<title>Vicino probar\u00e1 un S\u00faper TC2000 del equipo Fiat Petronas - Curva 1<\/title>\n<meta name=\"robots\" content=\"index, follow\" \/>\n<meta name=\"googlebot\" content=\"index, follow, max-snippet:-1, max-image-preview:large, max-video-preview:-1\" \/>\n<meta name=\"bingbot\" content=\"index, follow, max-snippet:-1, max-image-preview:large, max-video-preview:-1\" \/>\n<link rel=\"canonical\" href=\"https:\/\/curva1.com.ar\/?p=23777\" \/>\n<meta property=\"og:locale\" content=\"en_US\" \/>\n<meta property=\"og:type\" content=\"article\" \/>\n<meta property=\"og:title\" content=\"Vicino probar\u00e1 un S\u00faper TC2000 del equipo Fiat Petronas - Curva 1\" \/>\n<meta property=\"og:description\" content=\"Lucas Vicino\u00a0ya est\u00e1 en General Roca (R\u00edo Negro) para disputar una nueva fecha de la\u00a0F\u00f3rmula\" \/>\n<meta property=\"og:url\" content=\"https:\/\/curva1.com.ar\/?p=23777\" \/>\n<meta property=\"og:site_name\" content=\"Curva 1\" \/>\n<meta property=\"article:publisher\" content=\"https:\/\/www.facebook.com\/revistacurva1\/\" \/>\n<meta property=\"article:published_time\" content=\"2017-11-24T05:08:55+00:00\" \/>\n<meta property=\"og:image\" content=\"https:\/\/curva1.com.ar\/wp-content\/uploads\/2017\/11\/unnamed-3.jpg\" \/>\n\t<meta property=\"og:image:width\" content=\"968\" \/>\n\t<meta property=\"og:image:height\" content=\"601\" \/>\n<meta property=\"fb:app_id\" content=\"1593067817533208\" \/>\n<meta name=\"twitter:card\" content=\"summary_large_image\" \/>\n<meta name=\"twitter:creator\" content=\"@curva1mendoza\" \/>\n<meta name=\"twitter:site\" content=\"@curva1mendoza\" \/>\n<script type=\"application\/ld+json\" class=\"yoast-schema-graph\">{\"@context\":\"https:\/\/schema.org\",\"@graph\":[{\"@type\":\"WebSite\",\"@id\":\"https:\/\/curva1.com.ar\/#website\",\"url\":\"https:\/\/curva1.com.ar\/\",\"name\":\"Curva 1\",\"description\":\"Automovilismo de Mendoza\",\"potentialAction\":[{\"@type\":\"SearchAction\",\"target\":\"https:\/\/curva1.com.ar\/?s={search_term_string}\",\"query-input\":\"required name=search_term_string\"}],\"inLanguage\":\"en-US\"},{\"@type\":\"ImageObject\",\"@id\":\"https:\/\/curva1.com.ar\/?p=23777#primaryimage\",\"inLanguage\":\"en-US\",\"url\":\"https:\/\/curva1.com.ar\/wp-content\/uploads\/2017\/11\/unnamed-3.jpg\",\"width\":968,\"height\":601},{\"@type\":\"WebPage\",\"@id\":\"https:\/\/curva1.com.ar\/?p=23777#webpage\",\"url\":\"https:\/\/curva1.com.ar\/?p=23777\",\"name\":\"Vicino probar\\u00e1 un S\\u00faper TC2000 del equipo Fiat Petronas - Curva 1\",\"isPartOf\":{\"@id\":\"https:\/\/curva1.com.ar\/#website\"},\"primaryImageOfPage\":{\"@id\":\"https:\/\/curva1.com.ar\/?p=23777#primaryimage\"},\"datePublished\":\"2017-11-24T05:08:55+00:00\",\"dateModified\":\"2017-11-24T05:08:55+00:00\",\"author\":{\"@id\":\"https:\/\/curva1.com.ar\/#\/schema\/person\/f5fd12984d70df7314fbd9ab42f31033\"},\"inLanguage\":\"en-US\",\"potentialAction\":[{\"@type\":\"ReadAction\",\"target\":[\"https:\/\/curva1.com.ar\/?p=23777\"]}]},{\"@type\":[\"Person\"],\"@id\":\"https:\/\/curva1.com.ar\/#\/schema\/person\/f5fd12984d70df7314fbd9ab42f31033\",\"name\":\"Jos\\u00e9 Bravo\",\"image\":{\"@type\":\"ImageObject\",\"@id\":\"https:\/\/curva1.com.ar\/#personlogo\",\"inLanguage\":\"en-US\",\"url\":\"https:\/\/secure.gravatar.com\/avatar\/3ae0b1fdc6ddeb723a6e6c23609ed39de1d40a94b8112fd2c0c2032e2dabf28b?s=96&d=identicon&r=g\",\"caption\":\"Jos\\u00e9 Bravo\"}}]}<\/script>\n<!-- \/ Yoast SEO Premium plugin. -->","_links":{"self":[{"href":"https:\/\/curva1.com.ar\/index.php?rest_route=\/wp\/v2\/posts\/23777","targetHints":{"allow":["GET"]}}],"collection":[{"href":"https:\/\/curva1.com.ar\/index.php?rest_route=\/wp\/v2\/posts"}],"about":[{"href":"https:\/\/curva1.com.ar\/index.php?rest_route=\/wp\/v2\/types\/post"}],"author":[{"embeddable":true,"href":"https:\/\/curva1.com.ar\/index.php?rest_route=\/wp\/v2\/users\/1"}],"replies":[{"embeddable":true,"href":"https:\/\/curva1.com.ar\/index.php?rest_route=%2Fwp%2Fv2%2Fcomments&post=23777"}],"version-history":[{"count":1,"href":"https:\/\/curva1.com.ar\/index.php?rest_route=\/wp\/v2\/posts\/23777\/revisions"}],"predecessor-version":[{"id":23779,"href":"https:\/\/curva1.com.ar\/index.php?rest_route=\/wp\/v2\/posts\/23777\/revisions\/23779"}],"wp:featuredmedia":[{"embeddable":true,"href":"https:\/\/curva1.com.ar\/index.php?rest_route=\/wp\/v2\/media\/23778"}],"wp:attachment":[{"href":"https:\/\/curva1.com.ar\/index.php?rest_route=%2Fwp%2Fv2%2Fmedia&parent=23777"}],"wp:term":[{"taxonomy":"category","embeddable":true,"href":"https:\/\/curva1.com.ar\/index.php?rest_route=%2Fwp%2Fv2%2Fcategories&post=23777"},{"taxonomy":"post_tag","embeddable":true,"href":"https:\/\/curva1.com.ar\/index.php?rest_route=%2Fwp%2Fv2%2Ftags&post=23777"}],"curies":[{"name":"wp","href":"https:\/\/api.w.org\/{rel}","templated":true}]}}