{"id":23780,"date":"2017-11-24T00:12:49","date_gmt":"2017-11-24T03:12:49","guid":{"rendered":"http:\/\/www.curva1.com.ar\/?p=23780"},"modified":"2017-11-24T02:15:02","modified_gmt":"2017-11-24T05:15:02","slug":"berni-quiere-seguir-peleando-el-campeonato-de-stc2000","status":"publish","type":"post","link":"https:\/\/curva1.com.ar\/?p=23780","title":{"rendered":"Berni quiere seguir peleando el campeonato de STC2000"},"content":{"rendered":"<p><img loading=\"lazy\" decoding=\"async\" class=\"aligncenter size-full wp-image-23781\" src=\"http:\/\/www.curva1.com.ar\/wp-content\/uploads\/2017\/11\/unnamed-1-1.jpg\" alt=\"\" width=\"1980\" height=\"1281\" srcset=\"https:\/\/curva1.com.ar\/wp-content\/uploads\/2017\/11\/unnamed-1-1.jpg 1980w, https:\/\/curva1.com.ar\/wp-content\/uploads\/2017\/11\/unnamed-1-1-521x337.jpg 521w, https:\/\/curva1.com.ar\/wp-content\/uploads\/2017\/11\/unnamed-1-1-768x497.jpg 768w, https:\/\/curva1.com.ar\/wp-content\/uploads\/2017\/11\/unnamed-1-1-1024x662.jpg 1024w\" sizes=\"auto, (max-width: 1980px) 100vw, 1980px\" \/><\/p>\n<p>Este fin de semana, en General Roca, se correr\u00e1 la pen\u00faltima fecha del S\u00faper TC2000 y Berni Llaver buscar\u00e1 pelear adelante con el Chevrolet Cruze para seguir con posibilidades de ser campe\u00f3n.<\/p>\n<div>Berni Llaver espera por el arranque de la 11\u00aa fecha del S\u00faper TC2000, que se llevar\u00e1 a cabo en el aut\u00f3dromo &#8220;Parque Ciudad de General Roca&#8221;, provincia de R\u00edo Negro. Entre s\u00e1bado y domingo, tratar\u00e1 de sumar fuerte para mantenerse como candidato al t\u00edtulo.<\/div>\n<div><\/div>\n<div>El piloto de Mendoza, miembro del Equipo YPF Chevrolet, viene de culminar 9\u00b0 en San Juan y este fin de semana necesita de un gran resultado para achicar la brecha en el campeonato. Todav\u00eda restan 72 unidades en juego entre Roca y la \u00faltima fecha en Alta Gracia, C\u00f3rdoba, y Berni est\u00e1 5\u00b0 en la tabla con 127,5, a 46,5 del l\u00edder Facundo Ardusso. Apostar\u00e1 al buen funcionamiento que viene mostrando el Chevrolet Cruze N\u00b0 2 para cumplir con su cometido.<\/div>\n<div><\/div>\n<div>El trazado rionegrino es corto, tiene una extensi\u00f3n de 3.625 metros y cuenta con pocos lugares para el sobrepaso. La categor\u00eda lo visit\u00f3 a principios de noviembre de 2016, realizando dos competencias, y Llaver fue 3\u00b0 en la segunda.<\/div>\n<div><\/div>\n<div>La actividad comenzar\u00e1 el s\u00e1bado con los entrenamientos, la clasificaci\u00f3n y la carrera clasificatoria que definir\u00e1 la grilla de partida para la final del domingo. Despu\u00e9s de la clasificaci\u00f3n, nuevamente se aplicar\u00e1 el sistema de penalizaciones por h\u00e1ndicap. El mendocino retroceder\u00e1 4 puestos.<\/div>\n<div><\/div>\n<div>Berni Llaver:\u00a0<b><i>&#8220;Llega la pen\u00faltima fecha del a\u00f1o, con buenas posibilidades de pelear arriba, con un muy buen rendimiento del auto y el objetivo de seguir con chances en el campeonato. Sabemos que los puntos respecto al primero son muchos, pero mientras exista la posibilidad, vamos a pelearla. Obviamente el objetivo en esta carrera, al penalizar, es intentar avanzar y terminar delante de los que est\u00e1n por encima nuestro en el campeonato&#8221;.<\/i><\/b><\/div>\n","protected":false},"excerpt":{"rendered":"<p>Este fin de semana, en General Roca, se correr\u00e1 la pen\u00faltima fecha del S\u00faper TC2000<\/p>\n","protected":false},"author":1,"featured_media":23781,"comment_status":"closed","ping_status":"closed","sticky":false,"template":"","format":"standard","meta":{"footnotes":""},"categories":[6],"tags":[],"class_list":["post-23780","post","type-post","status-publish","format-standard","has-post-thumbnail","hentry","category-nacionales"],"featured_image_urls":{"full":["https:\/\/curva1.com.ar\/wp-content\/uploads\/2017\/11\/unnamed-1-1.jpg",1980,1281,false],"thumbnail":["https:\/\/curva1.com.ar\/wp-content\/uploads\/2017\/11\/unnamed-1-1-300x169.jpg",300,169,true],"medium":["https:\/\/curva1.com.ar\/wp-content\/uploads\/2017\/11\/unnamed-1-1-521x337.jpg",521,337,true],"medium_large":["https:\/\/curva1.com.ar\/wp-content\/uploads\/2017\/11\/unnamed-1-1-768x497.jpg",640,414,true],"large":["https:\/\/curva1.com.ar\/wp-content\/uploads\/2017\/11\/unnamed-1-1-1024x662.jpg",640,414,true],"1536x1536":["https:\/\/curva1.com.ar\/wp-content\/uploads\/2017\/11\/unnamed-1-1.jpg",1536,994,false],"2048x2048":["https:\/\/curva1.com.ar\/wp-content\/uploads\/2017\/11\/unnamed-1-1.jpg",1980,1281,false],"chromenews-featured":["https:\/\/curva1.com.ar\/wp-content\/uploads\/2017\/11\/unnamed-1-1.jpg",1024,662,false],"chromenews-large":["https:\/\/curva1.com.ar\/wp-content\/uploads\/2017\/11\/unnamed-1-1.jpg",825,534,false],"chromenews-medium":["https:\/\/curva1.com.ar\/wp-content\/uploads\/2017\/11\/unnamed-1-1.jpg",590,382,false]},"author_info":{"display_name":"Jos\u00e9 Bravo","author_link":"https:\/\/curva1.com.ar\/?author=1"},"category_info":"<a href=\"https:\/\/curva1.com.ar\/?cat=6\" rel=\"category\">Nacionales<\/a>","tag_info":"Nacionales","comment_count":"0","yoast_head":"<!-- This site is optimized with the Yoast SEO Premium plugin v14.7 - https:\/\/yoast.com\/wordpress\/plugins\/seo\/ -->\n<title>Berni quiere seguir peleando el campeonato de STC2000 - Curva 1<\/title>\n<meta name=\"robots\" content=\"index, follow\" \/>\n<meta name=\"googlebot\" content=\"index, follow, max-snippet:-1, max-image-preview:large, max-video-preview:-1\" \/>\n<meta name=\"bingbot\" content=\"index, follow, max-snippet:-1, max-image-preview:large, max-video-preview:-1\" \/>\n<link rel=\"canonical\" href=\"https:\/\/curva1.com.ar\/?p=23780\" \/>\n<meta property=\"og:locale\" content=\"en_US\" \/>\n<meta property=\"og:type\" content=\"article\" \/>\n<meta property=\"og:title\" content=\"Berni quiere seguir peleando el campeonato de STC2000 - Curva 1\" \/>\n<meta property=\"og:description\" content=\"Este fin de semana, en General Roca, se correr\u00e1 la pen\u00faltima fecha del S\u00faper TC2000\" \/>\n<meta property=\"og:url\" content=\"https:\/\/curva1.com.ar\/?p=23780\" \/>\n<meta property=\"og:site_name\" content=\"Curva 1\" \/>\n<meta property=\"article:publisher\" content=\"https:\/\/www.facebook.com\/revistacurva1\/\" \/>\n<meta property=\"article:published_time\" content=\"2017-11-24T03:12:49+00:00\" \/>\n<meta property=\"article:modified_time\" content=\"2017-11-24T05:15:02+00:00\" \/>\n<meta property=\"og:image\" content=\"https:\/\/curva1.com.ar\/wp-content\/uploads\/2017\/11\/unnamed-1-1.jpg\" \/>\n\t<meta property=\"og:image:width\" content=\"1980\" \/>\n\t<meta property=\"og:image:height\" content=\"1281\" \/>\n<meta property=\"fb:app_id\" content=\"1593067817533208\" \/>\n<meta name=\"twitter:card\" content=\"summary_large_image\" \/>\n<meta name=\"twitter:creator\" content=\"@curva1mendoza\" \/>\n<meta name=\"twitter:site\" content=\"@curva1mendoza\" \/>\n<script type=\"application\/ld+json\" class=\"yoast-schema-graph\">{\"@context\":\"https:\/\/schema.org\",\"@graph\":[{\"@type\":\"WebSite\",\"@id\":\"https:\/\/curva1.com.ar\/#website\",\"url\":\"https:\/\/curva1.com.ar\/\",\"name\":\"Curva 1\",\"description\":\"Automovilismo de Mendoza\",\"potentialAction\":[{\"@type\":\"SearchAction\",\"target\":\"https:\/\/curva1.com.ar\/?s={search_term_string}\",\"query-input\":\"required name=search_term_string\"}],\"inLanguage\":\"en-US\"},{\"@type\":\"ImageObject\",\"@id\":\"https:\/\/curva1.com.ar\/?p=23780#primaryimage\",\"inLanguage\":\"en-US\",\"url\":\"https:\/\/curva1.com.ar\/wp-content\/uploads\/2017\/11\/unnamed-1-1.jpg\",\"width\":1980,\"height\":1281},{\"@type\":\"WebPage\",\"@id\":\"https:\/\/curva1.com.ar\/?p=23780#webpage\",\"url\":\"https:\/\/curva1.com.ar\/?p=23780\",\"name\":\"Berni quiere seguir peleando el campeonato de STC2000 - Curva 1\",\"isPartOf\":{\"@id\":\"https:\/\/curva1.com.ar\/#website\"},\"primaryImageOfPage\":{\"@id\":\"https:\/\/curva1.com.ar\/?p=23780#primaryimage\"},\"datePublished\":\"2017-11-24T03:12:49+00:00\",\"dateModified\":\"2017-11-24T05:15:02+00:00\",\"author\":{\"@id\":\"https:\/\/curva1.com.ar\/#\/schema\/person\/f5fd12984d70df7314fbd9ab42f31033\"},\"inLanguage\":\"en-US\",\"potentialAction\":[{\"@type\":\"ReadAction\",\"target\":[\"https:\/\/curva1.com.ar\/?p=23780\"]}]},{\"@type\":[\"Person\"],\"@id\":\"https:\/\/curva1.com.ar\/#\/schema\/person\/f5fd12984d70df7314fbd9ab42f31033\",\"name\":\"Jos\\u00e9 Bravo\",\"image\":{\"@type\":\"ImageObject\",\"@id\":\"https:\/\/curva1.com.ar\/#personlogo\",\"inLanguage\":\"en-US\",\"url\":\"https:\/\/secure.gravatar.com\/avatar\/3ae0b1fdc6ddeb723a6e6c23609ed39de1d40a94b8112fd2c0c2032e2dabf28b?s=96&d=identicon&r=g\",\"caption\":\"Jos\\u00e9 Bravo\"}}]}<\/script>\n<!-- \/ Yoast SEO Premium plugin. -->","_links":{"self":[{"href":"https:\/\/curva1.com.ar\/index.php?rest_route=\/wp\/v2\/posts\/23780","targetHints":{"allow":["GET"]}}],"collection":[{"href":"https:\/\/curva1.com.ar\/index.php?rest_route=\/wp\/v2\/posts"}],"about":[{"href":"https:\/\/curva1.com.ar\/index.php?rest_route=\/wp\/v2\/types\/post"}],"author":[{"embeddable":true,"href":"https:\/\/curva1.com.ar\/index.php?rest_route=\/wp\/v2\/users\/1"}],"replies":[{"embeddable":true,"href":"https:\/\/curva1.com.ar\/index.php?rest_route=%2Fwp%2Fv2%2Fcomments&post=23780"}],"version-history":[{"count":1,"href":"https:\/\/curva1.com.ar\/index.php?rest_route=\/wp\/v2\/posts\/23780\/revisions"}],"predecessor-version":[{"id":23782,"href":"https:\/\/curva1.com.ar\/index.php?rest_route=\/wp\/v2\/posts\/23780\/revisions\/23782"}],"wp:featuredmedia":[{"embeddable":true,"href":"https:\/\/curva1.com.ar\/index.php?rest_route=\/wp\/v2\/media\/23781"}],"wp:attachment":[{"href":"https:\/\/curva1.com.ar\/index.php?rest_route=%2Fwp%2Fv2%2Fmedia&parent=23780"}],"wp:term":[{"taxonomy":"category","embeddable":true,"href":"https:\/\/curva1.com.ar\/index.php?rest_route=%2Fwp%2Fv2%2Fcategories&post=23780"},{"taxonomy":"post_tag","embeddable":true,"href":"https:\/\/curva1.com.ar\/index.php?rest_route=%2Fwp%2Fv2%2Ftags&post=23780"}],"curies":[{"name":"wp","href":"https:\/\/api.w.org\/{rel}","templated":true}]}}