{"id":23793,"date":"2017-11-20T13:43:20","date_gmt":"2017-11-20T16:43:20","guid":{"rendered":"http:\/\/www.curva1.com.ar\/?p=23793"},"modified":"2017-11-24T13:46:52","modified_gmt":"2017-11-24T16:46:52","slug":"santero-llego-29o-en-una-final-enredada-del-tc","status":"publish","type":"post","link":"https:\/\/curva1.com.ar\/?p=23793","title":{"rendered":"Santero lleg\u00f3 29\u00ba en una final enredada del TC"},"content":{"rendered":"<p><img loading=\"lazy\" decoding=\"async\" class=\"aligncenter size-full wp-image-23794\" src=\"http:\/\/www.curva1.com.ar\/wp-content\/uploads\/2017\/11\/JS_Dom_Com1.jpg\" alt=\"\" width=\"960\" height=\"640\" srcset=\"https:\/\/curva1.com.ar\/wp-content\/uploads\/2017\/11\/JS_Dom_Com1.jpg 960w, https:\/\/curva1.com.ar\/wp-content\/uploads\/2017\/11\/JS_Dom_Com1-506x337.jpg 506w, https:\/\/curva1.com.ar\/wp-content\/uploads\/2017\/11\/JS_Dom_Com1-768x512.jpg 768w\" sizes=\"auto, (max-width: 960px) 100vw, 960px\" \/><\/p>\n<p>En un domingo enredado por distintas situaciones de carrera, Juli\u00e1n Santero s\u00f3lo pudo conformarse con ver la bandera cuadriculada en la 29na posici\u00f3n en lo que fue la competencia final de la 14ta fecha del a\u00f1o del Turismo Carretera, disputada en el aut\u00f3dromo de la ciudad de Comodoro Rivadavia. As\u00ed, el de Mendoza espera por La Plata para cerrar el a\u00f1o de la mejor forma.<\/p>\n<p>Largando en la 2da serie desde la 9na ubicaci\u00f3n, Juli\u00e1n mostr\u00f3 un buen rendimiento del Torino preparado por el Coiro Dole Racing, que le permiti\u00f3 avanzar hasta el 7mo lugar promediando el parcial. Sin embargo, una falla en la bomba de combustible en los giros finales lo hizo retrasar nuevamente, y lo devolvi\u00f3 a la 9na ubicaci\u00f3n en la cual hab\u00eda largado para llegar a la bandera cuadriculada. As\u00ed, Santero larg\u00f3 la final desde la 27ma colocaci\u00f3n, y tras mantenerse en los primeros giros, sufri\u00f3 un toque de atr\u00e1s al pararse el motor por una falla el\u00e9ctrica. All\u00ed perdi\u00f3 varios puestos cayendo del pelot\u00f3n de los 30, y adem\u00e1s se da\u00f1\u00f3 el aler\u00f3n trasero del Torino. Producto de ello con una ida de cola importante, no pudo avanzar lo esperado y as\u00ed apost\u00f3 a mantenerse en pista, ascendiendo en el clasificador algunos pocos puestos para completar los 30 giros de carrera en el 29no puesto final. Josito Di Palma (Torino) se qued\u00f3 con el triunfo.<\/p>\n<p><strong>\u201cUn domingo que se fue enredando y que no nos permiti\u00f3 terminar de mostrar las mejoras que hab\u00edamos tenido en el auto. Ya para la serie dimos un salto importante que nos permiti\u00f3 ganar algunos puestos, hasta que una falla en la bomba de combustible nos volvi\u00f3 a retrasar y nos priv\u00f3 de lo bueno que hab\u00edamos mostrado. En la final cuando intent\u00e1bamos avanzar en el pelot\u00f3n, se par\u00f3 el motor por una falla despu\u00e9s de los primeros giros, y en ese momento recibo un golpe de atr\u00e1s que me hace perder muchos puestos y me da\u00f1a el aler\u00f3n trasero. A partir de ah\u00ed el auto l\u00f3gicamente sin carga empez\u00f3 a ir mucho de cola, y s\u00f3lo pudimos llegar sin intentar mucho. Un paso complicado por Comodoro, seguiremos trabajando junto al Coiro Dole Racing para llegar firmes a La Plata, y cerrar el a\u00f1o de la mejor manera\u201d<\/strong>, expres\u00f3 Juli\u00e1n.<\/p>\n<p>Con 14 fechas del certamen de Turismo Carretera disputadas, Santero se posiciona en el mismo en la 27ma colocaci\u00f3n sumando un total de 205,5 puntos. La pr\u00f3xima y \u00faltima fecha de la categor\u00eda ser\u00e1 el 10 de Diciembre en el aut\u00f3dromo \u201cRoberto Mouras\u201d de la ciudad de La Plata.<\/p>\n","protected":false},"excerpt":{"rendered":"<p>En un domingo enredado por distintas situaciones de carrera, Juli\u00e1n Santero s\u00f3lo pudo conformarse con<\/p>\n","protected":false},"author":1,"featured_media":23794,"comment_status":"closed","ping_status":"closed","sticky":false,"template":"","format":"standard","meta":{"footnotes":""},"categories":[1],"tags":[],"class_list":["post-23793","post","type-post","status-publish","format-standard","has-post-thumbnail","hentry","category-zonal-cuyano"],"featured_image_urls":{"full":["https:\/\/curva1.com.ar\/wp-content\/uploads\/2017\/11\/JS_Dom_Com1.jpg",960,640,false],"thumbnail":["https:\/\/curva1.com.ar\/wp-content\/uploads\/2017\/11\/JS_Dom_Com1-300x169.jpg",300,169,true],"medium":["https:\/\/curva1.com.ar\/wp-content\/uploads\/2017\/11\/JS_Dom_Com1-506x337.jpg",506,337,true],"medium_large":["https:\/\/curva1.com.ar\/wp-content\/uploads\/2017\/11\/JS_Dom_Com1-768x512.jpg",640,427,true],"large":["https:\/\/curva1.com.ar\/wp-content\/uploads\/2017\/11\/JS_Dom_Com1.jpg",640,427,false],"1536x1536":["https:\/\/curva1.com.ar\/wp-content\/uploads\/2017\/11\/JS_Dom_Com1.jpg",960,640,false],"2048x2048":["https:\/\/curva1.com.ar\/wp-content\/uploads\/2017\/11\/JS_Dom_Com1.jpg",960,640,false],"chromenews-featured":["https:\/\/curva1.com.ar\/wp-content\/uploads\/2017\/11\/JS_Dom_Com1.jpg",960,640,false],"chromenews-large":["https:\/\/curva1.com.ar\/wp-content\/uploads\/2017\/11\/JS_Dom_Com1.jpg",825,550,false],"chromenews-medium":["https:\/\/curva1.com.ar\/wp-content\/uploads\/2017\/11\/JS_Dom_Com1.jpg",590,393,false]},"author_info":{"display_name":"Jos\u00e9 Bravo","author_link":"https:\/\/curva1.com.ar\/?author=1"},"category_info":"<a href=\"https:\/\/curva1.com.ar\/?cat=1\" rel=\"category\">Zonal Cuyano<\/a>","tag_info":"Zonal Cuyano","comment_count":"0","yoast_head":"<!-- This site is optimized with the Yoast SEO Premium plugin v14.7 - https:\/\/yoast.com\/wordpress\/plugins\/seo\/ -->\n<title>Santero lleg\u00f3 29\u00ba en una final enredada del TC - Curva 1<\/title>\n<meta name=\"robots\" content=\"index, follow\" \/>\n<meta name=\"googlebot\" content=\"index, follow, max-snippet:-1, max-image-preview:large, max-video-preview:-1\" \/>\n<meta name=\"bingbot\" content=\"index, follow, max-snippet:-1, max-image-preview:large, max-video-preview:-1\" \/>\n<link rel=\"canonical\" href=\"https:\/\/curva1.com.ar\/?p=23793\" \/>\n<meta property=\"og:locale\" content=\"en_US\" \/>\n<meta property=\"og:type\" content=\"article\" \/>\n<meta property=\"og:title\" content=\"Santero lleg\u00f3 29\u00ba en una final enredada del TC - Curva 1\" \/>\n<meta property=\"og:description\" content=\"En un domingo enredado por distintas situaciones de carrera, Juli\u00e1n Santero s\u00f3lo pudo conformarse con\" \/>\n<meta property=\"og:url\" content=\"https:\/\/curva1.com.ar\/?p=23793\" \/>\n<meta property=\"og:site_name\" content=\"Curva 1\" \/>\n<meta property=\"article:publisher\" content=\"https:\/\/www.facebook.com\/revistacurva1\/\" \/>\n<meta property=\"article:published_time\" content=\"2017-11-20T16:43:20+00:00\" \/>\n<meta property=\"article:modified_time\" content=\"2017-11-24T16:46:52+00:00\" \/>\n<meta property=\"og:image\" content=\"https:\/\/curva1.com.ar\/wp-content\/uploads\/2017\/11\/JS_Dom_Com1.jpg\" \/>\n\t<meta property=\"og:image:width\" content=\"960\" \/>\n\t<meta property=\"og:image:height\" content=\"640\" \/>\n<meta property=\"fb:app_id\" content=\"1593067817533208\" \/>\n<meta name=\"twitter:card\" content=\"summary_large_image\" \/>\n<meta name=\"twitter:creator\" content=\"@curva1mendoza\" \/>\n<meta name=\"twitter:site\" content=\"@curva1mendoza\" \/>\n<script type=\"application\/ld+json\" class=\"yoast-schema-graph\">{\"@context\":\"https:\/\/schema.org\",\"@graph\":[{\"@type\":\"WebSite\",\"@id\":\"https:\/\/curva1.com.ar\/#website\",\"url\":\"https:\/\/curva1.com.ar\/\",\"name\":\"Curva 1\",\"description\":\"Automovilismo de Mendoza\",\"potentialAction\":[{\"@type\":\"SearchAction\",\"target\":\"https:\/\/curva1.com.ar\/?s={search_term_string}\",\"query-input\":\"required name=search_term_string\"}],\"inLanguage\":\"en-US\"},{\"@type\":\"ImageObject\",\"@id\":\"https:\/\/curva1.com.ar\/?p=23793#primaryimage\",\"inLanguage\":\"en-US\",\"url\":\"https:\/\/curva1.com.ar\/wp-content\/uploads\/2017\/11\/JS_Dom_Com1.jpg\",\"width\":960,\"height\":640},{\"@type\":\"WebPage\",\"@id\":\"https:\/\/curva1.com.ar\/?p=23793#webpage\",\"url\":\"https:\/\/curva1.com.ar\/?p=23793\",\"name\":\"Santero lleg\\u00f3 29\\u00ba en una final enredada del TC - Curva 1\",\"isPartOf\":{\"@id\":\"https:\/\/curva1.com.ar\/#website\"},\"primaryImageOfPage\":{\"@id\":\"https:\/\/curva1.com.ar\/?p=23793#primaryimage\"},\"datePublished\":\"2017-11-20T16:43:20+00:00\",\"dateModified\":\"2017-11-24T16:46:52+00:00\",\"author\":{\"@id\":\"https:\/\/curva1.com.ar\/#\/schema\/person\/f5fd12984d70df7314fbd9ab42f31033\"},\"inLanguage\":\"en-US\",\"potentialAction\":[{\"@type\":\"ReadAction\",\"target\":[\"https:\/\/curva1.com.ar\/?p=23793\"]}]},{\"@type\":[\"Person\"],\"@id\":\"https:\/\/curva1.com.ar\/#\/schema\/person\/f5fd12984d70df7314fbd9ab42f31033\",\"name\":\"Jos\\u00e9 Bravo\",\"image\":{\"@type\":\"ImageObject\",\"@id\":\"https:\/\/curva1.com.ar\/#personlogo\",\"inLanguage\":\"en-US\",\"url\":\"https:\/\/secure.gravatar.com\/avatar\/3ae0b1fdc6ddeb723a6e6c23609ed39de1d40a94b8112fd2c0c2032e2dabf28b?s=96&d=identicon&r=g\",\"caption\":\"Jos\\u00e9 Bravo\"}}]}<\/script>\n<!-- \/ Yoast SEO Premium plugin. -->","_links":{"self":[{"href":"https:\/\/curva1.com.ar\/index.php?rest_route=\/wp\/v2\/posts\/23793","targetHints":{"allow":["GET"]}}],"collection":[{"href":"https:\/\/curva1.com.ar\/index.php?rest_route=\/wp\/v2\/posts"}],"about":[{"href":"https:\/\/curva1.com.ar\/index.php?rest_route=\/wp\/v2\/types\/post"}],"author":[{"embeddable":true,"href":"https:\/\/curva1.com.ar\/index.php?rest_route=\/wp\/v2\/users\/1"}],"replies":[{"embeddable":true,"href":"https:\/\/curva1.com.ar\/index.php?rest_route=%2Fwp%2Fv2%2Fcomments&post=23793"}],"version-history":[{"count":1,"href":"https:\/\/curva1.com.ar\/index.php?rest_route=\/wp\/v2\/posts\/23793\/revisions"}],"predecessor-version":[{"id":23795,"href":"https:\/\/curva1.com.ar\/index.php?rest_route=\/wp\/v2\/posts\/23793\/revisions\/23795"}],"wp:featuredmedia":[{"embeddable":true,"href":"https:\/\/curva1.com.ar\/index.php?rest_route=\/wp\/v2\/media\/23794"}],"wp:attachment":[{"href":"https:\/\/curva1.com.ar\/index.php?rest_route=%2Fwp%2Fv2%2Fmedia&parent=23793"}],"wp:term":[{"taxonomy":"category","embeddable":true,"href":"https:\/\/curva1.com.ar\/index.php?rest_route=%2Fwp%2Fv2%2Fcategories&post=23793"},{"taxonomy":"post_tag","embeddable":true,"href":"https:\/\/curva1.com.ar\/index.php?rest_route=%2Fwp%2Fv2%2Ftags&post=23793"}],"curies":[{"name":"wp","href":"https:\/\/api.w.org\/{rel}","templated":true}]}}