{"id":23797,"date":"2017-11-24T01:22:37","date_gmt":"2017-11-24T04:22:37","guid":{"rendered":"http:\/\/www.curva1.com.ar\/?p=23797"},"modified":"2024-02-03T09:58:00","modified_gmt":"2024-02-03T12:58:00","slug":"se-vende-chasis-tony-kart-2016-reciente-campeon-125cc-master","status":"publish","type":"post","link":"https:\/\/curva1.com.ar\/?p=23797","title":{"rendered":"VENDIDO chasis Tony Kart 2016 reciente campe\u00f3n 125cc M\u00e1ster"},"content":{"rendered":"<p><img loading=\"lazy\" decoding=\"async\" class=\"aligncenter size-full wp-image-29323\" src=\"http:\/\/curva1.com.ar\/wp-content\/uploads\/2017\/11\/IMG_0993-1.jpg\" alt=\"\" width=\"800\" height=\"533\" srcset=\"https:\/\/curva1.com.ar\/wp-content\/uploads\/2017\/11\/IMG_0993-1.jpg 800w, https:\/\/curva1.com.ar\/wp-content\/uploads\/2017\/11\/IMG_0993-1-768x512.jpg 768w\" sizes=\"auto, (max-width: 800px) 100vw, 800px\" \/><\/p>\n<p>VENDIDO chasis Tony Kart del a\u00f1o 2016, fabricado con ca\u00f1o de 30 mm sin rajaduras y en muy buen estado.<\/p>\n<p>Chasis que se consagr\u00f3 recientemente campe\u00f3n en la categor\u00eda 125cc M\u00e1ster del Karting Mendocino.<\/p>\n<p>Excelente unidad a un precio conveniente. Cambio por renovaci\u00f3n para la pr\u00f3xima temporada.<\/p>\n","protected":false},"excerpt":{"rendered":"<p>VENDIDO chasis Tony Kart del a\u00f1o 2016, fabricado con ca\u00f1o de 30 mm sin rajaduras<\/p>\n","protected":false},"author":1,"featured_media":29323,"comment_status":"closed","ping_status":"closed","sticky":false,"template":"","format":"standard","meta":{"footnotes":""},"categories":[8],"tags":[48],"class_list":["post-23797","post","type-post","status-publish","format-standard","has-post-thumbnail","hentry","category-clasificados","tag-karting"],"featured_image_urls":{"full":["https:\/\/curva1.com.ar\/wp-content\/uploads\/2017\/11\/IMG_0993-1.jpg",800,533,false],"thumbnail":["https:\/\/curva1.com.ar\/wp-content\/uploads\/2017\/11\/IMG_0993-1-300x169.jpg",300,169,true],"medium":["https:\/\/curva1.com.ar\/wp-content\/uploads\/2017\/11\/IMG_0993-1.jpg",800,533,false],"medium_large":["https:\/\/curva1.com.ar\/wp-content\/uploads\/2017\/11\/IMG_0993-1-768x512.jpg",640,427,true],"large":["https:\/\/curva1.com.ar\/wp-content\/uploads\/2017\/11\/IMG_0993-1.jpg",640,426,false],"1536x1536":["https:\/\/curva1.com.ar\/wp-content\/uploads\/2017\/11\/IMG_0993-1.jpg",800,533,false],"2048x2048":["https:\/\/curva1.com.ar\/wp-content\/uploads\/2017\/11\/IMG_0993-1.jpg",800,533,false],"chromenews-featured":["https:\/\/curva1.com.ar\/wp-content\/uploads\/2017\/11\/IMG_0993-1.jpg",800,533,false],"chromenews-large":["https:\/\/curva1.com.ar\/wp-content\/uploads\/2017\/11\/IMG_0993-1.jpg",800,533,false],"chromenews-medium":["https:\/\/curva1.com.ar\/wp-content\/uploads\/2017\/11\/IMG_0993-1.jpg",590,393,false]},"author_info":{"display_name":"Jos\u00e9 Bravo","author_link":"https:\/\/curva1.com.ar\/?author=1"},"category_info":"<a href=\"https:\/\/curva1.com.ar\/?cat=8\" rel=\"category\">Clasificados<\/a>","tag_info":"Clasificados","comment_count":"0","yoast_head":"<!-- This site is optimized with the Yoast SEO Premium plugin v14.7 - https:\/\/yoast.com\/wordpress\/plugins\/seo\/ -->\n<title>VENDIDO chasis Tony Kart 2016 reciente campe\u00f3n 125cc M\u00e1ster - Curva 1<\/title>\n<meta name=\"robots\" content=\"index, follow\" \/>\n<meta name=\"googlebot\" content=\"index, follow, max-snippet:-1, max-image-preview:large, max-video-preview:-1\" \/>\n<meta name=\"bingbot\" content=\"index, follow, max-snippet:-1, max-image-preview:large, max-video-preview:-1\" \/>\n<link rel=\"canonical\" href=\"https:\/\/curva1.com.ar\/?p=23797\" \/>\n<meta property=\"og:locale\" content=\"en_US\" \/>\n<meta property=\"og:type\" content=\"article\" \/>\n<meta property=\"og:title\" content=\"VENDIDO chasis Tony Kart 2016 reciente campe\u00f3n 125cc M\u00e1ster - Curva 1\" \/>\n<meta property=\"og:description\" content=\"VENDIDO chasis Tony Kart del a\u00f1o 2016, fabricado con ca\u00f1o de 30 mm sin rajaduras\" \/>\n<meta property=\"og:url\" content=\"https:\/\/curva1.com.ar\/?p=23797\" \/>\n<meta property=\"og:site_name\" content=\"Curva 1\" \/>\n<meta property=\"article:publisher\" content=\"https:\/\/www.facebook.com\/revistacurva1\/\" \/>\n<meta property=\"article:published_time\" content=\"2017-11-24T04:22:37+00:00\" \/>\n<meta property=\"article:modified_time\" content=\"2024-02-03T12:58:00+00:00\" \/>\n<meta property=\"og:image\" content=\"https:\/\/curva1.com.ar\/wp-content\/uploads\/2017\/11\/IMG_0993-1.jpg\" \/>\n\t<meta property=\"og:image:width\" content=\"800\" \/>\n\t<meta property=\"og:image:height\" content=\"533\" \/>\n<meta property=\"fb:app_id\" content=\"1593067817533208\" \/>\n<meta name=\"twitter:card\" content=\"summary_large_image\" \/>\n<meta name=\"twitter:creator\" content=\"@curva1mendoza\" \/>\n<meta name=\"twitter:site\" content=\"@curva1mendoza\" \/>\n<script type=\"application\/ld+json\" class=\"yoast-schema-graph\">{\"@context\":\"https:\/\/schema.org\",\"@graph\":[{\"@type\":\"WebSite\",\"@id\":\"https:\/\/curva1.com.ar\/#website\",\"url\":\"https:\/\/curva1.com.ar\/\",\"name\":\"Curva 1\",\"description\":\"Automovilismo de Mendoza\",\"potentialAction\":[{\"@type\":\"SearchAction\",\"target\":\"https:\/\/curva1.com.ar\/?s={search_term_string}\",\"query-input\":\"required name=search_term_string\"}],\"inLanguage\":\"en-US\"},{\"@type\":\"ImageObject\",\"@id\":\"https:\/\/curva1.com.ar\/?p=23797#primaryimage\",\"inLanguage\":\"en-US\",\"url\":\"https:\/\/curva1.com.ar\/wp-content\/uploads\/2017\/11\/IMG_0993-1.jpg\",\"width\":800,\"height\":533},{\"@type\":\"WebPage\",\"@id\":\"https:\/\/curva1.com.ar\/?p=23797#webpage\",\"url\":\"https:\/\/curva1.com.ar\/?p=23797\",\"name\":\"VENDIDO chasis Tony Kart 2016 reciente campe\\u00f3n 125cc M\\u00e1ster - Curva 1\",\"isPartOf\":{\"@id\":\"https:\/\/curva1.com.ar\/#website\"},\"primaryImageOfPage\":{\"@id\":\"https:\/\/curva1.com.ar\/?p=23797#primaryimage\"},\"datePublished\":\"2017-11-24T04:22:37+00:00\",\"dateModified\":\"2024-02-03T12:58:00+00:00\",\"author\":{\"@id\":\"https:\/\/curva1.com.ar\/#\/schema\/person\/f5fd12984d70df7314fbd9ab42f31033\"},\"inLanguage\":\"en-US\",\"potentialAction\":[{\"@type\":\"ReadAction\",\"target\":[\"https:\/\/curva1.com.ar\/?p=23797\"]}]},{\"@type\":[\"Person\"],\"@id\":\"https:\/\/curva1.com.ar\/#\/schema\/person\/f5fd12984d70df7314fbd9ab42f31033\",\"name\":\"Jos\\u00e9 Bravo\",\"image\":{\"@type\":\"ImageObject\",\"@id\":\"https:\/\/curva1.com.ar\/#personlogo\",\"inLanguage\":\"en-US\",\"url\":\"https:\/\/secure.gravatar.com\/avatar\/3ae0b1fdc6ddeb723a6e6c23609ed39de1d40a94b8112fd2c0c2032e2dabf28b?s=96&d=identicon&r=g\",\"caption\":\"Jos\\u00e9 Bravo\"}}]}<\/script>\n<!-- \/ Yoast SEO Premium plugin. -->","_links":{"self":[{"href":"https:\/\/curva1.com.ar\/index.php?rest_route=\/wp\/v2\/posts\/23797","targetHints":{"allow":["GET"]}}],"collection":[{"href":"https:\/\/curva1.com.ar\/index.php?rest_route=\/wp\/v2\/posts"}],"about":[{"href":"https:\/\/curva1.com.ar\/index.php?rest_route=\/wp\/v2\/types\/post"}],"author":[{"embeddable":true,"href":"https:\/\/curva1.com.ar\/index.php?rest_route=\/wp\/v2\/users\/1"}],"replies":[{"embeddable":true,"href":"https:\/\/curva1.com.ar\/index.php?rest_route=%2Fwp%2Fv2%2Fcomments&post=23797"}],"version-history":[{"count":4,"href":"https:\/\/curva1.com.ar\/index.php?rest_route=\/wp\/v2\/posts\/23797\/revisions"}],"predecessor-version":[{"id":43587,"href":"https:\/\/curva1.com.ar\/index.php?rest_route=\/wp\/v2\/posts\/23797\/revisions\/43587"}],"wp:featuredmedia":[{"embeddable":true,"href":"https:\/\/curva1.com.ar\/index.php?rest_route=\/wp\/v2\/media\/29323"}],"wp:attachment":[{"href":"https:\/\/curva1.com.ar\/index.php?rest_route=%2Fwp%2Fv2%2Fmedia&parent=23797"}],"wp:term":[{"taxonomy":"category","embeddable":true,"href":"https:\/\/curva1.com.ar\/index.php?rest_route=%2Fwp%2Fv2%2Fcategories&post=23797"},{"taxonomy":"post_tag","embeddable":true,"href":"https:\/\/curva1.com.ar\/index.php?rest_route=%2Fwp%2Fv2%2Ftags&post=23797"}],"curies":[{"name":"wp","href":"https:\/\/api.w.org\/{rel}","templated":true}]}}