{"id":23884,"date":"2017-12-18T15:08:56","date_gmt":"2017-12-18T18:08:56","guid":{"rendered":"http:\/\/www.curva1.com.ar\/?p=23884"},"modified":"2017-12-18T15:08:56","modified_gmt":"2017-12-18T18:08:56","slug":"vicino-cerro-su-primera-temporada-en-la-formula-renault-2-0","status":"publish","type":"post","link":"https:\/\/curva1.com.ar\/?p=23884","title":{"rendered":"Vicino cerr\u00f3 su primera temporada en la F\u00f3rmula Renault 2.0"},"content":{"rendered":"<p><img loading=\"lazy\" decoding=\"async\" class=\"aligncenter size-full wp-image-23885\" src=\"http:\/\/www.curva1.com.ar\/wp-content\/uploads\/2017\/12\/WhatsApp-Image-2017-12-16-at-14.53.06-1.jpeg\" alt=\"\" width=\"1280\" height=\"870\" srcset=\"https:\/\/curva1.com.ar\/wp-content\/uploads\/2017\/12\/WhatsApp-Image-2017-12-16-at-14.53.06-1.jpeg 1280w, https:\/\/curva1.com.ar\/wp-content\/uploads\/2017\/12\/WhatsApp-Image-2017-12-16-at-14.53.06-1-496x337.jpeg 496w, https:\/\/curva1.com.ar\/wp-content\/uploads\/2017\/12\/WhatsApp-Image-2017-12-16-at-14.53.06-1-768x522.jpeg 768w, https:\/\/curva1.com.ar\/wp-content\/uploads\/2017\/12\/WhatsApp-Image-2017-12-16-at-14.53.06-1-1024x696.jpeg 1024w\" sizes=\"auto, (max-width: 1280px) 100vw, 1280px\" \/><\/p>\n<div class=\"\" data-block=\"true\" data-editor=\"ahk7k\" data-offset-key=\"90art-0-0\">\n<div class=\"_1mf _1mj\" data-offset-key=\"90art-0-0\"><span data-offset-key=\"90art-0-0\">El mendocino Lucas Vicino cerr\u00f3 su participaci\u00f3n en la \u00faltima fecha del campeonato de la F\u00f3rmula Renault 2.0, que se disput\u00f3 en el aut\u00f3dromo Oscar Cabal\u00e9n de Alta Gracia.<\/span><\/div>\n<\/div>\n<div class=\"\" data-block=\"true\" data-editor=\"ahk7k\" data-offset-key=\"696ga-0-0\">\n<div class=\"_1mf _1mj\" data-offset-key=\"696ga-0-0\"><span data-offset-key=\"696ga-0-0\">\u00a0<\/span><\/div>\n<\/div>\n<div class=\"\" data-block=\"true\" data-editor=\"ahk7k\" data-offset-key=\"6v5hb-0-0\">\n<div class=\"_1mf _1mj\" data-offset-key=\"6v5hb-0-0\"><span data-offset-key=\"6v5hb-0-0\">Concluy\u00f3 con una aceptable faena con el monoposto del LR Team ya que en la carrera dominical pudo concluir pese a algunas complicaciones.<\/span><\/div>\n<\/div>\n<div class=\"\" data-block=\"true\" data-editor=\"ahk7k\" data-offset-key=\"fvu2g-0-0\">\n<div class=\"_1mf _1mj\" data-offset-key=\"fvu2g-0-0\"><span data-offset-key=\"fvu2g-0-0\">\u00a0<\/span><\/div>\n<\/div>\n<div class=\"\" data-block=\"true\" data-editor=\"ahk7k\" data-offset-key=\"6fks2-0-0\">\n<div class=\"_1mf _1mj\" data-offset-key=\"6fks2-0-0\"><span data-offset-key=\"6fks2-0-0\">Lucas debi\u00f3 largar desde la und\u00e9cima posici\u00f3n por una penalizaci\u00f3n en la carrera del s\u00e1bado y cuando hab\u00eda avanzado algunas posiciones se produjo un despiste que lo hizo perder algunas posiciones, aunque m\u00e1s de eso qued\u00f3 en el top ten, arribando en la novena posici\u00f3n.<\/span><\/div>\n<\/div>\n<div class=\"\" data-block=\"true\" data-editor=\"ahk7k\" data-offset-key=\"8c4mq-0-0\">\n<div class=\"_1mf _1mj\" data-offset-key=\"8c4mq-0-0\"><span data-offset-key=\"8c4mq-0-0\">\u00a0<\/span><\/div>\n<\/div>\n<div class=\"\" data-block=\"true\" data-editor=\"ahk7k\" data-offset-key=\"1fbu2-0-0\">\n<div class=\"_1mf _1mj\" data-offset-key=\"1fbu2-0-0\"><span data-offset-key=\"1fbu2-0-0\"><strong>\u201cFue una carrera aceptable donde hice todo lo que pude para avanzar, pero a veces se complica un poco. Pese a eso, estoy muy satisfecho con lo que hice a lo largo de este primera a\u00f1o dentro de una categor\u00eda muy competitiva. Le agradezco mucho a mi familia, a mis amigos y a todos mis sponsors que hacen posible que yo puede correr a nivel nacional. Creo haber adquirido buena experiencia y el a\u00f1o que viene podemos ser protagonistas\u201d<\/strong>, afirm\u00f3 Vicino, que termin\u00f3 en la 15\u00aa posici\u00f3n en el campeonato con 163 puntos.<\/span><\/div>\n<\/div>\n<div class=\"\" data-block=\"true\" data-editor=\"ahk7k\" data-offset-key=\"fvm0e-0-0\">\n<div class=\"_1mf _1mj\" data-offset-key=\"fvm0e-0-0\"><span data-offset-key=\"fvm0e-0-0\">\u00a0<\/span><\/div>\n<\/div>\n<div class=\"\" data-block=\"true\" data-editor=\"ahk7k\" data-offset-key=\"aq6tk-0-0\">\n<div class=\"_1mf _1mj\" data-offset-key=\"aq6tk-0-0\"><span data-offset-key=\"aq6tk-0-0\">Nicol\u00e1s Moscardini fue el ganador de la \u00faltima competencia de la temporada para la categor\u00eda. En la segunda posici\u00f3n lleg\u00f3 Eugenio Provens, mientras que Eduardo Moreno se subi\u00f3 al tercer escal\u00f3n del podio. Entretanto la definici\u00f3n del campeonato a\u00fan se encuentra en suspenso despu\u00e9s de lo sucedido con Hern\u00e1n Palazzo y Hern\u00e1n Satler en la primera final del fin de semana.<\/span><\/div>\n<\/div>\n<div class=\"\" data-block=\"true\" data-editor=\"ahk7k\" data-offset-key=\"3fh1p-0-0\">\n<div class=\"_1mf _1mj\" data-offset-key=\"3fh1p-0-0\"><span data-offset-key=\"3fh1p-0-0\">\u00a0<\/span><\/div>\n<\/div>\n<div class=\"\" data-block=\"true\" data-editor=\"ahk7k\" data-offset-key=\"ejor0-0-0\">\n<div class=\"_1mf _1mj\" data-offset-key=\"ejor0-0-0\"><span data-offset-key=\"ejor0-0-0\">La temporada 2018 de la F\u00e1brica de Talentos se abrir\u00e1 el 17 de marzo en escenario a confirmar.<\/span><\/div>\n<\/div>\n","protected":false},"excerpt":{"rendered":"<p>El mendocino Lucas Vicino cerr\u00f3 su participaci\u00f3n en la \u00faltima fecha del campeonato de la<\/p>\n","protected":false},"author":1,"featured_media":23885,"comment_status":"closed","ping_status":"closed","sticky":false,"template":"","format":"standard","meta":{"footnotes":""},"categories":[6],"tags":[],"class_list":["post-23884","post","type-post","status-publish","format-standard","has-post-thumbnail","hentry","category-nacionales"],"featured_image_urls":{"full":["https:\/\/curva1.com.ar\/wp-content\/uploads\/2017\/12\/WhatsApp-Image-2017-12-16-at-14.53.06-1.jpeg",1280,870,false],"thumbnail":["https:\/\/curva1.com.ar\/wp-content\/uploads\/2017\/12\/WhatsApp-Image-2017-12-16-at-14.53.06-1-300x169.jpeg",300,169,true],"medium":["https:\/\/curva1.com.ar\/wp-content\/uploads\/2017\/12\/WhatsApp-Image-2017-12-16-at-14.53.06-1-496x337.jpeg",496,337,true],"medium_large":["https:\/\/curva1.com.ar\/wp-content\/uploads\/2017\/12\/WhatsApp-Image-2017-12-16-at-14.53.06-1-768x522.jpeg",640,435,true],"large":["https:\/\/curva1.com.ar\/wp-content\/uploads\/2017\/12\/WhatsApp-Image-2017-12-16-at-14.53.06-1-1024x696.jpeg",640,435,true],"1536x1536":["https:\/\/curva1.com.ar\/wp-content\/uploads\/2017\/12\/WhatsApp-Image-2017-12-16-at-14.53.06-1.jpeg",1280,870,false],"2048x2048":["https:\/\/curva1.com.ar\/wp-content\/uploads\/2017\/12\/WhatsApp-Image-2017-12-16-at-14.53.06-1.jpeg",1280,870,false],"chromenews-featured":["https:\/\/curva1.com.ar\/wp-content\/uploads\/2017\/12\/WhatsApp-Image-2017-12-16-at-14.53.06-1.jpeg",1024,696,false],"chromenews-large":["https:\/\/curva1.com.ar\/wp-content\/uploads\/2017\/12\/WhatsApp-Image-2017-12-16-at-14.53.06-1.jpeg",825,561,false],"chromenews-medium":["https:\/\/curva1.com.ar\/wp-content\/uploads\/2017\/12\/WhatsApp-Image-2017-12-16-at-14.53.06-1.jpeg",590,401,false]},"author_info":{"display_name":"Jos\u00e9 Bravo","author_link":"https:\/\/curva1.com.ar\/?author=1"},"category_info":"<a href=\"https:\/\/curva1.com.ar\/?cat=6\" rel=\"category\">Nacionales<\/a>","tag_info":"Nacionales","comment_count":"0","yoast_head":"<!-- This site is optimized with the Yoast SEO Premium plugin v14.7 - https:\/\/yoast.com\/wordpress\/plugins\/seo\/ -->\n<title>Vicino cerr\u00f3 su primera temporada en la F\u00f3rmula Renault 2.0 - Curva 1<\/title>\n<meta name=\"robots\" content=\"index, follow\" \/>\n<meta name=\"googlebot\" content=\"index, follow, max-snippet:-1, max-image-preview:large, max-video-preview:-1\" \/>\n<meta name=\"bingbot\" content=\"index, follow, max-snippet:-1, max-image-preview:large, max-video-preview:-1\" \/>\n<link rel=\"canonical\" href=\"https:\/\/curva1.com.ar\/?p=23884\" \/>\n<meta property=\"og:locale\" content=\"en_US\" \/>\n<meta property=\"og:type\" content=\"article\" \/>\n<meta property=\"og:title\" content=\"Vicino cerr\u00f3 su primera temporada en la F\u00f3rmula Renault 2.0 - Curva 1\" \/>\n<meta property=\"og:description\" content=\"El mendocino Lucas Vicino cerr\u00f3 su participaci\u00f3n en la \u00faltima fecha del campeonato de la\" \/>\n<meta property=\"og:url\" content=\"https:\/\/curva1.com.ar\/?p=23884\" \/>\n<meta property=\"og:site_name\" content=\"Curva 1\" \/>\n<meta property=\"article:publisher\" content=\"https:\/\/www.facebook.com\/revistacurva1\/\" \/>\n<meta property=\"article:published_time\" content=\"2017-12-18T18:08:56+00:00\" \/>\n<meta property=\"og:image\" content=\"https:\/\/curva1.com.ar\/wp-content\/uploads\/2017\/12\/WhatsApp-Image-2017-12-16-at-14.53.06-1.jpeg\" \/>\n\t<meta property=\"og:image:width\" content=\"1280\" \/>\n\t<meta property=\"og:image:height\" content=\"870\" \/>\n<meta property=\"fb:app_id\" content=\"1593067817533208\" \/>\n<meta name=\"twitter:card\" content=\"summary_large_image\" \/>\n<meta name=\"twitter:creator\" content=\"@curva1mendoza\" \/>\n<meta name=\"twitter:site\" content=\"@curva1mendoza\" \/>\n<script type=\"application\/ld+json\" class=\"yoast-schema-graph\">{\"@context\":\"https:\/\/schema.org\",\"@graph\":[{\"@type\":\"WebSite\",\"@id\":\"https:\/\/curva1.com.ar\/#website\",\"url\":\"https:\/\/curva1.com.ar\/\",\"name\":\"Curva 1\",\"description\":\"Automovilismo de Mendoza\",\"potentialAction\":[{\"@type\":\"SearchAction\",\"target\":\"https:\/\/curva1.com.ar\/?s={search_term_string}\",\"query-input\":\"required name=search_term_string\"}],\"inLanguage\":\"en-US\"},{\"@type\":\"ImageObject\",\"@id\":\"https:\/\/curva1.com.ar\/?p=23884#primaryimage\",\"inLanguage\":\"en-US\",\"url\":\"https:\/\/curva1.com.ar\/wp-content\/uploads\/2017\/12\/WhatsApp-Image-2017-12-16-at-14.53.06-1.jpeg\",\"width\":1280,\"height\":870},{\"@type\":\"WebPage\",\"@id\":\"https:\/\/curva1.com.ar\/?p=23884#webpage\",\"url\":\"https:\/\/curva1.com.ar\/?p=23884\",\"name\":\"Vicino cerr\\u00f3 su primera temporada en la F\\u00f3rmula Renault 2.0 - Curva 1\",\"isPartOf\":{\"@id\":\"https:\/\/curva1.com.ar\/#website\"},\"primaryImageOfPage\":{\"@id\":\"https:\/\/curva1.com.ar\/?p=23884#primaryimage\"},\"datePublished\":\"2017-12-18T18:08:56+00:00\",\"dateModified\":\"2017-12-18T18:08:56+00:00\",\"author\":{\"@id\":\"https:\/\/curva1.com.ar\/#\/schema\/person\/f5fd12984d70df7314fbd9ab42f31033\"},\"inLanguage\":\"en-US\",\"potentialAction\":[{\"@type\":\"ReadAction\",\"target\":[\"https:\/\/curva1.com.ar\/?p=23884\"]}]},{\"@type\":[\"Person\"],\"@id\":\"https:\/\/curva1.com.ar\/#\/schema\/person\/f5fd12984d70df7314fbd9ab42f31033\",\"name\":\"Jos\\u00e9 Bravo\",\"image\":{\"@type\":\"ImageObject\",\"@id\":\"https:\/\/curva1.com.ar\/#personlogo\",\"inLanguage\":\"en-US\",\"url\":\"https:\/\/secure.gravatar.com\/avatar\/3ae0b1fdc6ddeb723a6e6c23609ed39de1d40a94b8112fd2c0c2032e2dabf28b?s=96&d=identicon&r=g\",\"caption\":\"Jos\\u00e9 Bravo\"}}]}<\/script>\n<!-- \/ Yoast SEO Premium plugin. -->","_links":{"self":[{"href":"https:\/\/curva1.com.ar\/index.php?rest_route=\/wp\/v2\/posts\/23884","targetHints":{"allow":["GET"]}}],"collection":[{"href":"https:\/\/curva1.com.ar\/index.php?rest_route=\/wp\/v2\/posts"}],"about":[{"href":"https:\/\/curva1.com.ar\/index.php?rest_route=\/wp\/v2\/types\/post"}],"author":[{"embeddable":true,"href":"https:\/\/curva1.com.ar\/index.php?rest_route=\/wp\/v2\/users\/1"}],"replies":[{"embeddable":true,"href":"https:\/\/curva1.com.ar\/index.php?rest_route=%2Fwp%2Fv2%2Fcomments&post=23884"}],"version-history":[{"count":1,"href":"https:\/\/curva1.com.ar\/index.php?rest_route=\/wp\/v2\/posts\/23884\/revisions"}],"predecessor-version":[{"id":23886,"href":"https:\/\/curva1.com.ar\/index.php?rest_route=\/wp\/v2\/posts\/23884\/revisions\/23886"}],"wp:featuredmedia":[{"embeddable":true,"href":"https:\/\/curva1.com.ar\/index.php?rest_route=\/wp\/v2\/media\/23885"}],"wp:attachment":[{"href":"https:\/\/curva1.com.ar\/index.php?rest_route=%2Fwp%2Fv2%2Fmedia&parent=23884"}],"wp:term":[{"taxonomy":"category","embeddable":true,"href":"https:\/\/curva1.com.ar\/index.php?rest_route=%2Fwp%2Fv2%2Fcategories&post=23884"},{"taxonomy":"post_tag","embeddable":true,"href":"https:\/\/curva1.com.ar\/index.php?rest_route=%2Fwp%2Fv2%2Ftags&post=23884"}],"curies":[{"name":"wp","href":"https:\/\/api.w.org\/{rel}","templated":true}]}}