{"id":2434,"date":"2012-11-23T23:32:17","date_gmt":"2012-11-24T02:32:17","guid":{"rendered":"http:\/\/www.curva1.com.ar\/?p=2434"},"modified":"2012-11-24T02:35:14","modified_gmt":"2012-11-24T05:35:14","slug":"danilo-gil-correra-en-dos-categorias-el-domingo-en-san-carlos","status":"publish","type":"post","link":"https:\/\/curva1.com.ar\/?p=2434","title":{"rendered":"Danilo Gil se suma a la F1100 de Tradicionales en San Carlos"},"content":{"rendered":"<p><img loading=\"lazy\" decoding=\"async\" class=\"aligncenter size-full wp-image-2435\" title=\"IMG_20121123_191634\" src=\"http:\/\/www.curva1.com.ar\/wp-content\/uploads\/2012\/11\/IMG_20121123_191634.jpg\" alt=\"\" width=\"500\" height=\"281\" srcset=\"https:\/\/curva1.com.ar\/wp-content\/uploads\/2012\/11\/IMG_20121123_191634.jpg 500w, https:\/\/curva1.com.ar\/wp-content\/uploads\/2012\/11\/IMG_20121123_191634-300x168.jpg 300w\" sizes=\"auto, (max-width: 500px) 100vw, 500px\" \/><\/p>\n<p>El piloto de Guaymall\u00e9n tendr\u00e1 doble jornada el pr\u00f3ximo domingo en las Categor\u00edas Tradicionales.<\/p>\n<p>Primero, y como lo hace habitualmente, ser\u00e1 parte de la 850 Grupo 1 con el auto que le atiende Fredy Zangrandi (foto).<\/p>\n<p>Luego formar\u00e1 parte de la F\u00f3rmula 1100 a bordo del Fiat 600 que le ha alquilado a Ram\u00f3n Velozo, con el cual el piloto de Dorrego ha logrado varios podios.<\/p>\n","protected":false},"excerpt":{"rendered":"<p>El piloto de Guaymall\u00e9n tendr\u00e1 doble jornada el pr\u00f3ximo domingo en las Categor\u00edas Tradicionales. Primero,<\/p>\n","protected":false},"author":1,"featured_media":2435,"comment_status":"open","ping_status":"closed","sticky":false,"template":"","format":"standard","meta":{"footnotes":""},"categories":[3],"tags":[],"class_list":["post-2434","post","type-post","status-publish","format-standard","has-post-thumbnail","hentry","category-tradicionales"],"featured_image_urls":{"full":["https:\/\/curva1.com.ar\/wp-content\/uploads\/2012\/11\/IMG_20121123_191634.jpg",500,281,false],"thumbnail":["https:\/\/curva1.com.ar\/wp-content\/uploads\/2012\/11\/IMG_20121123_191634-150x150.jpg",150,150,true],"medium":["https:\/\/curva1.com.ar\/wp-content\/uploads\/2012\/11\/IMG_20121123_191634-300x168.jpg",300,168,true],"medium_large":["https:\/\/curva1.com.ar\/wp-content\/uploads\/2012\/11\/IMG_20121123_191634.jpg",500,281,false],"large":["https:\/\/curva1.com.ar\/wp-content\/uploads\/2012\/11\/IMG_20121123_191634.jpg",500,281,false],"1536x1536":["https:\/\/curva1.com.ar\/wp-content\/uploads\/2012\/11\/IMG_20121123_191634.jpg",500,281,false],"2048x2048":["https:\/\/curva1.com.ar\/wp-content\/uploads\/2012\/11\/IMG_20121123_191634.jpg",500,281,false],"chromenews-featured":["https:\/\/curva1.com.ar\/wp-content\/uploads\/2012\/11\/IMG_20121123_191634.jpg",500,281,false],"chromenews-large":["https:\/\/curva1.com.ar\/wp-content\/uploads\/2012\/11\/IMG_20121123_191634.jpg",500,281,false],"chromenews-medium":["https:\/\/curva1.com.ar\/wp-content\/uploads\/2012\/11\/IMG_20121123_191634.jpg",500,281,false]},"author_info":{"display_name":"Jos\u00e9 Bravo","author_link":"https:\/\/curva1.com.ar\/?author=1"},"category_info":"<a href=\"https:\/\/curva1.com.ar\/?cat=3\" rel=\"category\">Tradicionales<\/a>","tag_info":"Tradicionales","comment_count":"0","_links":{"self":[{"href":"https:\/\/curva1.com.ar\/index.php?rest_route=\/wp\/v2\/posts\/2434","targetHints":{"allow":["GET"]}}],"collection":[{"href":"https:\/\/curva1.com.ar\/index.php?rest_route=\/wp\/v2\/posts"}],"about":[{"href":"https:\/\/curva1.com.ar\/index.php?rest_route=\/wp\/v2\/types\/post"}],"author":[{"embeddable":true,"href":"https:\/\/curva1.com.ar\/index.php?rest_route=\/wp\/v2\/users\/1"}],"replies":[{"embeddable":true,"href":"https:\/\/curva1.com.ar\/index.php?rest_route=%2Fwp%2Fv2%2Fcomments&post=2434"}],"version-history":[{"count":5,"href":"https:\/\/curva1.com.ar\/index.php?rest_route=\/wp\/v2\/posts\/2434\/revisions"}],"predecessor-version":[{"id":2438,"href":"https:\/\/curva1.com.ar\/index.php?rest_route=\/wp\/v2\/posts\/2434\/revisions\/2438"}],"wp:featuredmedia":[{"embeddable":true,"href":"https:\/\/curva1.com.ar\/index.php?rest_route=\/wp\/v2\/media\/2435"}],"wp:attachment":[{"href":"https:\/\/curva1.com.ar\/index.php?rest_route=%2Fwp%2Fv2%2Fmedia&parent=2434"}],"wp:term":[{"taxonomy":"category","embeddable":true,"href":"https:\/\/curva1.com.ar\/index.php?rest_route=%2Fwp%2Fv2%2Fcategories&post=2434"},{"taxonomy":"post_tag","embeddable":true,"href":"https:\/\/curva1.com.ar\/index.php?rest_route=%2Fwp%2Fv2%2Ftags&post=2434"}],"curies":[{"name":"wp","href":"https:\/\/api.w.org\/{rel}","templated":true}]}}