{"id":24638,"date":"2018-03-01T10:13:42","date_gmt":"2018-03-01T13:13:42","guid":{"rendered":"http:\/\/www.curva1.com.ar\/?p=24638"},"modified":"2018-03-01T11:01:04","modified_gmt":"2018-03-01T14:01:04","slug":"berni-llaver-en-la-presentacion-del-equipo-chevrolet-de-super-tc2000","status":"publish","type":"post","link":"https:\/\/curva1.com.ar\/?p=24638","title":{"rendered":"Berni Llaver en la presentaci\u00f3n del equipo Chevrolet de S\u00faper TC2000"},"content":{"rendered":"<p><img loading=\"lazy\" decoding=\"async\" class=\"aligncenter size-full wp-image-24639\" src=\"http:\/\/www.curva1.com.ar\/wp-content\/uploads\/2018\/03\/a4090c64b8b347db4198de331e3e07ea4d834a35.jpg\" alt=\"\" width=\"1140\" height=\"600\" srcset=\"https:\/\/curva1.com.ar\/wp-content\/uploads\/2018\/03\/a4090c64b8b347db4198de331e3e07ea4d834a35.jpg 1140w, https:\/\/curva1.com.ar\/wp-content\/uploads\/2018\/03\/a4090c64b8b347db4198de331e3e07ea4d834a35-600x316.jpg 600w, https:\/\/curva1.com.ar\/wp-content\/uploads\/2018\/03\/a4090c64b8b347db4198de331e3e07ea4d834a35-768x404.jpg 768w, https:\/\/curva1.com.ar\/wp-content\/uploads\/2018\/03\/a4090c64b8b347db4198de331e3e07ea4d834a35-1024x539.jpg 1024w\" sizes=\"auto, (max-width: 1140px) 100vw, 1140px\" \/><\/p>\n<p>El equipo Chevrolet de S\u00faper TC2000 present\u00f3 en el Aut\u00f3dromo de Buenos Aires su formaci\u00f3n para este 2018. Adem\u00e1s, se anunci\u00f3 la renovaci\u00f3n del v\u00ednculo entre General Motors y el Pro Racing.<\/p>\n<p>Bajo un sol radiante, el equipo YPF Chevrolet de S\u00faper TC2000 realiz\u00f3 su presentaci\u00f3n oficial de cara a la temporada 2018 del S\u00faper TC2000. El lugar escogido fue el Aut\u00f3dromo de Buenos Aires, donde el pr\u00f3ximo 18 de marzo se llevar\u00e1 a cabo la primera competencia de la categor\u00eda.<\/p>\n<p>El plantel de pilotos ser\u00e1 el mismo del a\u00f1o pasado, con Agust\u00edn Canapino, <strong>Bernardo Llaver<\/strong>, Facundo Conta y Manuel Mallo. El objetivo tambi\u00e9n: poder quedarse con el t\u00edtulo, pero que en esta ocasi\u00f3n le permitir\u00eda al equipo del Mo\u00f1o volver a contar con el \u201c1\u201d, perdido tras ser vencido por Facundo Ardusso y Renault la temporada pasada.<\/p>\n<p>El auto cuenta con un dise\u00f1o pr\u00e1cticamente similar al de 2017, con el color azul como predominante, m\u00e1s la presencia del blanco y dorado. La petrolera YPF volver\u00e1 a ser el patrocinador principal del equipo.<\/p>\n<p>Por otro lado, se dio a conocer la renovaci\u00f3n del acuerdo entre General Motors y el Pro Racing, estructura que maneja los hilos del equipo desde 2013, por nada menos que seis a\u00f1os.<\/p>\n<p><img loading=\"lazy\" decoding=\"async\" class=\"aligncenter size-full wp-image-24641\" src=\"http:\/\/www.curva1.com.ar\/wp-content\/uploads\/2018\/03\/asddd.jpg\" alt=\"\" width=\"825\" height=\"436\" srcset=\"https:\/\/curva1.com.ar\/wp-content\/uploads\/2018\/03\/asddd.jpg 825w, https:\/\/curva1.com.ar\/wp-content\/uploads\/2018\/03\/asddd-600x317.jpg 600w, https:\/\/curva1.com.ar\/wp-content\/uploads\/2018\/03\/asddd-768x406.jpg 768w\" sizes=\"auto, (max-width: 825px) 100vw, 825px\" \/><\/p>\n","protected":false},"excerpt":{"rendered":"<p>El equipo Chevrolet de S\u00faper TC2000 present\u00f3 en el Aut\u00f3dromo de Buenos Aires su formaci\u00f3n<\/p>\n","protected":false},"author":1,"featured_media":24639,"comment_status":"closed","ping_status":"closed","sticky":false,"template":"","format":"standard","meta":{"footnotes":""},"categories":[6],"tags":[],"class_list":["post-24638","post","type-post","status-publish","format-standard","has-post-thumbnail","hentry","category-nacionales"],"featured_image_urls":{"full":["https:\/\/curva1.com.ar\/wp-content\/uploads\/2018\/03\/a4090c64b8b347db4198de331e3e07ea4d834a35.jpg",1140,600,false],"thumbnail":["https:\/\/curva1.com.ar\/wp-content\/uploads\/2018\/03\/a4090c64b8b347db4198de331e3e07ea4d834a35-300x169.jpg",300,169,true],"medium":["https:\/\/curva1.com.ar\/wp-content\/uploads\/2018\/03\/a4090c64b8b347db4198de331e3e07ea4d834a35-600x316.jpg",600,316,true],"medium_large":["https:\/\/curva1.com.ar\/wp-content\/uploads\/2018\/03\/a4090c64b8b347db4198de331e3e07ea4d834a35-768x404.jpg",640,337,true],"large":["https:\/\/curva1.com.ar\/wp-content\/uploads\/2018\/03\/a4090c64b8b347db4198de331e3e07ea4d834a35-1024x539.jpg",640,337,true],"1536x1536":["https:\/\/curva1.com.ar\/wp-content\/uploads\/2018\/03\/a4090c64b8b347db4198de331e3e07ea4d834a35.jpg",1140,600,false],"2048x2048":["https:\/\/curva1.com.ar\/wp-content\/uploads\/2018\/03\/a4090c64b8b347db4198de331e3e07ea4d834a35.jpg",1140,600,false],"chromenews-featured":["https:\/\/curva1.com.ar\/wp-content\/uploads\/2018\/03\/a4090c64b8b347db4198de331e3e07ea4d834a35.jpg",1024,539,false],"chromenews-large":["https:\/\/curva1.com.ar\/wp-content\/uploads\/2018\/03\/a4090c64b8b347db4198de331e3e07ea4d834a35.jpg",825,434,false],"chromenews-medium":["https:\/\/curva1.com.ar\/wp-content\/uploads\/2018\/03\/a4090c64b8b347db4198de331e3e07ea4d834a35.jpg",590,311,false]},"author_info":{"display_name":"Jos\u00e9 Bravo","author_link":"https:\/\/curva1.com.ar\/?author=1"},"category_info":"<a href=\"https:\/\/curva1.com.ar\/?cat=6\" rel=\"category\">Nacionales<\/a>","tag_info":"Nacionales","comment_count":"0","_links":{"self":[{"href":"https:\/\/curva1.com.ar\/index.php?rest_route=\/wp\/v2\/posts\/24638","targetHints":{"allow":["GET"]}}],"collection":[{"href":"https:\/\/curva1.com.ar\/index.php?rest_route=\/wp\/v2\/posts"}],"about":[{"href":"https:\/\/curva1.com.ar\/index.php?rest_route=\/wp\/v2\/types\/post"}],"author":[{"embeddable":true,"href":"https:\/\/curva1.com.ar\/index.php?rest_route=\/wp\/v2\/users\/1"}],"replies":[{"embeddable":true,"href":"https:\/\/curva1.com.ar\/index.php?rest_route=%2Fwp%2Fv2%2Fcomments&post=24638"}],"version-history":[{"count":3,"href":"https:\/\/curva1.com.ar\/index.php?rest_route=\/wp\/v2\/posts\/24638\/revisions"}],"predecessor-version":[{"id":24643,"href":"https:\/\/curva1.com.ar\/index.php?rest_route=\/wp\/v2\/posts\/24638\/revisions\/24643"}],"wp:featuredmedia":[{"embeddable":true,"href":"https:\/\/curva1.com.ar\/index.php?rest_route=\/wp\/v2\/media\/24639"}],"wp:attachment":[{"href":"https:\/\/curva1.com.ar\/index.php?rest_route=%2Fwp%2Fv2%2Fmedia&parent=24638"}],"wp:term":[{"taxonomy":"category","embeddable":true,"href":"https:\/\/curva1.com.ar\/index.php?rest_route=%2Fwp%2Fv2%2Fcategories&post=24638"},{"taxonomy":"post_tag","embeddable":true,"href":"https:\/\/curva1.com.ar\/index.php?rest_route=%2Fwp%2Fv2%2Ftags&post=24638"}],"curies":[{"name":"wp","href":"https:\/\/api.w.org\/{rel}","templated":true}]}}