{"id":24666,"date":"2018-03-03T22:05:16","date_gmt":"2018-03-04T01:05:16","guid":{"rendered":"http:\/\/www.curva1.com.ar\/?p=24666"},"modified":"2020-04-10T15:12:37","modified_gmt":"2020-04-10T18:12:37","slug":"drone-rompio-el-auto-de-super-tc2000-de-berni-llaver","status":"publish","type":"post","link":"https:\/\/curva1.com.ar\/?p=24666","title":{"rendered":"Drone rompi\u00f3 el auto de S\u00faper TC2000 de Berni Llaver"},"content":{"rendered":"<p>Un drone le rompi\u00f3 el parabrisas al mendocino\u00a0<span class=\"_5afx\"><span class=\"_58cm\">Berni Llaver<\/span><\/span>\u00a0durante la presentaci\u00f3n del\u00a0<span class=\"_5afx\"><span class=\"_58cm\">S\u00faper TC2000<\/span><\/span>\u00a0en Carlos Paz, que se realiz\u00f3 hoy 3 de marzo.<\/p>\n<p>Algo totalmente ins\u00f3lito, donde Berni tuvo que detener su marcha en forma obligatoria por este incidente.<\/p>\n<p style=\"text-align: center;\"><iframe loading=\"lazy\" style=\"border: none; overflow: hidden;\" src=\"https:\/\/www.facebook.com\/plugins\/video.php?href=https%3A%2F%2Fwww.facebook.com%2Frevistacurva1%2Fvideos%2F1636973319672116%2F&amp;show_text=0&amp;width=476\" width=\"476\" height=\"476\" frameborder=\"0\" scrolling=\"no\" allowfullscreen=\"allowfullscreen\"><\/iframe><\/p>\n","protected":false},"excerpt":{"rendered":"<p>Un drone le rompi\u00f3 el parabrisas al mendocino\u00a0Berni Llaver\u00a0durante la presentaci\u00f3n del\u00a0S\u00faper TC2000\u00a0en Carlos Paz,<\/p>\n","protected":false},"author":1,"featured_media":24667,"comment_status":"closed","ping_status":"closed","sticky":false,"template":"","format":"video","meta":{"footnotes":""},"categories":[6],"tags":[],"class_list":["post-24666","post","type-post","status-publish","format-video","has-post-thumbnail","hentry","category-nacionales","post_format-post-format-video"],"featured_image_urls":{"full":["https:\/\/curva1.com.ar\/wp-content\/uploads\/2018\/03\/28423514_1862111303822572_754705102546405862_o.jpg",960,540,false],"thumbnail":["https:\/\/curva1.com.ar\/wp-content\/uploads\/2018\/03\/28423514_1862111303822572_754705102546405862_o-300x169.jpg",300,169,true],"medium":["https:\/\/curva1.com.ar\/wp-content\/uploads\/2018\/03\/28423514_1862111303822572_754705102546405862_o-600x337.jpg",600,337,true],"medium_large":["https:\/\/curva1.com.ar\/wp-content\/uploads\/2018\/03\/28423514_1862111303822572_754705102546405862_o-768x432.jpg",640,360,true],"large":["https:\/\/curva1.com.ar\/wp-content\/uploads\/2018\/03\/28423514_1862111303822572_754705102546405862_o.jpg",640,360,false],"1536x1536":["https:\/\/curva1.com.ar\/wp-content\/uploads\/2018\/03\/28423514_1862111303822572_754705102546405862_o.jpg",960,540,false],"2048x2048":["https:\/\/curva1.com.ar\/wp-content\/uploads\/2018\/03\/28423514_1862111303822572_754705102546405862_o.jpg",960,540,false],"chromenews-featured":["https:\/\/curva1.com.ar\/wp-content\/uploads\/2018\/03\/28423514_1862111303822572_754705102546405862_o.jpg",960,540,false],"chromenews-large":["https:\/\/curva1.com.ar\/wp-content\/uploads\/2018\/03\/28423514_1862111303822572_754705102546405862_o.jpg",825,464,false],"chromenews-medium":["https:\/\/curva1.com.ar\/wp-content\/uploads\/2018\/03\/28423514_1862111303822572_754705102546405862_o.jpg",590,332,false]},"author_info":{"display_name":"Jos\u00e9 Bravo","author_link":"https:\/\/curva1.com.ar\/?author=1"},"category_info":"<a href=\"https:\/\/curva1.com.ar\/?cat=6\" rel=\"category\">Nacionales<\/a>","tag_info":"Nacionales","comment_count":"0","_links":{"self":[{"href":"https:\/\/curva1.com.ar\/index.php?rest_route=\/wp\/v2\/posts\/24666","targetHints":{"allow":["GET"]}}],"collection":[{"href":"https:\/\/curva1.com.ar\/index.php?rest_route=\/wp\/v2\/posts"}],"about":[{"href":"https:\/\/curva1.com.ar\/index.php?rest_route=\/wp\/v2\/types\/post"}],"author":[{"embeddable":true,"href":"https:\/\/curva1.com.ar\/index.php?rest_route=\/wp\/v2\/users\/1"}],"replies":[{"embeddable":true,"href":"https:\/\/curva1.com.ar\/index.php?rest_route=%2Fwp%2Fv2%2Fcomments&post=24666"}],"version-history":[{"count":1,"href":"https:\/\/curva1.com.ar\/index.php?rest_route=\/wp\/v2\/posts\/24666\/revisions"}],"predecessor-version":[{"id":24668,"href":"https:\/\/curva1.com.ar\/index.php?rest_route=\/wp\/v2\/posts\/24666\/revisions\/24668"}],"wp:featuredmedia":[{"embeddable":true,"href":"https:\/\/curva1.com.ar\/index.php?rest_route=\/wp\/v2\/media\/24667"}],"wp:attachment":[{"href":"https:\/\/curva1.com.ar\/index.php?rest_route=%2Fwp%2Fv2%2Fmedia&parent=24666"}],"wp:term":[{"taxonomy":"category","embeddable":true,"href":"https:\/\/curva1.com.ar\/index.php?rest_route=%2Fwp%2Fv2%2Fcategories&post=24666"},{"taxonomy":"post_tag","embeddable":true,"href":"https:\/\/curva1.com.ar\/index.php?rest_route=%2Fwp%2Fv2%2Ftags&post=24666"}],"curies":[{"name":"wp","href":"https:\/\/api.w.org\/{rel}","templated":true}]}}