{"id":24684,"date":"2018-03-09T01:00:49","date_gmt":"2018-03-09T04:00:49","guid":{"rendered":"http:\/\/www.curva1.com.ar\/?p=24684"},"modified":"2018-03-09T01:32:45","modified_gmt":"2018-03-09T04:32:45","slug":"cuatros-mendocinos-en-el-turismo-pista-en-cordoba","status":"publish","type":"post","link":"https:\/\/curva1.com.ar\/?p=24684","title":{"rendered":"Cuatros mendocinos en el Turismo Pista en C\u00f3rdoba"},"content":{"rendered":"<p><img loading=\"lazy\" decoding=\"async\" class=\"aligncenter size-full wp-image-24685\" src=\"http:\/\/www.curva1.com.ar\/wp-content\/uploads\/2018\/03\/28795487_160613221203133_8739440694176776192_n.jpg\" alt=\"\" width=\"960\" height=\"637\" srcset=\"https:\/\/curva1.com.ar\/wp-content\/uploads\/2018\/03\/28795487_160613221203133_8739440694176776192_n.jpg 960w, https:\/\/curva1.com.ar\/wp-content\/uploads\/2018\/03\/28795487_160613221203133_8739440694176776192_n-508x337.jpg 508w, https:\/\/curva1.com.ar\/wp-content\/uploads\/2018\/03\/28795487_160613221203133_8739440694176776192_n-768x510.jpg 768w\" sizes=\"auto, (max-width: 960px) 100vw, 960px\" \/><\/p>\n<p>Este fin de semana abre la temporada 2018 el Turismo Pista en el aut\u00f3dromo Cabal\u00e9n de Alta Gracia y all\u00ed estar\u00e1n compitiendo 4 pilotos mendocinos.<\/p>\n<p>Willy S\u00e1nchez (foto arriba) debutar\u00e1 en la Clase 2 y va con muchas expectativas a bordo de su Chevrolet Corsa.<\/p>\n<p>En la Clase 3 estar\u00e1n tres pilotos de San Rafael: los hermanos Gonzalo y Mat\u00edas Antol\u00edn, a los que se suma Pablo Malizia.<\/p>\n<p><img loading=\"lazy\" decoding=\"async\" class=\"aligncenter size-full wp-image-24686\" src=\"http:\/\/www.curva1.com.ar\/wp-content\/uploads\/2018\/03\/28661260_194240414511039_7987990390119063077_n.jpg\" alt=\"\" width=\"960\" height=\"576\" srcset=\"https:\/\/curva1.com.ar\/wp-content\/uploads\/2018\/03\/28661260_194240414511039_7987990390119063077_n.jpg 960w, https:\/\/curva1.com.ar\/wp-content\/uploads\/2018\/03\/28661260_194240414511039_7987990390119063077_n-562x337.jpg 562w, https:\/\/curva1.com.ar\/wp-content\/uploads\/2018\/03\/28661260_194240414511039_7987990390119063077_n-768x461.jpg 768w\" sizes=\"auto, (max-width: 960px) 100vw, 960px\" \/> <img loading=\"lazy\" decoding=\"async\" class=\"aligncenter size-full wp-image-24687\" src=\"http:\/\/www.curva1.com.ar\/wp-content\/uploads\/2018\/03\/28782972_194240347844379_2552888411479027301_n.jpg\" alt=\"\" width=\"960\" height=\"576\" srcset=\"https:\/\/curva1.com.ar\/wp-content\/uploads\/2018\/03\/28782972_194240347844379_2552888411479027301_n.jpg 960w, https:\/\/curva1.com.ar\/wp-content\/uploads\/2018\/03\/28782972_194240347844379_2552888411479027301_n-562x337.jpg 562w, https:\/\/curva1.com.ar\/wp-content\/uploads\/2018\/03\/28782972_194240347844379_2552888411479027301_n-768x461.jpg 768w\" sizes=\"auto, (max-width: 960px) 100vw, 960px\" \/><\/p>\n","protected":false},"excerpt":{"rendered":"<p>Este fin de semana abre la temporada 2018 el Turismo Pista en el aut\u00f3dromo Cabal\u00e9n<\/p>\n","protected":false},"author":1,"featured_media":24685,"comment_status":"closed","ping_status":"closed","sticky":false,"template":"","format":"standard","meta":{"footnotes":""},"categories":[6],"tags":[],"class_list":["post-24684","post","type-post","status-publish","format-standard","has-post-thumbnail","hentry","category-nacionales"],"featured_image_urls":{"full":["https:\/\/curva1.com.ar\/wp-content\/uploads\/2018\/03\/28795487_160613221203133_8739440694176776192_n.jpg",960,637,false],"thumbnail":["https:\/\/curva1.com.ar\/wp-content\/uploads\/2018\/03\/28795487_160613221203133_8739440694176776192_n-300x169.jpg",300,169,true],"medium":["https:\/\/curva1.com.ar\/wp-content\/uploads\/2018\/03\/28795487_160613221203133_8739440694176776192_n-508x337.jpg",508,337,true],"medium_large":["https:\/\/curva1.com.ar\/wp-content\/uploads\/2018\/03\/28795487_160613221203133_8739440694176776192_n-768x510.jpg",640,425,true],"large":["https:\/\/curva1.com.ar\/wp-content\/uploads\/2018\/03\/28795487_160613221203133_8739440694176776192_n.jpg",640,425,false],"1536x1536":["https:\/\/curva1.com.ar\/wp-content\/uploads\/2018\/03\/28795487_160613221203133_8739440694176776192_n.jpg",960,637,false],"2048x2048":["https:\/\/curva1.com.ar\/wp-content\/uploads\/2018\/03\/28795487_160613221203133_8739440694176776192_n.jpg",960,637,false],"chromenews-featured":["https:\/\/curva1.com.ar\/wp-content\/uploads\/2018\/03\/28795487_160613221203133_8739440694176776192_n.jpg",960,637,false],"chromenews-large":["https:\/\/curva1.com.ar\/wp-content\/uploads\/2018\/03\/28795487_160613221203133_8739440694176776192_n.jpg",825,547,false],"chromenews-medium":["https:\/\/curva1.com.ar\/wp-content\/uploads\/2018\/03\/28795487_160613221203133_8739440694176776192_n.jpg",590,391,false]},"author_info":{"display_name":"Jos\u00e9 Bravo","author_link":"https:\/\/curva1.com.ar\/?author=1"},"category_info":"<a href=\"https:\/\/curva1.com.ar\/?cat=6\" rel=\"category\">Nacionales<\/a>","tag_info":"Nacionales","comment_count":"0","_links":{"self":[{"href":"https:\/\/curva1.com.ar\/index.php?rest_route=\/wp\/v2\/posts\/24684","targetHints":{"allow":["GET"]}}],"collection":[{"href":"https:\/\/curva1.com.ar\/index.php?rest_route=\/wp\/v2\/posts"}],"about":[{"href":"https:\/\/curva1.com.ar\/index.php?rest_route=\/wp\/v2\/types\/post"}],"author":[{"embeddable":true,"href":"https:\/\/curva1.com.ar\/index.php?rest_route=\/wp\/v2\/users\/1"}],"replies":[{"embeddable":true,"href":"https:\/\/curva1.com.ar\/index.php?rest_route=%2Fwp%2Fv2%2Fcomments&post=24684"}],"version-history":[{"count":2,"href":"https:\/\/curva1.com.ar\/index.php?rest_route=\/wp\/v2\/posts\/24684\/revisions"}],"predecessor-version":[{"id":24706,"href":"https:\/\/curva1.com.ar\/index.php?rest_route=\/wp\/v2\/posts\/24684\/revisions\/24706"}],"wp:featuredmedia":[{"embeddable":true,"href":"https:\/\/curva1.com.ar\/index.php?rest_route=\/wp\/v2\/media\/24685"}],"wp:attachment":[{"href":"https:\/\/curva1.com.ar\/index.php?rest_route=%2Fwp%2Fv2%2Fmedia&parent=24684"}],"wp:term":[{"taxonomy":"category","embeddable":true,"href":"https:\/\/curva1.com.ar\/index.php?rest_route=%2Fwp%2Fv2%2Fcategories&post=24684"},{"taxonomy":"post_tag","embeddable":true,"href":"https:\/\/curva1.com.ar\/index.php?rest_route=%2Fwp%2Fv2%2Ftags&post=24684"}],"curies":[{"name":"wp","href":"https:\/\/api.w.org\/{rel}","templated":true}]}}