{"id":24689,"date":"2018-03-09T01:17:28","date_gmt":"2018-03-09T04:17:28","guid":{"rendered":"http:\/\/www.curva1.com.ar\/?p=24689"},"modified":"2018-03-19T13:50:01","modified_gmt":"2018-03-19T16:50:01","slug":"volantes-de-cuyo-inauguro-su-sede-en-godoy-cruz","status":"publish","type":"post","link":"https:\/\/curva1.com.ar\/?p=24689","title":{"rendered":"Volantes de Cuyo inaugur\u00f3 su sede en Mendoza"},"content":{"rendered":"<p><img loading=\"lazy\" decoding=\"async\" class=\"aligncenter size-full wp-image-24690\" src=\"http:\/\/www.curva1.com.ar\/wp-content\/uploads\/2018\/03\/28795237_10215440534543587_4635523103116435835_n.jpg\" alt=\"\" width=\"960\" height=\"609\" srcset=\"https:\/\/curva1.com.ar\/wp-content\/uploads\/2018\/03\/28795237_10215440534543587_4635523103116435835_n.jpg 960w, https:\/\/curva1.com.ar\/wp-content\/uploads\/2018\/03\/28795237_10215440534543587_4635523103116435835_n-531x337.jpg 531w, https:\/\/curva1.com.ar\/wp-content\/uploads\/2018\/03\/28795237_10215440534543587_4635523103116435835_n-768x487.jpg 768w\" sizes=\"auto, (max-width: 960px) 100vw, 960px\" \/><\/p>\n<p>La <strong>Asociaci\u00f3n Argentina de Volantes &#8220;Delegaci\u00f3n Cuyo&#8221;<\/strong> ya tiene oficinas propias y Jos\u00e9 Mar\u00eda Andreucetti dio detalles.<\/p>\n<p>El jueves 8 de marzo qued\u00f3 inaugurada su sede en Godoy Cruz, donde adem\u00e1s se emitir\u00e1n licencias m\u00e9dicas y el servicio es exclusivo para pilotos.<\/p>\n<p><strong>&#8220;Estamos muy contentos porque hemos trabajado mucho para ellos. Tenemos una oficina propia, sala de reuniones, siempre para beneficios de los pilotos porque aqu\u00ed no encontrar\u00e1n otras personas realizando estudios que no sean pertenecientes al automovilismo&#8221;<\/strong> destaco Andreucetti.<\/p>\n<p><strong>&#8220;Es algo muy positivo para Mendoza porque tenemos atenci\u00f3n exclusiva para pilotos, que ahora tendr\u00e1n la posibilidad de hacerse sus estudios en nuestra oficina. Es una alegr\u00eda poder compartir la pasi\u00f3n con mi profesi\u00f3n. Pedimos a los pilotos interesados que reserven su turno v\u00eda telef\u00f3nica, para una mejor atenci\u00f3n&#8221;<\/strong> dijo el Dr. Lucas Fosco.<\/p>\n<p>Tambi\u00e9n recordaron que contin\u00faan vigentes los lugares en distintos lugares de la provincia para realizarse estudios.\u00a0M\u00e1s info sobre licencias <a href=\"http:\/\/www.femadmza.com.ar\/2018\/Comunicados\/ComunicadoLicenciaMedicaNacional.pdf\" target=\"_blank\" rel=\"noopener\">ingresando aqu\u00ed.<\/a><\/p>\n<hr \/>\n<p><img loading=\"lazy\" decoding=\"async\" class=\"aligncenter size-full wp-image-24703\" src=\"http:\/\/www.curva1.com.ar\/wp-content\/uploads\/2018\/03\/6b0.jpg\" alt=\"\" width=\"430\" height=\"74\" \/><\/p>\n<hr \/>\n<h3 style=\"text-align: center;\"><span style=\"color: #3366ff;\">Decurguez 280 &#8211; Godoy Cruz &#8211; Mendoza<\/span><\/h3>\n<p style=\"text-align: center;\">&#x1f530;\u00a0<a href=\"https:\/\/www.google.com.ar\/maps\/place\/Decurguez+280,+Godoy+Cruz,+Mendoza\/@-32.931735,-68.8512464,17z\/data=!3m1!4b1!4m5!3m4!1s0x967e0bd0d3c17ee1:0x4bd985b1edc868c2!8m2!3d-32.931735!4d-68.8490577\" target=\"_blank\" rel=\"noopener\">Ver en Google Maps<\/a><\/p>\n<hr \/>\n<h3 style=\"text-align: center;\"><span style=\"color: #3366ff;\">SOLICITA TU TURNO<\/span><\/h3>\n<h3 style=\"text-align: center;\"><span style=\"color: #3366ff;\">&#x1f4de;\u00a02617224889\u00a0 \u00a0\/\u00a0 &#x1f4de;\u00a02612065609<\/span><\/h3>\n<hr \/>\n<h3 style=\"text-align: center;\"><span style=\"color: #3366ff;\">ATENCION<\/span><\/h3>\n<h3 style=\"text-align: center;\"><span style=\"color: #3366ff;\">Lunes a Viernes &#8211; 8:30 a 12:30 horas<\/span><\/h3>\n<hr \/>\n<p><img loading=\"lazy\" decoding=\"async\" class=\"aligncenter size-full wp-image-24691\" src=\"http:\/\/www.curva1.com.ar\/wp-content\/uploads\/2018\/03\/28685413_10215440534223579_5851868182165539366_n.jpg\" alt=\"\" width=\"960\" height=\"720\" srcset=\"https:\/\/curva1.com.ar\/wp-content\/uploads\/2018\/03\/28685413_10215440534223579_5851868182165539366_n.jpg 960w, https:\/\/curva1.com.ar\/wp-content\/uploads\/2018\/03\/28685413_10215440534223579_5851868182165539366_n-449x337.jpg 449w, https:\/\/curva1.com.ar\/wp-content\/uploads\/2018\/03\/28685413_10215440534223579_5851868182165539366_n-768x576.jpg 768w\" sizes=\"auto, (max-width: 960px) 100vw, 960px\" \/> <img loading=\"lazy\" decoding=\"async\" class=\"aligncenter size-full wp-image-24692\" src=\"http:\/\/www.curva1.com.ar\/wp-content\/uploads\/2018\/03\/28783047_10215440535463610_7738568719385342461_n.jpg\" alt=\"\" width=\"960\" height=\"647\" srcset=\"https:\/\/curva1.com.ar\/wp-content\/uploads\/2018\/03\/28783047_10215440535463610_7738568719385342461_n.jpg 960w, https:\/\/curva1.com.ar\/wp-content\/uploads\/2018\/03\/28783047_10215440535463610_7738568719385342461_n-500x337.jpg 500w, https:\/\/curva1.com.ar\/wp-content\/uploads\/2018\/03\/28783047_10215440535463610_7738568719385342461_n-768x518.jpg 768w\" sizes=\"auto, (max-width: 960px) 100vw, 960px\" \/> <img loading=\"lazy\" decoding=\"async\" class=\"aligncenter size-full wp-image-24694\" src=\"http:\/\/www.curva1.com.ar\/wp-content\/uploads\/2018\/03\/WhatsApp-Image-2018-03-08-at-13.16.02-1.jpeg\" alt=\"\" width=\"960\" height=\"645\" srcset=\"https:\/\/curva1.com.ar\/wp-content\/uploads\/2018\/03\/WhatsApp-Image-2018-03-08-at-13.16.02-1.jpeg 960w, https:\/\/curva1.com.ar\/wp-content\/uploads\/2018\/03\/WhatsApp-Image-2018-03-08-at-13.16.02-1-502x337.jpeg 502w, https:\/\/curva1.com.ar\/wp-content\/uploads\/2018\/03\/WhatsApp-Image-2018-03-08-at-13.16.02-1-768x516.jpeg 768w\" sizes=\"auto, (max-width: 960px) 100vw, 960px\" \/> <img loading=\"lazy\" decoding=\"async\" class=\"aligncenter size-full wp-image-24695\" src=\"http:\/\/www.curva1.com.ar\/wp-content\/uploads\/2018\/03\/WhatsApp-Image-2018-03-08-at-13.16.03.jpeg\" alt=\"\" width=\"960\" height=\"700\" srcset=\"https:\/\/curva1.com.ar\/wp-content\/uploads\/2018\/03\/WhatsApp-Image-2018-03-08-at-13.16.03.jpeg 960w, https:\/\/curva1.com.ar\/wp-content\/uploads\/2018\/03\/WhatsApp-Image-2018-03-08-at-13.16.03-462x337.jpeg 462w, https:\/\/curva1.com.ar\/wp-content\/uploads\/2018\/03\/WhatsApp-Image-2018-03-08-at-13.16.03-768x560.jpeg 768w\" sizes=\"auto, (max-width: 960px) 100vw, 960px\" \/><\/p>\n<p>&nbsp;<\/p>\n","protected":false},"excerpt":{"rendered":"<p>La Asociaci\u00f3n Argentina de Volantes &#8220;Delegaci\u00f3n Cuyo&#8221; ya tiene oficinas propias y Jos\u00e9 Mar\u00eda Andreucetti<\/p>\n","protected":false},"author":1,"featured_media":24690,"comment_status":"closed","ping_status":"closed","sticky":false,"template":"","format":"standard","meta":{"footnotes":""},"categories":[1],"tags":[],"class_list":["post-24689","post","type-post","status-publish","format-standard","has-post-thumbnail","hentry","category-zonal-cuyano"],"featured_image_urls":{"full":["https:\/\/curva1.com.ar\/wp-content\/uploads\/2018\/03\/28795237_10215440534543587_4635523103116435835_n.jpg",960,609,false],"thumbnail":["https:\/\/curva1.com.ar\/wp-content\/uploads\/2018\/03\/28795237_10215440534543587_4635523103116435835_n-300x169.jpg",300,169,true],"medium":["https:\/\/curva1.com.ar\/wp-content\/uploads\/2018\/03\/28795237_10215440534543587_4635523103116435835_n-531x337.jpg",531,337,true],"medium_large":["https:\/\/curva1.com.ar\/wp-content\/uploads\/2018\/03\/28795237_10215440534543587_4635523103116435835_n-768x487.jpg",640,406,true],"large":["https:\/\/curva1.com.ar\/wp-content\/uploads\/2018\/03\/28795237_10215440534543587_4635523103116435835_n.jpg",640,406,false],"1536x1536":["https:\/\/curva1.com.ar\/wp-content\/uploads\/2018\/03\/28795237_10215440534543587_4635523103116435835_n.jpg",960,609,false],"2048x2048":["https:\/\/curva1.com.ar\/wp-content\/uploads\/2018\/03\/28795237_10215440534543587_4635523103116435835_n.jpg",960,609,false],"chromenews-featured":["https:\/\/curva1.com.ar\/wp-content\/uploads\/2018\/03\/28795237_10215440534543587_4635523103116435835_n.jpg",960,609,false],"chromenews-large":["https:\/\/curva1.com.ar\/wp-content\/uploads\/2018\/03\/28795237_10215440534543587_4635523103116435835_n.jpg",825,523,false],"chromenews-medium":["https:\/\/curva1.com.ar\/wp-content\/uploads\/2018\/03\/28795237_10215440534543587_4635523103116435835_n.jpg",590,374,false]},"author_info":{"display_name":"Jos\u00e9 Bravo","author_link":"https:\/\/curva1.com.ar\/?author=1"},"category_info":"<a href=\"https:\/\/curva1.com.ar\/?cat=1\" rel=\"category\">Zonal Cuyano<\/a>","tag_info":"Zonal Cuyano","comment_count":"0","_links":{"self":[{"href":"https:\/\/curva1.com.ar\/index.php?rest_route=\/wp\/v2\/posts\/24689","targetHints":{"allow":["GET"]}}],"collection":[{"href":"https:\/\/curva1.com.ar\/index.php?rest_route=\/wp\/v2\/posts"}],"about":[{"href":"https:\/\/curva1.com.ar\/index.php?rest_route=\/wp\/v2\/types\/post"}],"author":[{"embeddable":true,"href":"https:\/\/curva1.com.ar\/index.php?rest_route=\/wp\/v2\/users\/1"}],"replies":[{"embeddable":true,"href":"https:\/\/curva1.com.ar\/index.php?rest_route=%2Fwp%2Fv2%2Fcomments&post=24689"}],"version-history":[{"count":6,"href":"https:\/\/curva1.com.ar\/index.php?rest_route=\/wp\/v2\/posts\/24689\/revisions"}],"predecessor-version":[{"id":24705,"href":"https:\/\/curva1.com.ar\/index.php?rest_route=\/wp\/v2\/posts\/24689\/revisions\/24705"}],"wp:featuredmedia":[{"embeddable":true,"href":"https:\/\/curva1.com.ar\/index.php?rest_route=\/wp\/v2\/media\/24690"}],"wp:attachment":[{"href":"https:\/\/curva1.com.ar\/index.php?rest_route=%2Fwp%2Fv2%2Fmedia&parent=24689"}],"wp:term":[{"taxonomy":"category","embeddable":true,"href":"https:\/\/curva1.com.ar\/index.php?rest_route=%2Fwp%2Fv2%2Fcategories&post=24689"},{"taxonomy":"post_tag","embeddable":true,"href":"https:\/\/curva1.com.ar\/index.php?rest_route=%2Fwp%2Fv2%2Ftags&post=24689"}],"curies":[{"name":"wp","href":"https:\/\/api.w.org\/{rel}","templated":true}]}}