{"id":24711,"date":"2018-03-09T10:52:59","date_gmt":"2018-03-09T13:52:59","guid":{"rendered":"http:\/\/www.curva1.com.ar\/?p=24711"},"modified":"2018-03-09T10:52:59","modified_gmt":"2018-03-09T13:52:59","slug":"martinez-viaja-a-rio-cuarto-para-la-segunda-de-la-fr-plus","status":"publish","type":"post","link":"https:\/\/curva1.com.ar\/?p=24711","title":{"rendered":"Mart\u00ednez viaja a R\u00edo Cuarto para la segunda de la FR Plus"},"content":{"rendered":"<p><img loading=\"lazy\" decoding=\"async\" class=\"aligncenter size-full wp-image-24712\" src=\"http:\/\/www.curva1.com.ar\/wp-content\/uploads\/2018\/03\/HC_654604.jpg\" alt=\"\" width=\"1000\" height=\"562\" srcset=\"https:\/\/curva1.com.ar\/wp-content\/uploads\/2018\/03\/HC_654604.jpg 1000w, https:\/\/curva1.com.ar\/wp-content\/uploads\/2018\/03\/HC_654604-300x169.jpg 300w, https:\/\/curva1.com.ar\/wp-content\/uploads\/2018\/03\/HC_654604-600x337.jpg 600w, https:\/\/curva1.com.ar\/wp-content\/uploads\/2018\/03\/HC_654604-768x432.jpg 768w\" sizes=\"auto, (max-width: 1000px) 100vw, 1000px\" \/><\/p>\n<p>El piloto de San Juan viajar\u00e1 este fin de semana al Aut\u00f3dromo de R\u00edo Cuarto, donde disputar\u00e1 su segunda competencia del a\u00f1o dentro de la F\u00f3rmula Renault Plus.<\/p>\n<p><strong>&#8220;Vamos confiados, porque conozco el circuito ya que corr\u00ed en la \u00faltima fecha del 2017&#8221;<\/strong> destac\u00f3 Tob\u00edas Mart\u00ednez que nuevamente estar\u00e1 a bordo del monoplaza del Aimar Motorsport.<\/p>\n<p>Tob\u00edas querr\u00e1 concretar un buen resultado en la final, luego de que la fecha pasada clasific\u00f3 2\u00ba y ven\u00eda peleando por el podio, cuando a pocas vueltas del final abandon\u00f3 por problemas el\u00e9ctricos en su auto.<\/p>\n<p>Esta fecha de la F\u00f3rmula Renault Plus ser\u00e1 especial, ya que tendr\u00e1 dos carreras. La primera ser\u00e1 el s\u00e1bado por la tarde y la segunda el domingo pasado el mediod\u00eda.<\/p>\n<p><img loading=\"lazy\" decoding=\"async\" class=\"aligncenter size-full wp-image-24713\" src=\"http:\/\/www.curva1.com.ar\/wp-content\/uploads\/2018\/03\/28698859_745582602318397_7126382017176244265_o.jpg\" alt=\"\" width=\"1280\" height=\"853\" srcset=\"https:\/\/curva1.com.ar\/wp-content\/uploads\/2018\/03\/28698859_745582602318397_7126382017176244265_o.jpg 1280w, https:\/\/curva1.com.ar\/wp-content\/uploads\/2018\/03\/28698859_745582602318397_7126382017176244265_o-506x337.jpg 506w, https:\/\/curva1.com.ar\/wp-content\/uploads\/2018\/03\/28698859_745582602318397_7126382017176244265_o-768x512.jpg 768w, https:\/\/curva1.com.ar\/wp-content\/uploads\/2018\/03\/28698859_745582602318397_7126382017176244265_o-1024x682.jpg 1024w\" sizes=\"auto, (max-width: 1280px) 100vw, 1280px\" \/><\/p>\n","protected":false},"excerpt":{"rendered":"<p>El piloto de San Juan viajar\u00e1 este fin de semana al Aut\u00f3dromo de R\u00edo Cuarto,<\/p>\n","protected":false},"author":1,"featured_media":24712,"comment_status":"closed","ping_status":"closed","sticky":false,"template":"","format":"standard","meta":{"footnotes":""},"categories":[6],"tags":[],"class_list":["post-24711","post","type-post","status-publish","format-standard","has-post-thumbnail","hentry","category-nacionales"],"featured_image_urls":{"full":["https:\/\/curva1.com.ar\/wp-content\/uploads\/2018\/03\/HC_654604.jpg",1000,562,false],"thumbnail":["https:\/\/curva1.com.ar\/wp-content\/uploads\/2018\/03\/HC_654604-300x169.jpg",300,169,true],"medium":["https:\/\/curva1.com.ar\/wp-content\/uploads\/2018\/03\/HC_654604-600x337.jpg",600,337,true],"medium_large":["https:\/\/curva1.com.ar\/wp-content\/uploads\/2018\/03\/HC_654604-768x432.jpg",640,360,true],"large":["https:\/\/curva1.com.ar\/wp-content\/uploads\/2018\/03\/HC_654604.jpg",640,360,false],"1536x1536":["https:\/\/curva1.com.ar\/wp-content\/uploads\/2018\/03\/HC_654604.jpg",1000,562,false],"2048x2048":["https:\/\/curva1.com.ar\/wp-content\/uploads\/2018\/03\/HC_654604.jpg",1000,562,false],"chromenews-featured":["https:\/\/curva1.com.ar\/wp-content\/uploads\/2018\/03\/HC_654604.jpg",1000,562,false],"chromenews-large":["https:\/\/curva1.com.ar\/wp-content\/uploads\/2018\/03\/HC_654604.jpg",825,464,false],"chromenews-medium":["https:\/\/curva1.com.ar\/wp-content\/uploads\/2018\/03\/HC_654604.jpg",590,332,false]},"author_info":{"display_name":"Jos\u00e9 Bravo","author_link":"https:\/\/curva1.com.ar\/?author=1"},"category_info":"<a href=\"https:\/\/curva1.com.ar\/?cat=6\" rel=\"category\">Nacionales<\/a>","tag_info":"Nacionales","comment_count":"0","_links":{"self":[{"href":"https:\/\/curva1.com.ar\/index.php?rest_route=\/wp\/v2\/posts\/24711","targetHints":{"allow":["GET"]}}],"collection":[{"href":"https:\/\/curva1.com.ar\/index.php?rest_route=\/wp\/v2\/posts"}],"about":[{"href":"https:\/\/curva1.com.ar\/index.php?rest_route=\/wp\/v2\/types\/post"}],"author":[{"embeddable":true,"href":"https:\/\/curva1.com.ar\/index.php?rest_route=\/wp\/v2\/users\/1"}],"replies":[{"embeddable":true,"href":"https:\/\/curva1.com.ar\/index.php?rest_route=%2Fwp%2Fv2%2Fcomments&post=24711"}],"version-history":[{"count":1,"href":"https:\/\/curva1.com.ar\/index.php?rest_route=\/wp\/v2\/posts\/24711\/revisions"}],"predecessor-version":[{"id":24714,"href":"https:\/\/curva1.com.ar\/index.php?rest_route=\/wp\/v2\/posts\/24711\/revisions\/24714"}],"wp:featuredmedia":[{"embeddable":true,"href":"https:\/\/curva1.com.ar\/index.php?rest_route=\/wp\/v2\/media\/24712"}],"wp:attachment":[{"href":"https:\/\/curva1.com.ar\/index.php?rest_route=%2Fwp%2Fv2%2Fmedia&parent=24711"}],"wp:term":[{"taxonomy":"category","embeddable":true,"href":"https:\/\/curva1.com.ar\/index.php?rest_route=%2Fwp%2Fv2%2Fcategories&post=24711"},{"taxonomy":"post_tag","embeddable":true,"href":"https:\/\/curva1.com.ar\/index.php?rest_route=%2Fwp%2Fv2%2Ftags&post=24711"}],"curies":[{"name":"wp","href":"https:\/\/api.w.org\/{rel}","templated":true}]}}