{"id":24728,"date":"2018-03-09T15:29:43","date_gmt":"2018-03-09T18:29:43","guid":{"rendered":"http:\/\/www.curva1.com.ar\/?p=24728"},"modified":"2018-03-09T15:35:34","modified_gmt":"2018-03-09T18:35:34","slug":"cimino-y-vicino-quieren-aprovechar-las-ausencias","status":"publish","type":"post","link":"https:\/\/curva1.com.ar\/?p=24728","title":{"rendered":"Cimino y Vicino quieren aprovechar las ausencias"},"content":{"rendered":"<figure id=\"attachment_24730\" aria-describedby=\"caption-attachment-24730\" style=\"width: 960px\" class=\"wp-caption aligncenter\"><img loading=\"lazy\" decoding=\"async\" class=\"size-full wp-image-24730\" src=\"http:\/\/www.curva1.com.ar\/wp-content\/uploads\/2018\/03\/IMG_8728.jpg\" alt=\"\" width=\"960\" height=\"540\" srcset=\"https:\/\/curva1.com.ar\/wp-content\/uploads\/2018\/03\/IMG_8728.jpg 960w, https:\/\/curva1.com.ar\/wp-content\/uploads\/2018\/03\/IMG_8728-300x169.jpg 300w, https:\/\/curva1.com.ar\/wp-content\/uploads\/2018\/03\/IMG_8728-600x337.jpg 600w, https:\/\/curva1.com.ar\/wp-content\/uploads\/2018\/03\/IMG_8728-768x432.jpg 768w\" sizes=\"auto, (max-width: 960px) 100vw, 960px\" \/><figcaption id=\"caption-attachment-24730\" class=\"wp-caption-text\"><span style=\"color: #ff0000;\">CIMINO Y VICINO . . . RUEDA A RUEDA!!!<\/span><\/figcaption><\/figure>\n<p>Esta noche el Speedway El Santo ser\u00e1 imperdible, porque las ausencias de Jorge Vitar (puntero del certamen) y William S\u00e1nchez (4\u00ba en el certamen y actual campe\u00f3n) provocar\u00e1 una lucha por ver quien se acerca m\u00e1s a la punta de la tabla &#8220;speedwera&#8221;.<\/p>\n<p>Los ausentes est\u00e1n en C\u00f3rdoba. Vitar compite en TC2000 y S\u00e1nchez en el Turismo Pista.<\/p>\n<p>Leandro Cimino viene de ganar con su &#8220;cazafantasmas&#8221; y trepar al segundo lugar del campeonato. Lucas Vicino tambi\u00e9n quiere aprovechar para crecer. Marcha tercero y deber\u00e1 dejar todo en la pista, porque el pr\u00f3ximo fin de semana estar\u00e1 ausente por sus compromisos con la F\u00f3rmula Renault 2.0 en Buenos Aires.<\/p>\n<p>Se puso lindo lindoo. Esta noche desde las 22 hs, nuevo show del Speedway El Santo.<\/p>\n","protected":false},"excerpt":{"rendered":"<p>Esta noche el Speedway El Santo ser\u00e1 imperdible, porque las ausencias de Jorge Vitar (puntero<\/p>\n","protected":false},"author":1,"featured_media":24730,"comment_status":"closed","ping_status":"closed","sticky":false,"template":"","format":"standard","meta":{"footnotes":""},"categories":[5],"tags":[],"class_list":["post-24728","post","type-post","status-publish","format-standard","has-post-thumbnail","hentry","category-speedway"],"featured_image_urls":{"full":["https:\/\/curva1.com.ar\/wp-content\/uploads\/2018\/03\/IMG_8728.jpg",960,540,false],"thumbnail":["https:\/\/curva1.com.ar\/wp-content\/uploads\/2018\/03\/IMG_8728-300x169.jpg",300,169,true],"medium":["https:\/\/curva1.com.ar\/wp-content\/uploads\/2018\/03\/IMG_8728-600x337.jpg",600,337,true],"medium_large":["https:\/\/curva1.com.ar\/wp-content\/uploads\/2018\/03\/IMG_8728-768x432.jpg",640,360,true],"large":["https:\/\/curva1.com.ar\/wp-content\/uploads\/2018\/03\/IMG_8728.jpg",640,360,false],"1536x1536":["https:\/\/curva1.com.ar\/wp-content\/uploads\/2018\/03\/IMG_8728.jpg",960,540,false],"2048x2048":["https:\/\/curva1.com.ar\/wp-content\/uploads\/2018\/03\/IMG_8728.jpg",960,540,false],"chromenews-featured":["https:\/\/curva1.com.ar\/wp-content\/uploads\/2018\/03\/IMG_8728.jpg",960,540,false],"chromenews-large":["https:\/\/curva1.com.ar\/wp-content\/uploads\/2018\/03\/IMG_8728.jpg",825,464,false],"chromenews-medium":["https:\/\/curva1.com.ar\/wp-content\/uploads\/2018\/03\/IMG_8728.jpg",590,332,false]},"author_info":{"display_name":"Jos\u00e9 Bravo","author_link":"https:\/\/curva1.com.ar\/?author=1"},"category_info":"<a href=\"https:\/\/curva1.com.ar\/?cat=5\" rel=\"category\">Speedway<\/a>","tag_info":"Speedway","comment_count":"0","_links":{"self":[{"href":"https:\/\/curva1.com.ar\/index.php?rest_route=\/wp\/v2\/posts\/24728","targetHints":{"allow":["GET"]}}],"collection":[{"href":"https:\/\/curva1.com.ar\/index.php?rest_route=\/wp\/v2\/posts"}],"about":[{"href":"https:\/\/curva1.com.ar\/index.php?rest_route=\/wp\/v2\/types\/post"}],"author":[{"embeddable":true,"href":"https:\/\/curva1.com.ar\/index.php?rest_route=\/wp\/v2\/users\/1"}],"replies":[{"embeddable":true,"href":"https:\/\/curva1.com.ar\/index.php?rest_route=%2Fwp%2Fv2%2Fcomments&post=24728"}],"version-history":[{"count":3,"href":"https:\/\/curva1.com.ar\/index.php?rest_route=\/wp\/v2\/posts\/24728\/revisions"}],"predecessor-version":[{"id":24733,"href":"https:\/\/curva1.com.ar\/index.php?rest_route=\/wp\/v2\/posts\/24728\/revisions\/24733"}],"wp:featuredmedia":[{"embeddable":true,"href":"https:\/\/curva1.com.ar\/index.php?rest_route=\/wp\/v2\/media\/24730"}],"wp:attachment":[{"href":"https:\/\/curva1.com.ar\/index.php?rest_route=%2Fwp%2Fv2%2Fmedia&parent=24728"}],"wp:term":[{"taxonomy":"category","embeddable":true,"href":"https:\/\/curva1.com.ar\/index.php?rest_route=%2Fwp%2Fv2%2Fcategories&post=24728"},{"taxonomy":"post_tag","embeddable":true,"href":"https:\/\/curva1.com.ar\/index.php?rest_route=%2Fwp%2Fv2%2Ftags&post=24728"}],"curies":[{"name":"wp","href":"https:\/\/api.w.org\/{rel}","templated":true}]}}