{"id":24750,"date":"2018-03-12T19:11:57","date_gmt":"2018-03-12T22:11:57","guid":{"rendered":"http:\/\/www.curva1.com.ar\/?p=24750"},"modified":"2018-03-13T19:13:02","modified_gmt":"2018-03-13T22:13:02","slug":"willy-sanchez-tendra-varios-meses-tras-fracturarse-el-brazo","status":"publish","type":"post","link":"https:\/\/curva1.com.ar\/?p=24750","title":{"rendered":"Willy S\u00e1nchez tendr\u00e1 varios meses, tras fracturarse el brazo"},"content":{"rendered":"<p><img loading=\"lazy\" decoding=\"async\" class=\"aligncenter size-full wp-image-24751\" src=\"http:\/\/www.curva1.com.ar\/wp-content\/uploads\/2018\/03\/29133625_161242357806886_4096035302886342656_n.jpg\" alt=\"\" width=\"768\" height=\"432\" srcset=\"https:\/\/curva1.com.ar\/wp-content\/uploads\/2018\/03\/29133625_161242357806886_4096035302886342656_n.jpg 768w, https:\/\/curva1.com.ar\/wp-content\/uploads\/2018\/03\/29133625_161242357806886_4096035302886342656_n-300x169.jpg 300w, https:\/\/curva1.com.ar\/wp-content\/uploads\/2018\/03\/29133625_161242357806886_4096035302886342656_n-600x337.jpg 600w\" sizes=\"auto, (max-width: 768px) 100vw, 768px\" \/><\/p>\n<p>El mendocino tuvo una destacada actuaci\u00f3n en la primera fecha de la Clase 2 del Turismo Pista, la cual no pudo completar por un golpe que le produjo una lesi\u00f3n importante en su brazo izquierdo. Ocurri\u00f3 cuando marchaba s\u00e9ptimo en pista y sufri\u00f3 un fuerte golpe por parte de Yair Etcheveste que lo hizo salirse de pista.<\/p>\n<p>Inmediatamente sali\u00f3 del Corsa con mucho dolor por lo que fue trasladado a una cl\u00ednica de Alta Gracia par<span class=\"text_exposed_show\">a realizarse estudios donde constataron una fractura.<\/span><\/p>\n<div class=\"text_exposed_show\">\n<p>Por esta raz\u00f3n fue enyesado y cuando llegue a Mendoza ser\u00e1 operado para luego continuar con la recuperaci\u00f3n.<\/p>\n<p><strong>&#8220;Primero quiero llevar tranquilidad a quienes est\u00e1n preocupados por m\u00ed en Mendoza. Estoy bien, fue un golpe fuerte y me tienen que operar apenas llegue a la provincia. Me vuelvo contento, en parte, por haber tenido este buen debut y muy tristes ya que la recuperaci\u00f3n llevar\u00e1 tiempo&#8221;<\/strong>, expres\u00f3 Willy quien se mostr\u00f3 de buen \u00e1nimo pese al incidente.<\/p>\n<p>De su parte queremos agradecer a todos los que se preocuparon y preguntaron por su estado de salud y a medida que vayan apareciendo novedades les iremos informando.<\/p>\n<p><img loading=\"lazy\" decoding=\"async\" class=\"aligncenter size-full wp-image-24752\" src=\"http:\/\/www.curva1.com.ar\/wp-content\/uploads\/2018\/03\/28951848_161071714490617_5037518960535273472_n.jpg\" alt=\"\" width=\"960\" height=\"644\" srcset=\"https:\/\/curva1.com.ar\/wp-content\/uploads\/2018\/03\/28951848_161071714490617_5037518960535273472_n.jpg 960w, https:\/\/curva1.com.ar\/wp-content\/uploads\/2018\/03\/28951848_161071714490617_5037518960535273472_n-502x337.jpg 502w, https:\/\/curva1.com.ar\/wp-content\/uploads\/2018\/03\/28951848_161071714490617_5037518960535273472_n-768x515.jpg 768w\" sizes=\"auto, (max-width: 960px) 100vw, 960px\" \/><\/p>\n<\/div>\n","protected":false},"excerpt":{"rendered":"<p>El mendocino tuvo una destacada actuaci\u00f3n en la primera fecha de la Clase 2 del<\/p>\n","protected":false},"author":1,"featured_media":24751,"comment_status":"closed","ping_status":"closed","sticky":false,"template":"","format":"standard","meta":{"footnotes":""},"categories":[1],"tags":[],"class_list":["post-24750","post","type-post","status-publish","format-standard","has-post-thumbnail","hentry","category-zonal-cuyano"],"featured_image_urls":{"full":["https:\/\/curva1.com.ar\/wp-content\/uploads\/2018\/03\/29133625_161242357806886_4096035302886342656_n.jpg",768,432,false],"thumbnail":["https:\/\/curva1.com.ar\/wp-content\/uploads\/2018\/03\/29133625_161242357806886_4096035302886342656_n-300x169.jpg",300,169,true],"medium":["https:\/\/curva1.com.ar\/wp-content\/uploads\/2018\/03\/29133625_161242357806886_4096035302886342656_n-600x337.jpg",600,337,true],"medium_large":["https:\/\/curva1.com.ar\/wp-content\/uploads\/2018\/03\/29133625_161242357806886_4096035302886342656_n-768x432.jpg",640,360,true],"large":["https:\/\/curva1.com.ar\/wp-content\/uploads\/2018\/03\/29133625_161242357806886_4096035302886342656_n.jpg",640,360,false],"1536x1536":["https:\/\/curva1.com.ar\/wp-content\/uploads\/2018\/03\/29133625_161242357806886_4096035302886342656_n.jpg",768,432,false],"2048x2048":["https:\/\/curva1.com.ar\/wp-content\/uploads\/2018\/03\/29133625_161242357806886_4096035302886342656_n.jpg",768,432,false],"chromenews-featured":["https:\/\/curva1.com.ar\/wp-content\/uploads\/2018\/03\/29133625_161242357806886_4096035302886342656_n.jpg",768,432,false],"chromenews-large":["https:\/\/curva1.com.ar\/wp-content\/uploads\/2018\/03\/29133625_161242357806886_4096035302886342656_n.jpg",768,432,false],"chromenews-medium":["https:\/\/curva1.com.ar\/wp-content\/uploads\/2018\/03\/29133625_161242357806886_4096035302886342656_n.jpg",590,332,false]},"author_info":{"display_name":"Jos\u00e9 Bravo","author_link":"https:\/\/curva1.com.ar\/?author=1"},"category_info":"<a href=\"https:\/\/curva1.com.ar\/?cat=1\" rel=\"category\">Zonal Cuyano<\/a>","tag_info":"Zonal Cuyano","comment_count":"0","_links":{"self":[{"href":"https:\/\/curva1.com.ar\/index.php?rest_route=\/wp\/v2\/posts\/24750","targetHints":{"allow":["GET"]}}],"collection":[{"href":"https:\/\/curva1.com.ar\/index.php?rest_route=\/wp\/v2\/posts"}],"about":[{"href":"https:\/\/curva1.com.ar\/index.php?rest_route=\/wp\/v2\/types\/post"}],"author":[{"embeddable":true,"href":"https:\/\/curva1.com.ar\/index.php?rest_route=\/wp\/v2\/users\/1"}],"replies":[{"embeddable":true,"href":"https:\/\/curva1.com.ar\/index.php?rest_route=%2Fwp%2Fv2%2Fcomments&post=24750"}],"version-history":[{"count":1,"href":"https:\/\/curva1.com.ar\/index.php?rest_route=\/wp\/v2\/posts\/24750\/revisions"}],"predecessor-version":[{"id":24768,"href":"https:\/\/curva1.com.ar\/index.php?rest_route=\/wp\/v2\/posts\/24750\/revisions\/24768"}],"wp:featuredmedia":[{"embeddable":true,"href":"https:\/\/curva1.com.ar\/index.php?rest_route=\/wp\/v2\/media\/24751"}],"wp:attachment":[{"href":"https:\/\/curva1.com.ar\/index.php?rest_route=%2Fwp%2Fv2%2Fmedia&parent=24750"}],"wp:term":[{"taxonomy":"category","embeddable":true,"href":"https:\/\/curva1.com.ar\/index.php?rest_route=%2Fwp%2Fv2%2Fcategories&post=24750"},{"taxonomy":"post_tag","embeddable":true,"href":"https:\/\/curva1.com.ar\/index.php?rest_route=%2Fwp%2Fv2%2Ftags&post=24750"}],"curies":[{"name":"wp","href":"https:\/\/api.w.org\/{rel}","templated":true}]}}