{"id":24760,"date":"2018-03-13T13:39:15","date_gmt":"2018-03-13T16:39:15","guid":{"rendered":"http:\/\/www.curva1.com.ar\/?p=24760"},"modified":"2018-03-13T13:39:15","modified_gmt":"2018-03-13T16:39:15","slug":"vicino-presento-su-diseno-para-la-formula-renault-2-0","status":"publish","type":"post","link":"https:\/\/curva1.com.ar\/?p=24760","title":{"rendered":"Vicino present\u00f3 su dise\u00f1o para la F\u00f3rmula Renault 2.0"},"content":{"rendered":"<p><img loading=\"lazy\" decoding=\"async\" class=\"aligncenter size-full wp-image-24761\" src=\"http:\/\/www.curva1.com.ar\/wp-content\/uploads\/2018\/03\/WhatsApp-Image-2018-03-12-at-19.27.51.jpeg\" alt=\"\" width=\"1280\" height=\"321\" srcset=\"https:\/\/curva1.com.ar\/wp-content\/uploads\/2018\/03\/WhatsApp-Image-2018-03-12-at-19.27.51.jpeg 1280w, https:\/\/curva1.com.ar\/wp-content\/uploads\/2018\/03\/WhatsApp-Image-2018-03-12-at-19.27.51-600x150.jpeg 600w, https:\/\/curva1.com.ar\/wp-content\/uploads\/2018\/03\/WhatsApp-Image-2018-03-12-at-19.27.51-768x193.jpeg 768w, https:\/\/curva1.com.ar\/wp-content\/uploads\/2018\/03\/WhatsApp-Image-2018-03-12-at-19.27.51-1024x257.jpeg 1024w\" sizes=\"auto, (max-width: 1280px) 100vw, 1280px\" \/><\/p>\n<p>El pr\u00f3ximo fin de semana comienza la temporada de la F\u00f3rmula Renault 2.0 y el mendocino Lucas Vicino se prepara para desembarcar por segundo a\u00f1o consecutivo en la &#8220;F\u00e1brica de Talentos&#8221; del automovilismo argentino.<\/p>\n<p>La cita ser\u00e1 en el Aut\u00f3dromo de Buenos Aires y Vicino ya tiene el dise\u00f1o de su monoposto, que ser\u00e1 atendido nuevamente por el LR Team, equipo con el que en 2017 consigui\u00f3 subir dos veces al podio.<\/p>\n","protected":false},"excerpt":{"rendered":"<p>El pr\u00f3ximo fin de semana comienza la temporada de la F\u00f3rmula Renault 2.0 y el<\/p>\n","protected":false},"author":1,"featured_media":24761,"comment_status":"closed","ping_status":"closed","sticky":false,"template":"","format":"standard","meta":{"footnotes":""},"categories":[6],"tags":[],"class_list":["post-24760","post","type-post","status-publish","format-standard","has-post-thumbnail","hentry","category-nacionales"],"featured_image_urls":{"full":["https:\/\/curva1.com.ar\/wp-content\/uploads\/2018\/03\/WhatsApp-Image-2018-03-12-at-19.27.51.jpeg",1280,321,false],"thumbnail":["https:\/\/curva1.com.ar\/wp-content\/uploads\/2018\/03\/WhatsApp-Image-2018-03-12-at-19.27.51-300x169.jpeg",300,169,true],"medium":["https:\/\/curva1.com.ar\/wp-content\/uploads\/2018\/03\/WhatsApp-Image-2018-03-12-at-19.27.51-600x150.jpeg",600,150,true],"medium_large":["https:\/\/curva1.com.ar\/wp-content\/uploads\/2018\/03\/WhatsApp-Image-2018-03-12-at-19.27.51-768x193.jpeg",640,161,true],"large":["https:\/\/curva1.com.ar\/wp-content\/uploads\/2018\/03\/WhatsApp-Image-2018-03-12-at-19.27.51-1024x257.jpeg",640,161,true],"1536x1536":["https:\/\/curva1.com.ar\/wp-content\/uploads\/2018\/03\/WhatsApp-Image-2018-03-12-at-19.27.51.jpeg",1280,321,false],"2048x2048":["https:\/\/curva1.com.ar\/wp-content\/uploads\/2018\/03\/WhatsApp-Image-2018-03-12-at-19.27.51.jpeg",1280,321,false],"chromenews-featured":["https:\/\/curva1.com.ar\/wp-content\/uploads\/2018\/03\/WhatsApp-Image-2018-03-12-at-19.27.51.jpeg",1024,257,false],"chromenews-large":["https:\/\/curva1.com.ar\/wp-content\/uploads\/2018\/03\/WhatsApp-Image-2018-03-12-at-19.27.51.jpeg",825,207,false],"chromenews-medium":["https:\/\/curva1.com.ar\/wp-content\/uploads\/2018\/03\/WhatsApp-Image-2018-03-12-at-19.27.51.jpeg",590,148,false]},"author_info":{"display_name":"Jos\u00e9 Bravo","author_link":"https:\/\/curva1.com.ar\/?author=1"},"category_info":"<a href=\"https:\/\/curva1.com.ar\/?cat=6\" rel=\"category\">Nacionales<\/a>","tag_info":"Nacionales","comment_count":"0","_links":{"self":[{"href":"https:\/\/curva1.com.ar\/index.php?rest_route=\/wp\/v2\/posts\/24760","targetHints":{"allow":["GET"]}}],"collection":[{"href":"https:\/\/curva1.com.ar\/index.php?rest_route=\/wp\/v2\/posts"}],"about":[{"href":"https:\/\/curva1.com.ar\/index.php?rest_route=\/wp\/v2\/types\/post"}],"author":[{"embeddable":true,"href":"https:\/\/curva1.com.ar\/index.php?rest_route=\/wp\/v2\/users\/1"}],"replies":[{"embeddable":true,"href":"https:\/\/curva1.com.ar\/index.php?rest_route=%2Fwp%2Fv2%2Fcomments&post=24760"}],"version-history":[{"count":1,"href":"https:\/\/curva1.com.ar\/index.php?rest_route=\/wp\/v2\/posts\/24760\/revisions"}],"predecessor-version":[{"id":24764,"href":"https:\/\/curva1.com.ar\/index.php?rest_route=\/wp\/v2\/posts\/24760\/revisions\/24764"}],"wp:featuredmedia":[{"embeddable":true,"href":"https:\/\/curva1.com.ar\/index.php?rest_route=\/wp\/v2\/media\/24761"}],"wp:attachment":[{"href":"https:\/\/curva1.com.ar\/index.php?rest_route=%2Fwp%2Fv2%2Fmedia&parent=24760"}],"wp:term":[{"taxonomy":"category","embeddable":true,"href":"https:\/\/curva1.com.ar\/index.php?rest_route=%2Fwp%2Fv2%2Fcategories&post=24760"},{"taxonomy":"post_tag","embeddable":true,"href":"https:\/\/curva1.com.ar\/index.php?rest_route=%2Fwp%2Fv2%2Ftags&post=24760"}],"curies":[{"name":"wp","href":"https:\/\/api.w.org\/{rel}","templated":true}]}}