{"id":24782,"date":"2018-03-14T18:10:04","date_gmt":"2018-03-14T21:10:04","guid":{"rendered":"http:\/\/www.curva1.com.ar\/?p=24782"},"modified":"2018-03-14T18:10:04","modified_gmt":"2018-03-14T21:10:04","slug":"super-tc2000-estaria-en-mendoza-a-fines-de-abril","status":"publish","type":"post","link":"https:\/\/curva1.com.ar\/?p=24782","title":{"rendered":"S\u00faper TC2000 estar\u00eda en Mendoza a fines de abril"},"content":{"rendered":"<p><img loading=\"lazy\" decoding=\"async\" class=\"aligncenter size-full wp-image-24783\" src=\"http:\/\/www.curva1.com.ar\/wp-content\/uploads\/2018\/03\/IMG_1731.jpg\" alt=\"\" width=\"960\" height=\"540\" srcset=\"https:\/\/curva1.com.ar\/wp-content\/uploads\/2018\/03\/IMG_1731.jpg 960w, https:\/\/curva1.com.ar\/wp-content\/uploads\/2018\/03\/IMG_1731-300x169.jpg 300w, https:\/\/curva1.com.ar\/wp-content\/uploads\/2018\/03\/IMG_1731-600x337.jpg 600w, https:\/\/curva1.com.ar\/wp-content\/uploads\/2018\/03\/IMG_1731-768x432.jpg 768w\" sizes=\"auto, (max-width: 960px) 100vw, 960px\" \/><\/p>\n<p>Si bien todav\u00eda ninguna de las partes interesadas ha confirmado la noticia, es posible que el S\u00faper TC2000 visite la provincia de Mendoza el fin de semana del 29 de abril.<\/p>\n<p>Ser\u00eda un nuevo a\u00f1o de la categor\u00eda m\u00e1s tecnol\u00f3gica del pa\u00eds en el Aut\u00f3dromo de San Mart\u00edn, realizando la Vuelta Joker y con la posibilidad de que Berni Llaver, Juli\u00e1n Santero y Lucas Vicino se muestren ante su gente.<\/p>\n<p><img loading=\"lazy\" decoding=\"async\" class=\"aligncenter size-full wp-image-24784\" src=\"http:\/\/www.curva1.com.ar\/wp-content\/uploads\/2018\/03\/IMG_2146.jpg\" alt=\"\" width=\"960\" height=\"540\" srcset=\"https:\/\/curva1.com.ar\/wp-content\/uploads\/2018\/03\/IMG_2146.jpg 960w, https:\/\/curva1.com.ar\/wp-content\/uploads\/2018\/03\/IMG_2146-300x169.jpg 300w, https:\/\/curva1.com.ar\/wp-content\/uploads\/2018\/03\/IMG_2146-600x337.jpg 600w, https:\/\/curva1.com.ar\/wp-content\/uploads\/2018\/03\/IMG_2146-768x432.jpg 768w\" sizes=\"auto, (max-width: 960px) 100vw, 960px\" \/><\/p>\n","protected":false},"excerpt":{"rendered":"<p>Si bien todav\u00eda ninguna de las partes interesadas ha confirmado la noticia, es posible que<\/p>\n","protected":false},"author":1,"featured_media":24783,"comment_status":"closed","ping_status":"closed","sticky":false,"template":"","format":"standard","meta":{"footnotes":""},"categories":[6],"tags":[],"class_list":["post-24782","post","type-post","status-publish","format-standard","has-post-thumbnail","hentry","category-nacionales"],"featured_image_urls":{"full":["https:\/\/curva1.com.ar\/wp-content\/uploads\/2018\/03\/IMG_1731.jpg",960,540,false],"thumbnail":["https:\/\/curva1.com.ar\/wp-content\/uploads\/2018\/03\/IMG_1731-300x169.jpg",300,169,true],"medium":["https:\/\/curva1.com.ar\/wp-content\/uploads\/2018\/03\/IMG_1731-600x337.jpg",600,337,true],"medium_large":["https:\/\/curva1.com.ar\/wp-content\/uploads\/2018\/03\/IMG_1731-768x432.jpg",640,360,true],"large":["https:\/\/curva1.com.ar\/wp-content\/uploads\/2018\/03\/IMG_1731.jpg",640,360,false],"1536x1536":["https:\/\/curva1.com.ar\/wp-content\/uploads\/2018\/03\/IMG_1731.jpg",960,540,false],"2048x2048":["https:\/\/curva1.com.ar\/wp-content\/uploads\/2018\/03\/IMG_1731.jpg",960,540,false],"chromenews-featured":["https:\/\/curva1.com.ar\/wp-content\/uploads\/2018\/03\/IMG_1731.jpg",960,540,false],"chromenews-large":["https:\/\/curva1.com.ar\/wp-content\/uploads\/2018\/03\/IMG_1731.jpg",825,464,false],"chromenews-medium":["https:\/\/curva1.com.ar\/wp-content\/uploads\/2018\/03\/IMG_1731.jpg",590,332,false]},"author_info":{"display_name":"Jos\u00e9 Bravo","author_link":"https:\/\/curva1.com.ar\/?author=1"},"category_info":"<a href=\"https:\/\/curva1.com.ar\/?cat=6\" rel=\"category\">Nacionales<\/a>","tag_info":"Nacionales","comment_count":"0","_links":{"self":[{"href":"https:\/\/curva1.com.ar\/index.php?rest_route=\/wp\/v2\/posts\/24782","targetHints":{"allow":["GET"]}}],"collection":[{"href":"https:\/\/curva1.com.ar\/index.php?rest_route=\/wp\/v2\/posts"}],"about":[{"href":"https:\/\/curva1.com.ar\/index.php?rest_route=\/wp\/v2\/types\/post"}],"author":[{"embeddable":true,"href":"https:\/\/curva1.com.ar\/index.php?rest_route=\/wp\/v2\/users\/1"}],"replies":[{"embeddable":true,"href":"https:\/\/curva1.com.ar\/index.php?rest_route=%2Fwp%2Fv2%2Fcomments&post=24782"}],"version-history":[{"count":1,"href":"https:\/\/curva1.com.ar\/index.php?rest_route=\/wp\/v2\/posts\/24782\/revisions"}],"predecessor-version":[{"id":24785,"href":"https:\/\/curva1.com.ar\/index.php?rest_route=\/wp\/v2\/posts\/24782\/revisions\/24785"}],"wp:featuredmedia":[{"embeddable":true,"href":"https:\/\/curva1.com.ar\/index.php?rest_route=\/wp\/v2\/media\/24783"}],"wp:attachment":[{"href":"https:\/\/curva1.com.ar\/index.php?rest_route=%2Fwp%2Fv2%2Fmedia&parent=24782"}],"wp:term":[{"taxonomy":"category","embeddable":true,"href":"https:\/\/curva1.com.ar\/index.php?rest_route=%2Fwp%2Fv2%2Fcategories&post=24782"},{"taxonomy":"post_tag","embeddable":true,"href":"https:\/\/curva1.com.ar\/index.php?rest_route=%2Fwp%2Fv2%2Ftags&post=24782"}],"curies":[{"name":"wp","href":"https:\/\/api.w.org\/{rel}","templated":true}]}}